{"id":241805,"date":"2025-07-11T06:09:10","date_gmt":"2025-07-11T06:09:10","guid":{"rendered":"https:\/\/www.europesays.com\/fr\/241805\/"},"modified":"2025-07-11T06:09:10","modified_gmt":"2025-07-11T06:09:10","slug":"lallemagne-envisage-lachat-de-15-f-35-supplementaires-selon-politico","status":"publish","type":"post","link":"https:\/\/www.europesays.com\/fr\/241805\/","title":{"rendered":"L&rsquo;Allemagne envisage l&rsquo;achat de 15 F-35 suppl\u00e9mentaires, selon Politico"},"content":{"rendered":"<p>L&rsquo;Allemagne pr\u00e9voit d&rsquo;acqu\u00e9rir 15 avions de chasse F-35 suppl\u00e9mentaires, rapporte Politico vendredi, citant plusieurs sources proches du dossier. Cette d\u00e9cision porterait la flotte pr\u00e9vue de l&rsquo;avion am\u00e9ricain \u00e0 50 unit\u00e9s.<\/p>\n<p>\nCette annonce intervient dans un contexte de tensions persistantes entre l&rsquo;Allemagne et la France concernant le projet commun de chasseur franco-allemand FCAS, alors qu&rsquo;un rapport publi\u00e9 plus t\u00f4t cette semaine indiquait que la France r\u00e9clame d\u00e9sormais 80% des retomb\u00e9es industrielles.<\/p>\n<p>\nLe minist\u00e8re allemand de la D\u00e9fense n&rsquo;a pas imm\u00e9diatement r\u00e9pondu \u00e0 une demande de commentaire de l&rsquo;agence Reuters.<\/p>\n<p>\nLe chancelier allemand Friedrich Merz a d\u00e9clar\u00e9 mercredi que des divergences subsistaient concernant la configuration du projet, lequel est min\u00e9 par des retards et des tensions autour du partage des t\u00e2ches et des droits de propri\u00e9t\u00e9 intellectuelle.<\/p>\n<p>\nSelon une source industrielle cit\u00e9e par Reuters, si la France maintient ses exigences, les diff\u00e9rends entre partenaires rendraient peu probable l&rsquo;entr\u00e9e du projet dans sa prochaine phase comme pr\u00e9vu d&rsquo;ici la fin de l&rsquo;ann\u00e9e.<\/p>\n","protected":false},"excerpt":{"rendered":"L&rsquo;Allemagne pr\u00e9voit d&rsquo;acqu\u00e9rir 15 avions de chasse F-35 suppl\u00e9mentaires, rapporte Politico vendredi, citant plusieurs sources proches du dossier.&hellip;\n","protected":false},"author":2,"featured_media":241806,"comment_status":"","ping_status":"","sticky":false,"template":"","format":"standard","meta":{"footnotes":""},"categories":[1587],"tags":[11,672,340,1804,1805,1803,1777,674,1801,12,1802],"class_list":{"0":"post-241805","1":"post","2":"type-post","3":"status-publish","4":"format-standard","5":"has-post-thumbnail","7":"category-allemagne","8":"tag-actualites","9":"tag-allemagne","10":"tag-bourse","11":"tag-bundesrepublik-deutschland","12":"tag-de","13":"tag-deutschland","14":"tag-eu","15":"tag-europe","16":"tag-germany","17":"tag-news","18":"tag-republique-federale-dallemagne"},"share_on_mastodon":{"url":"https:\/\/pubeurope.com\/@fr\/114833113908146395","error":""},"_links":{"self":[{"href":"https:\/\/www.europesays.com\/fr\/wp-json\/wp\/v2\/posts\/241805","targetHints":{"allow":["GET"]}}],"collection":[{"href":"https:\/\/www.europesays.com\/fr\/wp-json\/wp\/v2\/posts"}],"about":[{"href":"https:\/\/www.europesays.com\/fr\/wp-json\/wp\/v2\/types\/post"}],"author":[{"embeddable":true,"href":"https:\/\/www.europesays.com\/fr\/wp-json\/wp\/v2\/users\/2"}],"replies":[{"embeddable":true,"href":"https:\/\/www.europesays.com\/fr\/wp-json\/wp\/v2\/comments?post=241805"}],"version-history":[{"count":0,"href":"https:\/\/www.europesays.com\/fr\/wp-json\/wp\/v2\/posts\/241805\/revisions"}],"wp:featuredmedia":[{"embeddable":true,"href":"https:\/\/www.europesays.com\/fr\/wp-json\/wp\/v2\/media\/241806"}],"wp:attachment":[{"href":"https:\/\/www.europesays.com\/fr\/wp-json\/wp\/v2\/media?parent=241805"}],"wp:term":[{"taxonomy":"category","embeddable":true,"href":"https:\/\/www.europesays.com\/fr\/wp-json\/wp\/v2\/categories?post=241805"},{"taxonomy":"post_tag","embeddable":true,"href":"https:\/\/www.europesays.com\/fr\/wp-json\/wp\/v2\/tags?post=241805"}],"curies":[{"name":"wp","href":"https:\/\/api.w.org\/{rel}","templated":true}]}}