{"id":241807,"date":"2025-07-11T06:10:09","date_gmt":"2025-07-11T06:10:09","guid":{"rendered":"https:\/\/www.europesays.com\/fr\/241807\/"},"modified":"2025-07-11T06:10:09","modified_gmt":"2025-07-11T06:10:09","slug":"leurope-vue-en-baisse-les-droits-de-douane-au-centre-de-lattention","status":"publish","type":"post","link":"https:\/\/www.europesays.com\/fr\/241807\/","title":{"rendered":"L&rsquo;Europe vue en baisse, les droits de douane au centre de l&rsquo;attention"},"content":{"rendered":"<p>PARIS (Reuters) &#8211;     Les principales Bourses europ\u00e9ennes sont attendues en baisse vendredi, reprenant leur souffle apr\u00e8s les records d&rsquo;indices jeudi, alors que l&rsquo;incertitude demeure sur l&rsquo;ampleur et la cadence de l&rsquo;entr\u00e9e en vigueur des droits de douane am\u00e9ricains, apr\u00e8s les derni\u00e8res d\u00e9clarations du pr\u00e9sident Donald Trump.<\/p>\n<p>D&rsquo;apr\u00e8s les premi\u00e8res indications disponibles, le CAC 40 parisien pourrait perdre 0,03% \u00e0 l&rsquo;ouverture. <\/p>\n<p>Les contrats \u00e0 terme signalent une baisse de 0,26% pour le Dax \u00e0 Francfort, de 0,03% pour le FTSE \u00e0 Londres et de 0,16% pour le Stoxx 600. <\/p>\n<p>Les tensions commerciales concentrent toujours l&rsquo;attention en cette fin de semaine apr\u00e8s les derni\u00e8res d\u00e9clarations de Trump jeudi soir, le locataire de la Maison blanche ayant annonc\u00e9 que les Etats-Unis imposeraient des droits de douane de 35% sur les importations en provenance du Canada le mois prochain. <\/p>\n<p>Dans une lettre publi\u00e9e sur son r\u00e9seau social, il a d\u00e9clar\u00e9 au Premier ministre canadien Mark Carney que ce nouveau taux entrerait en vigueur le 1er ao\u00fbt et qu&rsquo;il augmenterait si le Canada prenait des mesures de r\u00e9torsion. Trump a aussi affirm\u00e9 que les Etats-Unis pr\u00e9voyaient d&rsquo;imposer des droits de douane g\u00e9n\u00e9raux de 15% ou 20% sur la plupart des autres partenaires commerciaux.<\/p>\n<p>En ce qui concerne l&rsquo;UE, le pr\u00e9sident am\u00e9ricain a affirm\u00e9 que les Vingt-sept recevraient \u00e9galement une lettre, ce que les investisseurs interpr\u00e8tent comme le signe d&rsquo;un mauvais d\u00e9roulement des n\u00e9gociations commerciales.<\/p>\n<p>Les march\u00e9s se pr\u00e9parent d\u00e9sormais au lancement, la semaine prochaine, de la p\u00e9riode de publication des r\u00e9sultats trimestriels des grandes entreprises am\u00e9ricaines, dont les principales banques, qui devraient donner des indications sur l&rsquo;impact de la politique douani\u00e8re adopt\u00e9e par les Etats-Unis depuis le 2 avril.<\/p>\n<p>LES VALEURS A SUIVRE : [L8N3T71AS]<\/p>\n<p>A WALL STREET <\/p>\n<p>La Bourse de New York a fini en hausse jeudi, avec de nouveaux pics pour le S&amp;P-500 et le Nasdaq, les investisseurs ayant fait fi des derniers avertissements du pr\u00e9sident am\u00e9ricain Donald Trump \u00e0 propos des droits de douane, tandis que les pr\u00e9visions solides de Delta ont nourri l&rsquo;optimisme.<\/p>\n<p>L&rsquo;indice Dow Jones a gagn\u00e9 0,43%, ou 192,34 points, \u00e0 44.650,64 points. <\/p>\n<p>Le S&amp;P-500, plus large, a pris 17,20 points, soit 0,27%, \u00e0 6.280,46 points.<\/p>\n<p>Le Nasdaq Composite a avanc\u00e9 de son c\u00f4t\u00e9 de 19,33 points (0,09%) \u00e0 20.630,67 points<\/p>\n<p>EN ASIE <\/p>\n<p>La Bourse de Tokyo avance de 0,05%, port\u00e9e par les valeurs technologiques .<\/p>\n<p>Les actions chinoises et hongkongaises ont atteint vendredi un record de plusieurs mois, tir\u00e9es par les gains enregistr\u00e9s dans les secteurs des terres rares et des technologies.<\/p>\n<p>En Chine, l&rsquo;indice composite de la Bourse de Shanghai progresse de 1,16% et le CSI 300 des grandes capitalisations avance de 1,25%. <\/p>\n<p>La Bourse de Hong Kong gagne 0,57%.<\/p>\n<p>TAUX <\/p>\n<p>Les rendements am\u00e9ricains sont plut\u00f4t stables vendredi.<\/p>\n<p>Le rendement des Treasuries \u00e0 dix ans avance de 1,2 point de base \u00e0 4,3577%. Le deux ans affiche 0,4 points de base \u00e0 3,8725%.<\/p>\n<p>CHANGES <\/p>\n<p>Le dollar est en petite hausse avec les derni\u00e8res nouvelles du front commercial. <\/p>\n<p>Le dollar gagne 0,19% face \u00e0 un panier de devises de r\u00e9f\u00e9rence.<\/p>\n<p>L&rsquo;euro perd 0,21% \u00e0 1,1676 dollar.<\/p>\n<p>P\u00c9TROLE <\/p>\n<p>Les prix du p\u00e9trole sont en petite hausse vendredi apr\u00e8s que Donald Trump a d\u00e9clar\u00e9 qu&rsquo;il ferait une annonce concernant la Russie, laissant entrevoir la possibilit\u00e9 de nouvelles sanctions contre ce grand producteur de p\u00e9trole, tandis que les inqui\u00e9tudes li\u00e9es aux droits de douane et la hausse de la production de l&rsquo;Opep+ ont limit\u00e9 la hausse.<\/p>\n<p>Le Brent avance de 0,12% \u00e0 68,72 dollars le baril et le brut l\u00e9ger am\u00e9ricain (West Texas Intermediate, WTI) prend 0,21% \u00e0 66,71 dollars.<\/p>\n<p>PRINCIPAUX INDICATEURS \u00c9CONOMIQUES \u00c0 L&rsquo;AGENDA DU VENDREDI 11 JUILLET : <\/p>\n<p>           PAYS    GMT    INDICATEUR                 P\u00c9RIODE     CONSENSUS     PR\u00c9C\u00c9DENT          <\/p>\n<p>           GB      06h00  Produit int\u00e9rieur brut     mai         0,1%          -0,3%          <\/p>\n<p>           FR      06h45  Inflation IPCH d\u00e9finitive  juin                                <\/p>\n<p>                          &#8211; sur un mois                          0,4%          0,4%          <\/p>\n<p>                          &#8211; sur un an                            0,8%          0,8%          <\/p>\n<p> (R\u00e9dig\u00e9 par Mara V\u00eelcu, \u00e9dit\u00e9 par Augustin Turpin)<\/p>\n","protected":false},"excerpt":{"rendered":"PARIS (Reuters) &#8211; Les principales Bourses europ\u00e9ennes sont attendues en baisse vendredi, reprenant leur souffle apr\u00e8s les records&hellip;\n","protected":false},"author":2,"featured_media":241808,"comment_status":"","ping_status":"","sticky":false,"template":"","format":"standard","meta":{"footnotes":""},"categories":[1586],"tags":[11,2125,1777,674,1011,27,2124,12,25],"class_list":{"0":"post-241807","1":"post","2":"type-post","3":"status-publish","4":"format-standard","5":"has-post-thumbnail","7":"category-europe","8":"tag-actualites","9":"tag-depeches-reuters","10":"tag-eu","11":"tag-europe","12":"tag-fr","13":"tag-france","14":"tag-infos-reuters","15":"tag-news","16":"tag-republique-francaise"},"share_on_mastodon":{"url":"https:\/\/pubeurope.com\/@fr\/114833118059011591","error":""},"_links":{"self":[{"href":"https:\/\/www.europesays.com\/fr\/wp-json\/wp\/v2\/posts\/241807","targetHints":{"allow":["GET"]}}],"collection":[{"href":"https:\/\/www.europesays.com\/fr\/wp-json\/wp\/v2\/posts"}],"about":[{"href":"https:\/\/www.europesays.com\/fr\/wp-json\/wp\/v2\/types\/post"}],"author":[{"embeddable":true,"href":"https:\/\/www.europesays.com\/fr\/wp-json\/wp\/v2\/users\/2"}],"replies":[{"embeddable":true,"href":"https:\/\/www.europesays.com\/fr\/wp-json\/wp\/v2\/comments?post=241807"}],"version-history":[{"count":0,"href":"https:\/\/www.europesays.com\/fr\/wp-json\/wp\/v2\/posts\/241807\/revisions"}],"wp:featuredmedia":[{"embeddable":true,"href":"https:\/\/www.europesays.com\/fr\/wp-json\/wp\/v2\/media\/241808"}],"wp:attachment":[{"href":"https:\/\/www.europesays.com\/fr\/wp-json\/wp\/v2\/media?parent=241807"}],"wp:term":[{"taxonomy":"category","embeddable":true,"href":"https:\/\/www.europesays.com\/fr\/wp-json\/wp\/v2\/categories?post=241807"},{"taxonomy":"post_tag","embeddable":true,"href":"https:\/\/www.europesays.com\/fr\/wp-json\/wp\/v2\/tags?post=241807"}],"curies":[{"name":"wp","href":"https:\/\/api.w.org\/{rel}","templated":true}]}}