{"id":241821,"date":"2025-07-11T06:18:11","date_gmt":"2025-07-11T06:18:11","guid":{"rendered":"https:\/\/www.europesays.com\/fr\/241821\/"},"modified":"2025-07-11T06:18:11","modified_gmt":"2025-07-11T06:18:11","slug":"wimbledon-cobolli-veut-maintenant-prendre-exemple-sur-djokovic-je-dois-vraiment-bien-faire-les-choses-en-dehors-du-terrain-pour-etre-ici-je-parle-de-lentrainement-dune-bonne-alimentation-et-d","status":"publish","type":"post","link":"https:\/\/www.europesays.com\/fr\/241821\/","title":{"rendered":"Wimbledon > Cobolli veut maintenant prendre exemple sur Djokovic : \u00ab\u00a0Je dois vraiment bien faire les choses en dehors du terrain pour \u00eatre ici, je parle de l&rsquo;entra\u00eenement, d&rsquo;une bonne alimentation et d&rsquo;un sommeil r\u00e9parateur\u00a0\u00bb"},"content":{"rendered":"<p>Flavio a pris conscience que sa prochaine progres\u00adsion passait par une vrai hygi\u00e8ne de vie et  que cela \u00e9tait la cl\u00e9 du succ\u00e8s. Ce n\u2019est pas Nole qui dira le contraire, lui qui a insuffl\u00e9 un vrai mouve\u00adment autour de la nutri\u00adtion, la notion de la dimen\u00adsion \u00e9motion\u00adnelle et l\u2019uti\u00adlit\u00e9 de vraies plages de\u00a0repos.<\/p>\n<p>\u00ab\u202f<strong>Je dois vrai\u00adment bien faire les choses en dehors du terrain pour \u00eatre ici, car je ne le faisais pas comme \u00e7a avant. Pour obtenir ce r\u00e9sultat, il faut le faire. Je parle de l\u2019en\u00adtra\u00ee\u00adne\u00adment, d\u2019une bonne alimen\u00adta\u00adtion et d\u2019un sommeil r\u00e9pa\u00adra\u00adteur. Ce sont les petits d\u00e9tails qui font la diff\u00e9rence\u202f\u00bb<\/strong><\/p>\n<p class=\"post-published-date\" style=\"color: silver; font-size: 75%; text-align: left;\">Publi\u00e9 le jeudi 10 juillet 2025 \u00e0 18:12<\/p>\n","protected":false},"excerpt":{"rendered":"Flavio a pris conscience que sa prochaine progres\u00adsion passait par une vrai hygi\u00e8ne de vie et que cela&hellip;\n","protected":false},"author":2,"featured_media":241822,"comment_status":"","ping_status":"","sticky":false,"template":"","format":"standard","meta":{"footnotes":""},"categories":[1415],"tags":[105,1011,27,60,1467],"class_list":{"0":"post-241821","1":"post","2":"type-post","3":"status-publish","4":"format-standard","5":"has-post-thumbnail","7":"category-tennis","8":"tag-djokovic","9":"tag-fr","10":"tag-france","11":"tag-sports","12":"tag-tennis"},"share_on_mastodon":{"url":"https:\/\/pubeurope.com\/@fr\/114833149270565482","error":""},"_links":{"self":[{"href":"https:\/\/www.europesays.com\/fr\/wp-json\/wp\/v2\/posts\/241821","targetHints":{"allow":["GET"]}}],"collection":[{"href":"https:\/\/www.europesays.com\/fr\/wp-json\/wp\/v2\/posts"}],"about":[{"href":"https:\/\/www.europesays.com\/fr\/wp-json\/wp\/v2\/types\/post"}],"author":[{"embeddable":true,"href":"https:\/\/www.europesays.com\/fr\/wp-json\/wp\/v2\/users\/2"}],"replies":[{"embeddable":true,"href":"https:\/\/www.europesays.com\/fr\/wp-json\/wp\/v2\/comments?post=241821"}],"version-history":[{"count":0,"href":"https:\/\/www.europesays.com\/fr\/wp-json\/wp\/v2\/posts\/241821\/revisions"}],"wp:featuredmedia":[{"embeddable":true,"href":"https:\/\/www.europesays.com\/fr\/wp-json\/wp\/v2\/media\/241822"}],"wp:attachment":[{"href":"https:\/\/www.europesays.com\/fr\/wp-json\/wp\/v2\/media?parent=241821"}],"wp:term":[{"taxonomy":"category","embeddable":true,"href":"https:\/\/www.europesays.com\/fr\/wp-json\/wp\/v2\/categories?post=241821"},{"taxonomy":"post_tag","embeddable":true,"href":"https:\/\/www.europesays.com\/fr\/wp-json\/wp\/v2\/tags?post=241821"}],"curies":[{"name":"wp","href":"https:\/\/api.w.org\/{rel}","templated":true}]}}