{"id":241823,"date":"2025-07-11T06:20:11","date_gmt":"2025-07-11T06:20:11","guid":{"rendered":"https:\/\/www.europesays.com\/fr\/241823\/"},"modified":"2025-07-11T06:20:11","modified_gmt":"2025-07-11T06:20:11","slug":"johann-zarco-avant-le-gp-dallemagne-une-premiere-medaille-en-sprint-pourquoi-pas-lequipe","status":"publish","type":"post","link":"https:\/\/www.europesays.com\/fr\/241823\/","title":{"rendered":"Johann Zarco avant le GP d&#039;Allemagne : \u00ab Une premi\u00e8re m\u00e9daille en sprint, pourquoi pas \u00bb &#8211; L&#039;\u00c9quipe"},"content":{"rendered":"<ol>\n<li><a href=\"https:\/\/news.google.com\/rss\/articles\/CBMixwFBVV95cUxPOVNNQV9LNEtVS3NoSUpIdDRZT1dlUnBaaWF3dkpHd24xcXlwVkpqMEl3c3p6U0hIbDZBY1IxTk5GYXNGRmV2akptWVpoZlNSNjZRZjNUcmQyMGc3Q0lEMTJaSUdaTFU5ZEo0WDdmTmVTMjBKbGdoLTRiTGpMclMwNlFZUDJpbTRpSWxyMkFSUUZsckZlQjZ6ejlfV2ExTTMxVHZGMzJ5SzNwdHdfblZhaUlCVEQxbmN2MTNNLVlVUmdUNEZFaVpr?oc=5\" target=\"_blank\" rel=\"nofollow noopener\">Johann Zarco avant le GP d&rsquo;Allemagne : \u00ab Une premi\u00e8re m\u00e9daille en sprint, pourquoi pas \u00bb<\/a>&nbsp;&nbsp;L&rsquo;\u00c9quipe<\/li>\n<li><a href=\"https:\/\/news.google.com\/rss\/articles\/CBMilAFBVV95cUxNckItY2FVazJvZjhlaGVzY2xhZURvbVplLWl5aTRBTGhDTmxNNlJXVnBkaEQxMmxRTjRSbjRfT1B2TU9XVEZQMmJ5TE5TanVaSFFETHlqUllMZ1RMOGJacm5uTWc0c0ZtODZ3ZFEzbVBCYUsyUERWXzl0bW1lQnpyQjdOc24yZHdaYUNJWFhNaXR0REJI?oc=5\" target=\"_blank\" rel=\"nofollow noopener\">Parlons MotoGP : Johann Zarco est confront\u00e9 \u00e0 un choix corn\u00e9lien<\/a>&nbsp;&nbsp;Paddock GP<\/li>\n<li><a href=\"https:\/\/news.google.com\/rss\/articles\/CBMioAFBVV95cUxOdDVYY2g3SXNaVHR5TUd1dVZUVmVEVTVEczZ2YmpIN2dod05sTmtXdVRFSW5HdC1aZWVoWmk3Z1VjYndoUThtRkZnRXU2aVdlcGhXVUlmdmJzTV9CbmNYUmEwUWVYMWcxd3NrZ3FmQWtkNURXLUFWRG44RFlWcDltNGcwVGRmNkx2QVZCeE9JZzZjaEIxS2xuNVVXUXpvY1Jn?oc=5\" target=\"_blank\" rel=\"nofollow noopener\">Ambitieux, Johann Zarco vise un premier podium en sprint au Sachsenring<\/a>&nbsp;&nbsp;Motorsport.com<\/li>\n<li><a href=\"https:\/\/news.google.com\/rss\/articles\/CBMipgFBVV95cUxQNjM4UmR1Y1ExeF9JeXplejhNSXpTbEhVSUY2Yjc3R3l6Y09YaTM4Nko2aWNlTGp0SkxKLWRLdjRnUTdMRVlzVUJwZThVQ1ZDTU5SaFh4cXVYRDFYRkQxLU5LdU5kM2tIeHljeHBiVnZzX2VYNkVBbm03dFhKeUFyMDNaUFZNM3RRWW5FUHpZT01rbTRfRGdzbVRpeW04dHpvbEpLcTVR?oc=5\" target=\"_blank\" rel=\"nofollow noopener\">Un Triomphe Historique Qui Propulse Honda au Sommet !<\/a>&nbsp;&nbsp;LesNews<\/li>\n<li><a href=\"https:\/\/news.google.com\/rss\/articles\/CBMijgFBVV95cUxPNFFSS3lubVl0RnRPekM4MUpQSHRnUGdheVROcEFObHFGV05kZVd1TURNVVBNSnd6ckFUNHBoZFhNVWV0bDhQVW9iNGxITmxaYkRVc3U4VGkzLVpKVG9VMzJ1RFFKR0xOQ3gyRFFzMTJETDd2eTZHUk5uMHFiY2VzUVF2VnJ6RGZiZVEzRURB?oc=5\" target=\"_blank\" rel=\"nofollow noopener\">Mir et Zarco sentent Honda pi\u00e9tiner depuis quelques courses<\/a>&nbsp;&nbsp;Motorsport.com<\/li>\n<\/ol>\n","protected":false},"excerpt":{"rendered":"Johann Zarco avant le GP d&rsquo;Allemagne : \u00ab Une premi\u00e8re m\u00e9daille en sprint, pourquoi pas \u00bb&nbsp;&nbsp;L&rsquo;\u00c9quipe Parlons MotoGP&hellip;\n","protected":false},"author":2,"featured_media":241824,"comment_status":"","ping_status":"","sticky":false,"template":"","format":"standard","meta":{"footnotes":""},"categories":[1413],"tags":[1011,27,1457,1456,60],"class_list":{"0":"post-241823","1":"post","2":"type-post","3":"status-publish","4":"format-standard","5":"has-post-thumbnail","7":"category-moto","8":"tag-fr","9":"tag-france","10":"tag-moto","11":"tag-motocycle","12":"tag-sports"},"share_on_mastodon":{"url":"https:\/\/pubeurope.com\/@fr\/114833157219958951","error":""},"_links":{"self":[{"href":"https:\/\/www.europesays.com\/fr\/wp-json\/wp\/v2\/posts\/241823","targetHints":{"allow":["GET"]}}],"collection":[{"href":"https:\/\/www.europesays.com\/fr\/wp-json\/wp\/v2\/posts"}],"about":[{"href":"https:\/\/www.europesays.com\/fr\/wp-json\/wp\/v2\/types\/post"}],"author":[{"embeddable":true,"href":"https:\/\/www.europesays.com\/fr\/wp-json\/wp\/v2\/users\/2"}],"replies":[{"embeddable":true,"href":"https:\/\/www.europesays.com\/fr\/wp-json\/wp\/v2\/comments?post=241823"}],"version-history":[{"count":0,"href":"https:\/\/www.europesays.com\/fr\/wp-json\/wp\/v2\/posts\/241823\/revisions"}],"wp:featuredmedia":[{"embeddable":true,"href":"https:\/\/www.europesays.com\/fr\/wp-json\/wp\/v2\/media\/241824"}],"wp:attachment":[{"href":"https:\/\/www.europesays.com\/fr\/wp-json\/wp\/v2\/media?parent=241823"}],"wp:term":[{"taxonomy":"category","embeddable":true,"href":"https:\/\/www.europesays.com\/fr\/wp-json\/wp\/v2\/categories?post=241823"},{"taxonomy":"post_tag","embeddable":true,"href":"https:\/\/www.europesays.com\/fr\/wp-json\/wp\/v2\/tags?post=241823"}],"curies":[{"name":"wp","href":"https:\/\/api.w.org\/{rel}","templated":true}]}}