{"id":241832,"date":"2025-07-11T06:26:09","date_gmt":"2025-07-11T06:26:09","guid":{"rendered":"https:\/\/www.europesays.com\/fr\/241832\/"},"modified":"2025-07-11T06:26:09","modified_gmt":"2025-07-11T06:26:09","slug":"la-metropole-de-clermont-ferrand-offre-des-premiers-chapitres-de-livres-aux-passagers-de-ses-bus-et-tramways","status":"publish","type":"post","link":"https:\/\/www.europesays.com\/fr\/241832\/","title":{"rendered":"La m\u00e9tropole de Clermont-Ferrand offre des premiers chapitres de livres aux passagers de ses bus et tramways"},"content":{"rendered":"<p class=\"paragraph text_align_left lp-f-body-02\">Scotch\u00e9s \u00e0 leur smartphone, les usagers des transports de Clermont-Ferrand (<a href=\"https:\/\/www.leparisien.fr\/puy-de-dome-63\/\" target=\"_blank\" rel=\"noreferrer noopener\">Puy-de-D\u00f4me<\/a>) et ses alentours ont \u00e9t\u00e9 particuli\u00e8rement cibl\u00e9s par un nouveau service de la collectivit\u00e9. En scannant des QR codes dispos\u00e9s dans les tramways et bus, les passagers peuvent, depuis le 30 juin dernier, d\u00e9couvrir des livres sur leur \u00e9cran via le dispositif \u00ab Premier chapitre \u00bb, qui, comme son nom l\u2019indique, permet de lire les premi\u00e8res pages d\u2019un ouvrage.<\/p>\n<p class=\"paragraph text_align_left lp-f-body-02\">\u00ab Et, si le livre pla\u00eet, ils peuvent le r\u00e9server directement via le service dans la biblioth\u00e8que la plus proche \u00bb, pr\u00e9cise C\u00e9line Teyssier, responsable des services innovants et de l\u2019\u00e9valuation des biblioth\u00e8ques de Clermont Auvergne M\u00e9tropole.<\/p>\n<p>Attirer un nouveau public<\/p>\n<p class=\"paragraph text_align_left lp-f-body-02\">S\u2019il est encore trop t\u00f4t pour \u00e9tablir un premier bilan, l\u2019outil pourrait r\u00e9pondre \u00e0 de nombreux besoins. \u00ab L\u2019id\u00e9e est de sortir la biblioth\u00e8que de ses murs, parce que les biblioth\u00e8ques, ce sont toujours des lieux qu\u2019on imagine assez fig\u00e9s, <a href=\"https:\/\/www.leparisien.fr\/seine-et-marne-77\/mais-pourquoi-lui-ces-mediatheques-de-seine-et-marne-valorisent-les-livres-interdits-par-donald-trump-11-06-2025-VJUC6W6A6ZBYRJNYZDBZWDI5R4.php\" target=\"_blank\" rel=\"noreferrer noopener\">alors que ce n\u2019est pas le cas<\/a> \u00bb, explique C\u00e9line Teyssier. \u00ab Donc on veut aussi proposer cette visibilit\u00e9-l\u00e0 sur l\u2019espace public. Ensuite, l\u2019objectif est bien entendu de promouvoir la lecture quel que soit le support. Pour nous il n\u2019y a pas de hi\u00e9rarchisation entre le livre physique et le num\u00e9rique. \u00bb<\/p>\n<p class=\"paragraph text_align_left lp-f-body-02\">La campagne d\u2019affichage \u00e0 proximit\u00e9 des transports est pr\u00e9vue tout l\u2019\u00e9t\u00e9 pour attirer ces nouveaux lecteurs clermontois. Avec un argument suppl\u00e9mentaire, pour C\u00e9line Teyssier : \u00ab Promouvoir l\u2019action des biblioth\u00e8ques dans les transports, c\u2019est aussi pouvoir montrer qu\u2019on peut aller dans les biblioth\u00e8ques en transport, puisque toutes nos biblioth\u00e8ques sont desservies par un moyen de transport quasi dans leur totalit\u00e9. \u00bb<\/p>\n<p class=\"paragraph text_align_left lp-f-body-02\">Parmi la s\u00e9lection de livres propos\u00e9e par les biblioth\u00e9caires, les lecteurs pourront notamment se plonger dans une liste d\u2019ouvrages d\u00e9di\u00e9s \u00e0 C\u00e9zanne, mais aussi une vingtaine de romans et essais ayant obtenu des prix litt\u00e9raires cette ann\u00e9e.<\/p>\n","protected":false},"excerpt":{"rendered":"Scotch\u00e9s \u00e0 leur smartphone, les usagers des transports de Clermont-Ferrand (Puy-de-D\u00f4me) et ses alentours ont \u00e9t\u00e9 particuli\u00e8rement cibl\u00e9s&hellip;\n","protected":false},"author":2,"featured_media":241833,"comment_status":"","ping_status":"","sticky":false,"template":"","format":"standard","meta":{"footnotes":""},"categories":[1357],"tags":[1379,872,459,58,59,1011,27,1380,6875],"class_list":{"0":"post-241832","1":"post","2":"type-post","3":"status-publish","4":"format-standard","5":"has-post-thumbnail","7":"category-livres","8":"tag-books","9":"tag-culture-et-loisirs","10":"tag-departements-horsidfo","11":"tag-divertissement","12":"tag-entertainment","13":"tag-fr","14":"tag-france","15":"tag-livres","16":"tag-puy-de-dome-63"},"share_on_mastodon":{"url":"https:\/\/pubeurope.com\/@fr\/114833181005274622","error":""},"_links":{"self":[{"href":"https:\/\/www.europesays.com\/fr\/wp-json\/wp\/v2\/posts\/241832","targetHints":{"allow":["GET"]}}],"collection":[{"href":"https:\/\/www.europesays.com\/fr\/wp-json\/wp\/v2\/posts"}],"about":[{"href":"https:\/\/www.europesays.com\/fr\/wp-json\/wp\/v2\/types\/post"}],"author":[{"embeddable":true,"href":"https:\/\/www.europesays.com\/fr\/wp-json\/wp\/v2\/users\/2"}],"replies":[{"embeddable":true,"href":"https:\/\/www.europesays.com\/fr\/wp-json\/wp\/v2\/comments?post=241832"}],"version-history":[{"count":0,"href":"https:\/\/www.europesays.com\/fr\/wp-json\/wp\/v2\/posts\/241832\/revisions"}],"wp:featuredmedia":[{"embeddable":true,"href":"https:\/\/www.europesays.com\/fr\/wp-json\/wp\/v2\/media\/241833"}],"wp:attachment":[{"href":"https:\/\/www.europesays.com\/fr\/wp-json\/wp\/v2\/media?parent=241832"}],"wp:term":[{"taxonomy":"category","embeddable":true,"href":"https:\/\/www.europesays.com\/fr\/wp-json\/wp\/v2\/categories?post=241832"},{"taxonomy":"post_tag","embeddable":true,"href":"https:\/\/www.europesays.com\/fr\/wp-json\/wp\/v2\/tags?post=241832"}],"curies":[{"name":"wp","href":"https:\/\/api.w.org\/{rel}","templated":true}]}}