{"id":241843,"date":"2025-07-11T06:32:10","date_gmt":"2025-07-11T06:32:10","guid":{"rendered":"https:\/\/www.europesays.com\/fr\/241843\/"},"modified":"2025-07-11T06:32:10","modified_gmt":"2025-07-11T06:32:10","slug":"le-sort-de-topa-la-vachette-emeut-les-telespectateurs","status":"publish","type":"post","link":"https:\/\/www.europesays.com\/fr\/241843\/","title":{"rendered":"le sort de Topa la vachette \u00e9meut les t\u00e9l\u00e9spectateurs"},"content":{"rendered":"<p>        <img decoding=\"async\" loading=\"lazy\" src=\"https:\/\/www.europesays.com\/fr\/wp-content\/uploads\/2025\/07\/aa9bb9c_upload-1-jmf8ewybbm0m-topa.jpg\"  width=\"728\" height=\"409\" alt=\"Topa, la vachette est la mascotte d\u2019\u00ab\u00a0Intervilles\u00a0\u00bb sur France 2.\"\/>  <\/p>\n<p>Instagram Intervilles<\/p>\n<p>Topa, la vachette est la mascotte d\u2019\u00ab\u00a0Intervilles\u00a0\u00bb sur France 2.<\/p>\n<p class=\"asset asset-text\">DIVERTISSEMENT &#8211; \u00ab\u00a0La Topa de Gap a souffert un petit peu\u00a0!\u00a0\u00bb, a reconnu le pr\u00e9sentateur <a href=\"https:\/\/www.huffingtonpost.fr\/divertissement\/article\/bruno-guillon-remplace-olivier-minne-dans-tout-le-monde-a-son-mot-a-dire-sur-france-2_250852.html\" rel=\"nofollow noopener\" target=\"_blank\">Bruno Guillon<\/a>. Lors de la deuxi\u00e8me soir\u00e9e de l\u2019\u00e9mission<a href=\"https:\/\/www.huffingtonpost.fr\/divertissement\/article\/intervilles-n-a-pas-eu-besoin-de-ses-vachettes-pour-faire-un-carton-sur-france-2_252217.html\" rel=\"nofollow noopener\" target=\"_blank\"> Intervilles<\/a>, diffus\u00e9e sur France 2\u00a0ce jeudi 10\u00a0juillet, Gap (Hautes-Alpes) affrontait Bourgoin-Jallieu (Is\u00e8re) dans des \u00e9preuves aussi loufoques les unes que les autres. Malmen\u00e9e pendant les jeux, la sort de la <a href=\"https:\/\/www.huffingtonpost.fr\/divertissement\/article\/intervilles-sur-france-2-ce-n-est-pas-l-absence-de-vachettes-qui-a-le-plus-fait-reagir-les-telespectateurs_252207.html\" rel=\"nofollow noopener\" target=\"_blank\">mascotte vachette \u00ab\u00a0Topa\u00a0\u00bb<\/a>, con\u00e7ue par le dessinateur Zep, p\u00e8re du h\u00e9ros de BD Titeuf, a inqui\u00e9t\u00e9 les t\u00e9l\u00e9spectateurs.<\/p>\n<p class=\"asset asset-text\">L\u2019incident s\u2019est d\u00e9roul\u00e9 lors de l\u2019\u00e9preuve intitul\u00e9e \u00ab\u00a0la revanche des martiens\u00a0\u00bb, o\u00f9 des fameux \u00ab\u00a0martiens\u00a0\u00bb tentent de d\u00e9stabiliser leurs adversaires \u00e0 l\u2019aide de bulles en plastique suspendues par des cordes.<\/p>\n<p class=\"asset asset-text\">Le jeu est devenu moins amusant lorsque l\u2019une des mascottes s\u2019est emm\u00eal\u00e9e dans les cordages, qui ont fini par lui entourer le cou. La vachette a fait alors des gestes d\u00e9sesp\u00e9r\u00e9s pour se faire lib\u00e9rer. Les candidats sont vite partis \u00e0 sa rescousse et la personne sous le costume a pu soulever le d\u00e9guisement pour respirer normalement. Plus de peur que de mal, le com\u00e9dien sous Topa va bien.<\/p>\n<p>    Un grand succ\u00e8s malgr\u00e9 les critiques    <\/p>\n<p class=\"asset asset-text\">Les t\u00e9l\u00e9spectateurs ont cependant eu une belle frayeur face \u00e0 cette sc\u00e8ne. \u00ab\u00a0Aucune vachette n\u2019a \u00e9t\u00e9 maltrait\u00e9e par contre un humain d\u00e9guis\u00e9 en vachette a bien failli mourir \u00e9trangl\u00e9\u00a0\u00bb, s\u2019est indign\u00e9 un internaute sur (ex-Twitter). \u00ab\u00a0Elle a failli \u00eatre d\u00e9capit\u00e9e\u00a0!\u00a0\u00bb, \u00e9crit un autre, sur le m\u00eame r\u00e9seau social.<\/p>\n<p class=\"asset asset-text\">\u00ab\u00a0Mais qui a eu cette id\u00e9e de mettre des cordes dans ce jeu\u00a0? En plus d\u2019\u00eatre nul, c\u2019est super dangereux\u00a0\u00bb, s\u2019interroge un t\u00e9l\u00e9spectateur. \u00ab\u00a0La personne dans la vachette j\u2019esp\u00e8re qu\u2019elle gagne au moins 10\u00a0K parce qu\u2019elle prend cher\u00a0!\u00a0\u00bb, commente un autre.<\/p>\n<p class=\"asset asset-text\">Une utilisatrice du r\u00e9seau social d\u2019Elon Musk s\u2019enquiert m\u00eame de tous les \u00ab\u00a0traumatismes\u00a0\u00bb subis par la mascotte ce jeudi soir\u00a0: \u00ab\u00a0\u00c9trangl\u00e9e en direct, pi\u00e9tin\u00e9e par des cochons gonflables, balanc\u00e9e de traviole dans tous les sens, si on ne savait pas qu\u2019on parlait de Topa la vachette de Gap, on se poserait des questions. On s\u2019en pose quand m\u00eame.\u00a0\u00bb<\/p>\n<p class=\"asset asset-text\">De quoi relancer chez les nostalgiques du jeu d\u2019antan la pol\u00e9mique sur le remplacement des vachettes par une mascotte. Ce <a href=\"https:\/\/www.huffingtonpost.fr\/divertissement\/article\/intervilles-revient-sur-france-televisions-sans-vachettes-confirme-nagui-mais_242313.html\" rel=\"nofollow noopener\" target=\"_blank\">choix du pr\u00e9sentateur Nagui en vertu de la protection animale<\/a> avait provoqu\u00e9 la col\u00e8re des habitu\u00e9s de l\u2019\u00e9mission. Ainsi que l\u2019ire de certaines villes du Sud Ouest, comme Dax et Mont-de-Marsan, qui ont d\u2019ailleurs refus\u00e9 de participer \u00e0 l\u2019\u00e9mission.<\/p>\n<p class=\"asset asset-text\">En d\u00e9pit des critiques, le retour d\u2019Intervilles\u00a0a attir\u00e9 plus de 3,3\u00a0millions de t\u00e9l\u00e9spectateurs sur France 2, lors du premier \u00e9pisode jeudi 3\u00a0juillet, en t\u00eate des audiences \u00e0 cet horaire-l\u00e0, selon les chiffres de M\u00e9diam\u00e9trie. Topa la cascadeuse a finalement plut\u00f4t la cote.<\/p>\n","protected":false},"excerpt":{"rendered":"Instagram Intervilles Topa, la vachette est la mascotte d\u2019\u00ab\u00a0Intervilles\u00a0\u00bb sur France 2. DIVERTISSEMENT &#8211; \u00ab\u00a0La Topa de Gap&hellip;\n","protected":false},"author":2,"featured_media":241844,"comment_status":"","ping_status":"","sticky":false,"template":"","format":"standard","meta":{"footnotes":""},"categories":[8],"tags":[58,59,1011,27,594,28148,252],"class_list":{"0":"post-241843","1":"post","2":"type-post","3":"status-publish","4":"format-standard","5":"has-post-thumbnail","7":"category-divertissement","8":"tag-divertissement","9":"tag-entertainment","10":"tag-fr","11":"tag-france","12":"tag-france-2","13":"tag-intervilles","14":"tag-television"},"share_on_mastodon":{"url":"https:\/\/pubeurope.com\/@fr\/114833204414864421","error":""},"_links":{"self":[{"href":"https:\/\/www.europesays.com\/fr\/wp-json\/wp\/v2\/posts\/241843","targetHints":{"allow":["GET"]}}],"collection":[{"href":"https:\/\/www.europesays.com\/fr\/wp-json\/wp\/v2\/posts"}],"about":[{"href":"https:\/\/www.europesays.com\/fr\/wp-json\/wp\/v2\/types\/post"}],"author":[{"embeddable":true,"href":"https:\/\/www.europesays.com\/fr\/wp-json\/wp\/v2\/users\/2"}],"replies":[{"embeddable":true,"href":"https:\/\/www.europesays.com\/fr\/wp-json\/wp\/v2\/comments?post=241843"}],"version-history":[{"count":0,"href":"https:\/\/www.europesays.com\/fr\/wp-json\/wp\/v2\/posts\/241843\/revisions"}],"wp:featuredmedia":[{"embeddable":true,"href":"https:\/\/www.europesays.com\/fr\/wp-json\/wp\/v2\/media\/241844"}],"wp:attachment":[{"href":"https:\/\/www.europesays.com\/fr\/wp-json\/wp\/v2\/media?parent=241843"}],"wp:term":[{"taxonomy":"category","embeddable":true,"href":"https:\/\/www.europesays.com\/fr\/wp-json\/wp\/v2\/categories?post=241843"},{"taxonomy":"post_tag","embeddable":true,"href":"https:\/\/www.europesays.com\/fr\/wp-json\/wp\/v2\/tags?post=241843"}],"curies":[{"name":"wp","href":"https:\/\/api.w.org\/{rel}","templated":true}]}}