{"id":241845,"date":"2025-07-11T06:33:09","date_gmt":"2025-07-11T06:33:09","guid":{"rendered":"https:\/\/www.europesays.com\/fr\/241845\/"},"modified":"2025-07-11T06:33:09","modified_gmt":"2025-07-11T06:33:09","slug":"je-fais-confiance-a-mes-salaries-teletravail-a-100-semaine-de-4-jours-prime-dinteressement-la-recette-du-succes-pour-cette-pme-toulousaine","status":"publish","type":"post","link":"https:\/\/www.europesays.com\/fr\/241845\/","title":{"rendered":"\u00ab\u00a0Je fais confiance \u00e0 mes salari\u00e9s\u00a0\u00bb\u00a0: t\u00e9l\u00e9travail \u00e0 100\u00a0%, semaine de 4 jours, prime d\u2019int\u00e9ressement\u2026 la recette du succ\u00e8s pour cette PME toulousaine"},"content":{"rendered":"<p>\n                                                                    l&rsquo;essentiel<br \/>\n                                                                Alors que les grandes entreprises font marche arri\u00e8re sur le t\u00e9l\u00e9travail, l\u2019agence \u00e9v\u00e9nementielle toulousaine Twomorrow et son fondateur ont pris une tout autre direction.\n                            <\/p>\n<p>Dans cette petite entreprise toulousaine de trois salari\u00e9s, rien ne se passe comme ailleurs. Chez \u00ab\u00a0Twomorrow\u00a0\u00bb, agence qui organise des \u00e9v\u00e9nements pour les entreprises, c\u2019est 100\u00a0% de t\u00e9l\u00e9travail. Apr\u00e8s 20 ans comme chef de projet dans ce secteur, Charles Gougeon a voulu changer de braquets en cr\u00e9ant sa propre entreprise. \u00ab\u00a0Dans ma pr\u00e9c\u00e9dente carri\u00e8re je pouvais travailler \u00e9norm\u00e9ment dans un secteur o\u00f9 les r\u00e9cup\u00e9rations et les heures suppl\u00e9mentaires ne sont pas la r\u00e8gle\u2026 Je voulais en finir avec ce mod\u00e8le\u00a0\u00bb.<\/p>\n<p class=\"std-elt__inline\">\n        <strong>\u00c0 lire aussi :<\/strong><br \/>\n        <a href=\"https:\/\/www.ladepeche.fr\/2025\/07\/11\/teletravail-stellantis-michelin-free-ces-entreprises-qui-font-marche-arriere-12818834.php\" rel=\"nofollow noopener\" target=\"_blank\">T\u00e9l\u00e9travail\u00a0: Stellantis, Michelin, Free\u2026 ces entreprises qui font marche arri\u00e8re<\/a>\n    <\/p>\n<p>Alors en janvier\u00a02023 quand le Toulousain lance sa propre agence, il veut r\u00e9volutionner la fa\u00e7on de faire\u00a0: \u00ab\u00a0Le montant des salaires est dans la tranche haute du secteur. De plus c\u2019est 100\u00a0% de t\u00e9l\u00e9travail avec \u00e9galement la mise en place de la semaine de quatre jours, r\u00e9sume-t-il. Je n\u2019ai pas vu grandir mes enfants quand j\u2019\u00e9tais salari\u00e9 et je ne veux pas que mes collaborateurs vivent la m\u00eame chose\u00a0\u00bb. D\u2019ailleurs, Hugues un des trois salari\u00e9s de la PME b\u00e9n\u00e9ficie de trois mois de cong\u00e9 paternit\u00e9.<\/p>\n<p>Microsoft Teams est devenu notre open space<\/p>\n<p>Avec cette organisation, Twomorrow n\u2019a donc pas besoin de locaux et chouchoute ses salari\u00e9s\u00a0: ordinateurs Mac \u00e0 triple \u00e9crans, prise en charge de l\u2019\u00e9lectricit\u00e9 et des abonnements internet et t\u00e9l\u00e9phone. R\u00e9sultat\u00a0: une experte de l\u2019\u00e9v\u00e9nementiel qui vit en Corse travaille d\u00e9sormais pour l\u2019agence toulousaine. \u00ab\u00a0Bien qu\u2019\u00e0 distance nous sommes toujours ensemble. Teams* est devenu notre open space, nous utilisons <a href=\"https:\/\/slack.com\/marketplace\/collection\/google-workspace-for-slack?geocode=fr-fr\" target=\"_blank\" rel=\"nofollow noopener\">Slack<\/a> pour discuter tout au long de la journ\u00e9e plut\u00f4t que de s\u2019envoyer des mails et nous nous voyons physiquement tous les deux mois\u00a0\u00bb\u00a0d\u00e9crit le jeune patron.<\/p>\n<p>Une formation pour apprendre \u00e0 t\u00e9l\u00e9travailler<\/p>\n<p>Conscient que cette nouvelle fa\u00e7on de travailler pouvait d\u00e9router, Charles Gougeon s\u2019est fait \u00e9pauler par Ana\u00efs Matonnier, une coach sp\u00e9cialiste du t\u00e9l\u00e9travail. Elle a cr\u00e9\u00e9 cinq ateliers sur mesure pour que les trois salari\u00e9s de l\u2019agence prennent de nouvelles habitudes de travail, s\u2019exercent sur des cas pratiques\u00a0\u00bb. Quant \u00e0 l\u2019assiduit\u00e9 et \u00e0 l\u2019engagement au travail, le Toulousain est persuad\u00e9 d\u2019une chose\u00a0: \u00ab\u00a0Celui qui glande au bureau, glandera en t\u00e9l\u00e9travail. J\u2019ai toujours \u00e9t\u00e9 contre le pr\u00e9sent\u00e9isme et je ne contr\u00f4le pas le temps de travail de mes salari\u00e9s. Je leur fais confiance\u00a0\u00bb\u00a0assure-t-il.<\/p>\n<p>\u00ab\u00a0Cette organisation est possible car nous sommes une PME\u00a0\u00bb<\/p>\n<p>Visiblement, le mod\u00e8le appelle le succ\u00e8s puisque la PME a g\u00e9n\u00e9r\u00e9 500\u00a0000\u00a0\u20ac d\u2019activit\u00e9 l\u2019ann\u00e9e de sa cr\u00e9ation, 900\u00a0000\u00a0\u20ac en 2024 et vise \u00e0 d\u00e9passer les 1,5 M\u20ac en 2025. Comme les r\u00e9sultats sont au rendez-vous et que Twomorrow n\u2019a pas de charge immobili\u00e8re, une prime d\u2019int\u00e9ressement repr\u00e9sentant plusieurs mois de salaires est vers\u00e9e aux trois collaborateurs.<\/p>\n<p class=\"std-elt__inline\">\n        <strong>\u00c0 lire aussi :<\/strong><br \/>\n        <a href=\"https:\/\/www.ladepeche.fr\/2025\/07\/11\/teletravail-pouvez-vous-lexiger-conditions-limites-droits-ce-que-prevoit-la-loi-en-france-12815538.php\" rel=\"nofollow noopener\" target=\"_blank\">T\u00e9l\u00e9travail : pouvez-vous l&rsquo;exiger\u00a0? Conditions, limites, droits\u2026 Ce que pr\u00e9voit la loi en France<\/a>\n    <\/p>\n<p>\u00ab\u00a0Je suis conscient que notre mod\u00e8le fonctionne car nous sommes une petite entreprise avec des salari\u00e9s exp\u00e9riment\u00e9s. Le jour o\u00f9 nous recruterons un junior, nous devrons nous organiser diff\u00e9remment pour transmettre le savoir-faire, glisse-t-il. Nous prendrons alors des bureaux mais peut-\u00eatre dans un coworking longue dur\u00e9e.\u00a0\u00bb<\/p>\n<p>Teams\u00a0: logiciel de visioconf\u00e9rence<\/p>\n","protected":false},"excerpt":{"rendered":"l&rsquo;essentiel Alors que les grandes entreprises font marche arri\u00e8re sur le t\u00e9l\u00e9travail, l\u2019agence \u00e9v\u00e9nementielle toulousaine Twomorrow et son&hellip;\n","protected":false},"author":2,"featured_media":241846,"comment_status":"","ping_status":"","sticky":false,"template":"","format":"standard","meta":{"footnotes":""},"categories":[7],"tags":[1011,27,43,40,41,39,42,44],"class_list":{"0":"post-241845","1":"post","2":"type-post","3":"status-publish","4":"format-standard","5":"has-post-thumbnail","7":"category-sciences-et-technologies","8":"tag-fr","9":"tag-france","10":"tag-science","11":"tag-science-and-technology","12":"tag-sciences","13":"tag-sciences-et-technologies","14":"tag-technologies","15":"tag-technology"},"share_on_mastodon":{"url":"https:\/\/pubeurope.com\/@fr\/114833208352719600","error":""},"_links":{"self":[{"href":"https:\/\/www.europesays.com\/fr\/wp-json\/wp\/v2\/posts\/241845","targetHints":{"allow":["GET"]}}],"collection":[{"href":"https:\/\/www.europesays.com\/fr\/wp-json\/wp\/v2\/posts"}],"about":[{"href":"https:\/\/www.europesays.com\/fr\/wp-json\/wp\/v2\/types\/post"}],"author":[{"embeddable":true,"href":"https:\/\/www.europesays.com\/fr\/wp-json\/wp\/v2\/users\/2"}],"replies":[{"embeddable":true,"href":"https:\/\/www.europesays.com\/fr\/wp-json\/wp\/v2\/comments?post=241845"}],"version-history":[{"count":0,"href":"https:\/\/www.europesays.com\/fr\/wp-json\/wp\/v2\/posts\/241845\/revisions"}],"wp:featuredmedia":[{"embeddable":true,"href":"https:\/\/www.europesays.com\/fr\/wp-json\/wp\/v2\/media\/241846"}],"wp:attachment":[{"href":"https:\/\/www.europesays.com\/fr\/wp-json\/wp\/v2\/media?parent=241845"}],"wp:term":[{"taxonomy":"category","embeddable":true,"href":"https:\/\/www.europesays.com\/fr\/wp-json\/wp\/v2\/categories?post=241845"},{"taxonomy":"post_tag","embeddable":true,"href":"https:\/\/www.europesays.com\/fr\/wp-json\/wp\/v2\/tags?post=241845"}],"curies":[{"name":"wp","href":"https:\/\/api.w.org\/{rel}","templated":true}]}}