{"id":241849,"date":"2025-07-11T06:35:10","date_gmt":"2025-07-11T06:35:10","guid":{"rendered":"https:\/\/www.europesays.com\/fr\/241849\/"},"modified":"2025-07-11T06:35:10","modified_gmt":"2025-07-11T06:35:10","slug":"les-danois-devront-desormais-travailler-jusqua-70-ans","status":"publish","type":"post","link":"https:\/\/www.europesays.com\/fr\/241849\/","title":{"rendered":"Les Danois devront d\u00e9sormais travailler jusqu\u2019\u00e0 70 ans"},"content":{"rendered":"<p>Au <a href=\"https:\/\/www.20minutes.fr\/dossier\/danemark\" class=\"color-ultramarine c-link\" target=\"_blank\" rel=\"noopener\">Danemark<\/a>, l\u2019\u00e2ge de d\u00e9part \u00e0 la <a href=\"https:\/\/www.20minutes.fr\/dossier\/retraite\" class=\"color-ultramarine c-link\" target=\"_blank\" rel=\"noopener\">retraite <\/a>recule tous les cinq ans. Fin mai, il a \u00e9t\u00e9 fix\u00e9 \u00e0 70 ans pour les actifs n\u00e9s apr\u00e8s le 31\u00a0d\u00e9cembre 1970, soit les personnes qui auront 69 ans en\u00a02040 et apr\u00e8s. Index\u00e9 depuis\u00a02006 sur l\u2019esp\u00e9rance de vie, l\u2019\u00e2ge de d\u00e9part semble inexorablement reculer alors que le Danemark est confront\u00e9, comme de nombreux pays occidentaux, au <a href=\"https:\/\/www.20minutes.fr\/dossier\/vieillissement\" class=\"color-ultramarine c-link\" target=\"_blank\" rel=\"noopener\">vieillissement <\/a>de sa population. Une situation qui complique le financement des retraites.<\/p>\n<p>Le syst\u00e8me danois est un cocktail. La pension de base universelle publique est actuellement de 7.198 couronnes, soit 968 euros en\u00a02025, et l\u2019\u00e2ge du premier versement d\u00e9pend de l\u2019esp\u00e9rance de vie. S\u2019ajoutent des r\u00e9gimes compl\u00e9mentaires par capitalisation dont l\u2019un est obligatoire et les autres facultatifs.<\/p>\n<\/p>\n<p>L\u2019\u00e2ge r\u00e9el de d\u00e9part autour de 64 ans<\/p>\n<p>Peu de gens travaillent r\u00e9ellement jusqu\u2019\u00e0 l\u2019\u00e2ge l\u00e9gal de retraite au Danemark. L\u2019\u00e2ge effectif de d\u00e9part \u00e9tait autour de 64 ans en\u00a02022, pour un \u00e2ge l\u00e9gal de 67 ans, selon l\u2019<a href=\"https:\/\/www.20minutes.fr\/economie\/ocde\/\" class=\"color-ultramarine c-link\" target=\"_blank\" rel=\"noopener\">OCDE<\/a>. \u00ab\u00a0On observe qu\u2019environ 80\u00a0% des personnes qui prennent leur retraite auraient pu travailler plus longtemps, mais les 20\u00a0% restants prennent leur retraite soit parce qu\u2019elles ne peuvent pas trouver un emploi, soit parce qu\u2019elles sont malades\u00a0\u00bb, souligne l\u2019ethnologue Aske Juul Lassen, ma\u00eetre de conf\u00e9rences \u00e0 l\u2019universit\u00e9 de <a href=\"https:\/\/www.20minutes.fr\/dossier\/copenhague\" class=\"color-ultramarine c-link\" target=\"_blank\" rel=\"noopener\">Copenhague<\/a>.<\/p>\n<p>\u00ab\u00a0Pour ces 20\u00a0%, il y a une grande diff\u00e9rence si l\u2019\u00e2ge de la retraite augmente \u00e0 nouveau\u00a0\u00bb, note ce sp\u00e9cialiste des seniors qui d\u00e9plore que les \u00ab\u00a0in\u00e9galit\u00e9s augmentent avec l\u2019\u00e2ge\u00a0\u00bb. Le foss\u00e9 risque de se creuser entre ceux qui auront les moyens, gr\u00e2ce \u00e0 leurs finances personnelles, de partir plus t\u00f4t et les autres, insiste Damoun Ashournia, \u00e9conomiste en chef de l\u2019organisation syndicale FH. \u00ab\u00a0Deux tiers de nos membres prennent d\u00e9j\u00e0 leur retraite avant l\u2019\u00e2ge officiel mais cela est d\u00fb au fait qu\u2019ils sont \u00e9puis\u00e9s et qu\u2019ils effectuent un travail physique difficile\u00a0\u00bb, dit-il.<\/p>\n<p>Ralentir la cadence<\/p>\n<p>Sans changement, en\u00a02070, l\u2019\u00e2ge de la retraite atteindrait 74 ans, ce qui n\u2019effarouche pas le patronat. \u00ab\u00a0Ce serait la fa\u00e7on la plus intelligente de continuer \u00e0 maintenir le syst\u00e8me. Ainsi, plus nous vieillissons, plus nous devons travailler un peu plus\u00a0\u00bb, consid\u00e8re le directeur-adjoint de la f\u00e9d\u00e9ration des patrons danois, Erik Simonsen.<\/p>\n<p>Toutefois l\u2019\u00e9t\u00e9 dernier, la cheffe du gouvernement, la sociale-d\u00e9mocrate Mette Frederiksen, 47 ans, s\u2019est dite pr\u00eate \u00e0 revoir le syst\u00e8me, une fois atteint les 70 ans. \u00ab\u00a0Nous ne croyons plus au caract\u00e8re automatique de la hausse du d\u00e9part \u00e0 la retraite\u00a0\u00bb, a-t-elle d\u00e9clar\u00e9 au quotidien Berlingske.<\/p>\n<p>A l\u2019instar des recommandations d\u2019un groupe d\u2019experts consult\u00e9 sur le sujet, le syndicat FH aimerait diminuer la cadence de la hausse. \u00ab\u00a0\u00c0 l\u2019avenir, nous pouvons l\u2019augmenter de seulement un semestre pour chaque ann\u00e9e o\u00f9 l\u2019esp\u00e9rance de vie augmente\u00a0\u00bb, propose Damoun Ashournia, \u00e9conomiste en chef de l\u2019organisation syndicale FH.<\/p>\n","protected":false},"excerpt":{"rendered":"Au Danemark, l\u2019\u00e2ge de d\u00e9part \u00e0 la retraite recule tous les cinq ans. Fin mai, il a \u00e9t\u00e9&hellip;\n","protected":false},"author":2,"featured_media":241850,"comment_status":"","ping_status":"","sticky":false,"template":"","format":"standard","meta":{"footnotes":""},"categories":[5],"tags":[47,11,16573,145,1011,27,14,74,12,137,3847,28],"class_list":{"0":"post-241849","1":"post","2":"type-post","3":"status-publish","4":"format-standard","5":"has-post-thumbnail","7":"category-international","8":"tag-actualite","9":"tag-actualites","10":"tag-copenhague","11":"tag-danemark","12":"tag-fr","13":"tag-france","14":"tag-international","15":"tag-monde","16":"tag-news","17":"tag-retraite","18":"tag-travail","19":"tag-world"},"share_on_mastodon":{"url":"https:\/\/pubeurope.com\/@fr\/114833216211814215","error":""},"_links":{"self":[{"href":"https:\/\/www.europesays.com\/fr\/wp-json\/wp\/v2\/posts\/241849","targetHints":{"allow":["GET"]}}],"collection":[{"href":"https:\/\/www.europesays.com\/fr\/wp-json\/wp\/v2\/posts"}],"about":[{"href":"https:\/\/www.europesays.com\/fr\/wp-json\/wp\/v2\/types\/post"}],"author":[{"embeddable":true,"href":"https:\/\/www.europesays.com\/fr\/wp-json\/wp\/v2\/users\/2"}],"replies":[{"embeddable":true,"href":"https:\/\/www.europesays.com\/fr\/wp-json\/wp\/v2\/comments?post=241849"}],"version-history":[{"count":0,"href":"https:\/\/www.europesays.com\/fr\/wp-json\/wp\/v2\/posts\/241849\/revisions"}],"wp:featuredmedia":[{"embeddable":true,"href":"https:\/\/www.europesays.com\/fr\/wp-json\/wp\/v2\/media\/241850"}],"wp:attachment":[{"href":"https:\/\/www.europesays.com\/fr\/wp-json\/wp\/v2\/media?parent=241849"}],"wp:term":[{"taxonomy":"category","embeddable":true,"href":"https:\/\/www.europesays.com\/fr\/wp-json\/wp\/v2\/categories?post=241849"},{"taxonomy":"post_tag","embeddable":true,"href":"https:\/\/www.europesays.com\/fr\/wp-json\/wp\/v2\/tags?post=241849"}],"curies":[{"name":"wp","href":"https:\/\/api.w.org\/{rel}","templated":true}]}}