{"id":241853,"date":"2025-07-11T06:37:09","date_gmt":"2025-07-11T06:37:09","guid":{"rendered":"https:\/\/www.europesays.com\/fr\/241853\/"},"modified":"2025-07-11T06:37:09","modified_gmt":"2025-07-11T06:37:09","slug":"la-revolte-des-nicolas-qui-nen-peuvent-plus-de-payer-pour-tout-le-monde","status":"publish","type":"post","link":"https:\/\/www.europesays.com\/fr\/241853\/","title":{"rendered":"la r\u00e9volte des \u00abNicolas\u00bb qui n\u2019en peuvent plus de payer pour tout le monde"},"content":{"rendered":"<p><strong>D\u00c9CRYPTAGE &#8211;<\/strong> Trop d\u2019imp\u00f4ts, des salaires qui stagnent, un acc\u00e8s \u00e0 la propri\u00e9t\u00e9 de plus en plus illusoire\u2026 Partie d\u2019un compte X anonyme baptis\u00e9 @NicolasQuiPaie, la r\u00e9volte des jeunes actifs gronde. Les Nicolas ne veulent plus payer pour les autres\u00a0: leurs a\u00een\u00e9s mais aussi ceux qui abusent de la g\u00e9n\u00e9rosit\u00e9 du mod\u00e8le social fran\u00e7ais.<\/p>\n<p class=\"fig-paragraph\">Mais qui est donc\u00a0<a href=\"http:\/\/www.lefigaro.fr\/conjoncture\/elle-paie-pour-tout-le-monde-et-n-a-rien-en-retour-ce-ras-le-bol-fiscal-de-la-jeune-generation-de-contribuables-20250616\" target=\"_blank\" data-fig-type=\"Article\" rel=\"noopener\" data-gtm-custom-categorie=\"navigation\" data-gtm-custom-action=\"crossclick\" data-gtm-custom-label=\"Contextuel\" data-gtm-event=\"customEventSPE\" data-fig-domain=\"LEFIGARO\">ce myst\u00e9rieux \u00abNicolas qui paie\u00bb<\/a>\u00a0dont tout le monde parle\u00a0? Depuis quelques semaines, la question est sur toutes les l\u00e8vres, dans toutes les conversations. S\u2019agirait-il d\u2019un brillant pol\u00e9miste en herbe\u00a0? D\u2019un collectif contestataire un brin libertarien\u00a0? D\u2019une discr\u00e8te officine derri\u00e8re laquelle se dissimulerait un homme d\u2019affaires influent, soucieux de peser dans le d\u00e9bat de\u00a0<a href=\"http:\/\/www.lefigaro.fr\/politique\/presidentielle-2027-popularite-et-intentions-de-vote-deux-criteres-sondagiers-a-ne-pas-confondre-20250709\" target=\"_blank\" data-fig-type=\"Article\" rel=\"noopener\" data-gtm-custom-categorie=\"navigation\" data-gtm-custom-action=\"crossclick\" data-gtm-custom-label=\"Contextuel\" data-gtm-event=\"customEventSPE\" data-fig-domain=\"LEFIGARO\">la prochaine \u00e9lection pr\u00e9sidentielle<\/a>\u00a0? Ou tout simplement d\u2019un cadre anonyme, \u00e9c\u0153ur\u00e9 par le poids des\u00a0<a href=\"http:\/\/www.lefigaro.fr\/conjoncture\/budget-2026-la-piste-explosive-d-un-gel-de-l-impot-sur-le-revenu-fait-son-grand-retour-20250706\" target=\"_blank\" data-fig-type=\"Article\" rel=\"noopener\" data-gtm-custom-categorie=\"navigation\" data-gtm-custom-action=\"crossclick\" data-gtm-custom-label=\"Contextuel\" data-gtm-event=\"customEventSPE\" data-fig-domain=\"LEFIGARO\">imp\u00f4ts<\/a>\u00a0et des cotisations qu\u2019il paye mois apr\u00e8s mois\u00a0? Les hypoth\u00e8ses les plus fantaisistes fusent mais le myst\u00e8re reste entier\u00a0: personne ne conna\u00eet \u00e0 ce jour l\u2019identit\u00e9 de ce Fantomas de la toile dont le compte X rassemble plus de 55.000 abonn\u00e9s \u2013 pour se prot\u00e9ger, il a accept\u00e9 de r\u00e9pondre \u00e0 nos questions par mail, sans d\u00e9voiler son identit\u00e9. Il y a quelques jours encore, ils n\u2019\u00e9taient que 30.000\u00a0; et l\u2019hiver dernier, seulement un petit millier. Incontestablement, la\u2026<\/p>\n<p class=\"fig-premium-paywall__infos\">\n        Cet article est r\u00e9serv\u00e9 aux abonn\u00e9s.        Il vous reste 91% \u00e0 d\u00e9couvrir.\n    <\/p>\n<p>                <img  data- alt=\"Le Figaro\" class=\"fig-img--complete fig-img\"\/><\/p>\n<p class=\"fig-premium-paywall__title\">Vous avez envie de lire la suite ?<\/p>\n<p class=\"fig-premium-paywall__subtitle\">D\u00e9bloquez tous les articles imm\u00e9diatement.<\/p>\n<p class=\"fig-premium-paywall__connect\">\n                D\u00e9j\u00e0 abonn\u00e9\u00a0?                <a class=\"fig-premium-paywall__connect-link\" href=\"https:\/\/connect.lefigaro.fr\/login?client=horizon_web&amp;type=main&amp;redirect_uri=https%3A%2F%2Fwww.lefigaro.fr%2Fconjoncture%2Fretraites-immigration-depense-publique-la-revolte-des-nicolas-qui-n-en-peuvent-plus-de-payer-pour-tout-le-monde-20250711\" data-js-gtm=\"{&quot;customCategorie&quot;: &quot;conversion&quot;, &quot;customAction&quot;: &quot;before_Landing_Connexion_paywall_auto&quot;, &quot;customLabel&quot;: &quot;bGVmaWdhcm8uZnJfXzFmMDVjYWVhLTM2MjgtNjVjYy04ODQxLTg3NGJmMWM1Y2YzOV9fQXJ0aWNsZQ==_Retraites, immigration, d\u00e9pense publique\u00a0: la r\u00e9volte des \u00abNicolas\u00bb qui n\u2019en peuvent plus de payer pour tout le monde_1000&quot;, &quot;customIDSPE&quot;: &quot;bGVmaWdhcm8uZnJfXzFmMDVjYWVhLTM2MjgtNjVjYy04ODQxLTg3NGJmMWM1Y2YzOV9fQXJ0aWNsZQ==&quot;, &quot;event&quot;: &quot;customEventSPE&quot;}\" target=\"_blank\" rel=\"noopener\"><br \/>\n                    Connectez-vous<br \/>\n                <\/a>\n            <\/p>\n","protected":false},"excerpt":{"rendered":"D\u00c9CRYPTAGE &#8211; Trop d\u2019imp\u00f4ts, des salaires qui stagnent, un acc\u00e8s \u00e0 la propri\u00e9t\u00e9 de plus en plus illusoire\u2026&hellip;\n","protected":false},"author":2,"featured_media":241854,"comment_status":"","ping_status":"","sticky":false,"template":"","format":"standard","meta":{"footnotes":""},"categories":[2],"tags":[11,1011,27,1061,12,9910],"class_list":{"0":"post-241853","1":"post","2":"type-post","3":"status-publish","4":"format-standard","5":"has-post-thumbnail","7":"category-actualites","8":"tag-actualites","9":"tag-fr","10":"tag-france","11":"tag-immigration","12":"tag-news","13":"tag-retraites"},"share_on_mastodon":{"url":"https:\/\/pubeurope.com\/@fr\/114833224002766499","error":""},"_links":{"self":[{"href":"https:\/\/www.europesays.com\/fr\/wp-json\/wp\/v2\/posts\/241853","targetHints":{"allow":["GET"]}}],"collection":[{"href":"https:\/\/www.europesays.com\/fr\/wp-json\/wp\/v2\/posts"}],"about":[{"href":"https:\/\/www.europesays.com\/fr\/wp-json\/wp\/v2\/types\/post"}],"author":[{"embeddable":true,"href":"https:\/\/www.europesays.com\/fr\/wp-json\/wp\/v2\/users\/2"}],"replies":[{"embeddable":true,"href":"https:\/\/www.europesays.com\/fr\/wp-json\/wp\/v2\/comments?post=241853"}],"version-history":[{"count":0,"href":"https:\/\/www.europesays.com\/fr\/wp-json\/wp\/v2\/posts\/241853\/revisions"}],"wp:featuredmedia":[{"embeddable":true,"href":"https:\/\/www.europesays.com\/fr\/wp-json\/wp\/v2\/media\/241854"}],"wp:attachment":[{"href":"https:\/\/www.europesays.com\/fr\/wp-json\/wp\/v2\/media?parent=241853"}],"wp:term":[{"taxonomy":"category","embeddable":true,"href":"https:\/\/www.europesays.com\/fr\/wp-json\/wp\/v2\/categories?post=241853"},{"taxonomy":"post_tag","embeddable":true,"href":"https:\/\/www.europesays.com\/fr\/wp-json\/wp\/v2\/tags?post=241853"}],"curies":[{"name":"wp","href":"https:\/\/api.w.org\/{rel}","templated":true}]}}