{"id":24189,"date":"2025-04-14T12:03:11","date_gmt":"2025-04-14T12:03:11","guid":{"rendered":"https:\/\/www.europesays.com\/fr\/24189\/"},"modified":"2025-04-14T12:03:11","modified_gmt":"2025-04-14T12:03:11","slug":"le-gfca-se-qualifie-pour-les-demi-finales-des-play-offs-a-saint-quentin","status":"publish","type":"post","link":"https:\/\/www.europesays.com\/fr\/24189\/","title":{"rendered":"le GFCA se qualifie pour les demi-finales des play-offs \u00e0 Saint-Quentin"},"content":{"rendered":"<p>Pour se qualifier pour les demi-finales, le GFCA volley devait remporter 3 rencontres face \u00e0 Saint-Quentin. C&rsquo;est chose faite apr\u00e8s leur deuxi\u00e8me succ\u00e8s sur terrain adverse, ce dimanche 13 avril, sur le score de 18-25, 23-25, 20-25.<\/p>\n<p>Apr\u00e8s avoir perdu la premi\u00e8re manche \u00e0 domicile, 3 sets \u00e0 2, les joueurs de Fr\u00e9d\u00e9ric Ferrandez ont r\u00e9agi, tout d&rsquo;abord, devant leur public au Palatinu, 3-1, puis sur le terrain de Saint-Quentin, o\u00f9 ils ont d\u00e9montr\u00e9 leur sup\u00e9riorit\u00e9 et leur force collective.<\/p>\n<p>\u00ab\u00a0On a fait le travail. On a fourni une bonne prestation au service. Ma seule d\u00e9ception je la d\u00e9gage du troisi\u00e8me set que l&rsquo;on n&rsquo;a pas abord\u00e9 avec la m\u00eame d\u00e9termination. Il ne nous a n\u00e9anmoins pas fallu longtemps pour que l&rsquo;on reprenne un avantage psychologique, \u00a0\u00bb d\u00e9clarait le coach ajaccien \u00e0 l&rsquo;issue de la victoire de vendredi.<\/p>\n<p>Bala et ses partenaires ont fini le travail en trois sets.<\/p>\n<p>Le GFCA rencontrera en demi-finale Martigues ou Nancy, l&rsquo;aller le 25 avril puis le retour au Palatinu le 2 mai.<\/p>\n","protected":false},"excerpt":{"rendered":"Pour se qualifier pour les demi-finales, le GFCA volley devait remporter 3 rencontres face \u00e0 Saint-Quentin. C&rsquo;est chose&hellip;\n","protected":false},"author":2,"featured_media":24190,"comment_status":"","ping_status":"","sticky":false,"template":"","format":"standard","meta":{"footnotes":""},"categories":[1417],"tags":[17,8714,154,1011,27,6392,151,471,8713,60,1470,1469],"class_list":{"0":"post-24189","1":"post","2":"type-post","3":"status-publish","4":"format-standard","5":"has-post-thumbnail","7":"category-volley","8":"tag-17","9":"tag-demi-finales","10":"tag-des","11":"tag-fr","12":"tag-france","13":"tag-gfca","14":"tag-les","15":"tag-pour","16":"tag-qualifie","17":"tag-sports","18":"tag-volley","19":"tag-volleyball"},"share_on_mastodon":{"url":"https:\/\/pubeurope.com\/@fr\/114336222648491433","error":""},"_links":{"self":[{"href":"https:\/\/www.europesays.com\/fr\/wp-json\/wp\/v2\/posts\/24189","targetHints":{"allow":["GET"]}}],"collection":[{"href":"https:\/\/www.europesays.com\/fr\/wp-json\/wp\/v2\/posts"}],"about":[{"href":"https:\/\/www.europesays.com\/fr\/wp-json\/wp\/v2\/types\/post"}],"author":[{"embeddable":true,"href":"https:\/\/www.europesays.com\/fr\/wp-json\/wp\/v2\/users\/2"}],"replies":[{"embeddable":true,"href":"https:\/\/www.europesays.com\/fr\/wp-json\/wp\/v2\/comments?post=24189"}],"version-history":[{"count":0,"href":"https:\/\/www.europesays.com\/fr\/wp-json\/wp\/v2\/posts\/24189\/revisions"}],"wp:featuredmedia":[{"embeddable":true,"href":"https:\/\/www.europesays.com\/fr\/wp-json\/wp\/v2\/media\/24190"}],"wp:attachment":[{"href":"https:\/\/www.europesays.com\/fr\/wp-json\/wp\/v2\/media?parent=24189"}],"wp:term":[{"taxonomy":"category","embeddable":true,"href":"https:\/\/www.europesays.com\/fr\/wp-json\/wp\/v2\/categories?post=24189"},{"taxonomy":"post_tag","embeddable":true,"href":"https:\/\/www.europesays.com\/fr\/wp-json\/wp\/v2\/tags?post=24189"}],"curies":[{"name":"wp","href":"https:\/\/api.w.org\/{rel}","templated":true}]}}