{"id":241897,"date":"2025-07-11T07:08:13","date_gmt":"2025-07-11T07:08:13","guid":{"rendered":"https:\/\/www.europesays.com\/fr\/241897\/"},"modified":"2025-07-11T07:08:13","modified_gmt":"2025-07-11T07:08:13","slug":"lyon-coup-de-tonnerre-ce-carrefour-tres-frequente-ferme-durgence-par-la-prefecture","status":"publish","type":"post","link":"https:\/\/www.europesays.com\/fr\/241897\/","title":{"rendered":"Lyon. Coup de tonnerre, ce Carrefour tr\u00e8s fr\u00e9quent\u00e9 ferm\u00e9 d&rsquo;urgence par la pr\u00e9fecture"},"content":{"rendered":"<p>            Par<br \/>\n        <strong><br \/>\n            <a href=\"https:\/\/actu.fr\/auteur\/julien-damboise\" title=\"Consulter tous les articles de Julien Damboise\" rel=\"nofollow noopener\" target=\"_blank\">Julien Damboise<\/a><br \/>\n        <\/strong><\/p>\n<p>        Publi\u00e9 le<\/p>\n<p>            11 juil. 2025 \u00e0 9h01        <\/p>\n<p><strong>INFO ACTU LYON<\/strong>. Des <a href=\"https:\/\/actu.fr\/auvergne-rhone-alpes\/lyon_69123\/lyon-des-restaurants-enragent-contre-les-controles-et-les-fermetures-trop-severes_62449872.html\" rel=\"nofollow noopener\" target=\"_blank\">contr\u00f4les d\u2019hygi\u00e8ne<\/a> ont fait appara\u00eetre de trop importants manquements au <strong>Carrefour Market<\/strong> de l\u2019avenue des Fr\u00e8res Lumi\u00e8re \u00e0 <a href=\"https:\/\/actu.fr\/auvergne-rhone-alpes\/lyon_69123\" rel=\"nofollow noopener\" target=\"_blank\">Lyon<\/a> 8\u1d49. La pr\u00e9fecture du Rh\u00f4ne vient de fermer le magasin dans lequel la <strong>menace pour la sant\u00e9 des consommateurs<\/strong> \u00e9tait devenue trop importante. Voici les d\u00e9tails.<\/p>\n<p>Un Carrefour bien connu<\/p>\n<p class=\" wall-content\">L\u2019enseigne, situ\u00e9e au <strong>68 avenue des Fr\u00e8res Lumi\u00e8res<\/strong> dans le 8e arrondissement, est un lieu tr\u00e8s fr\u00e9quent\u00e9 par les habitants du quartier. Il s\u2019agit en effet de l\u2019une des seules grandes surfaces du secteur.\u00a0<\/p>\n<p class=\" wall-content\">Mais depuis ce jeudi 10 juillet, semble-t-il depuis l\u2019apr\u00e8s-midi, les portes du magasin sont closes.\u00a0<\/p>\n<p class=\" wall-content\">Cela apr\u00e8s deux contr\u00f4les d\u2019hygi\u00e8ne <strong>tr\u00e8s probl\u00e9matiques<\/strong>.<\/p>\n<p>Des risques pour la sant\u00e9<\/p>\n<p class=\" wall-content\">Apr\u00e8s une mise en demeure notifi\u00e9e le 12 mai dernier, un nouveau contr\u00f4le de la direction d\u00e9partementale de la protection des populations (DDPP) a mis en \u00e9vidence des \u00ab locaux <strong>mal prot\u00e9g\u00e9s<\/strong> contre les sources et les risques de contamination \u00bb.\u00a0<\/p>\n<p class=\" wall-content\">Les agents ont notamment trouv\u00e9 des <strong>traces de nuisibles<\/strong> et un d\u00e9faut d\u2019entretien, de maintenance et de nettoyage des \u00e9quipements.\u00a0<\/p>\n<p class=\" wall-content\">Il est aussi relev\u00e9 dans l\u2019arr\u00eat\u00e9 l\u2019absence ou l\u2019insuffisance d\u2019instructions et\/ou de formation \u00e0 l\u2019hygi\u00e8ne alimentaire.\u00a0<\/p>\n<p class=\" wall-content\">Autant de choses qui constituent \u00ab une <strong>menace pour la sant\u00e9 des consommateurs<\/strong> en raison de la probabilit\u00e9 importante de contamination (microbiologique, chimique, physique) et des risques d\u2019intoxications qui en r\u00e9sultent \u00bb.<\/p>\n<p>Sanction imm\u00e9diate<\/p>\n<p class=\" wall-content\">Face \u00e0 la situation, les autorit\u00e9s ont pris des mesures de toute urgence. Depuis ce jeudi 10 juillet, une <strong>fermeture administrative<\/strong> est d\u00e9cr\u00e9t\u00e9e. Et ce jusqu\u2019\u00e0 la r\u00e9alisation de nombreuses mesures correctives, avec une douzaine d\u2019actions \u00e0 effectuer et surtout du nettoyage.<\/p>\n<p class=\" wall-content\">La r\u00e9ouverture ne pourra avoir lieu qu\u2019\u00e0 la suite d\u2019une v\u00e9rification par un agent de la DDPP, sur demande de l\u2019exploitant.<\/p>\n<p class=\" wall-content\">Suivez toute l\u2019actualit\u00e9 de vos villes et m\u00e9dias favoris en vous inscrivant \u00e0 <a href=\"https:\/\/moncompte.actu.fr\" title=\"D\u00e9couvez Mon Actu\" rel=\"nofollow noopener\" data-trk=\"{&quot;cta&quot;:{&quot;action&quot;:&quot;https:\\\/\\\/moncompte.actu.fr&quot;,&quot;category&quot;:&quot;mon compte&quot;,&quot;from&quot;:&quot;article footer&quot;,&quot;name&quot;:&quot;Mon actu&quot;,&quot;type&quot;:&quot;cta&quot;}}\" target=\"_blank\">Mon Actu<\/a>.<\/p>\n","protected":false},"excerpt":{"rendered":"Par Julien Damboise Publi\u00e9 le 11 juil. 2025 \u00e0 9h01 INFO ACTU LYON. Des contr\u00f4les d\u2019hygi\u00e8ne ont fait&hellip;\n","protected":false},"author":2,"featured_media":241898,"comment_status":"","ping_status":"","sticky":false,"template":"","format":"standard","meta":{"footnotes":""},"categories":[1889],"tags":[1111,11,258,2430,4304,215,1777,674,1011,27,2428,12,25,104],"class_list":{"0":"post-241897","1":"post","2":"type-post","3":"status-publish","4":"format-standard","5":"has-post-thumbnail","7":"category-lyon","8":"tag-actu","9":"tag-actualites","10":"tag-alimentation","11":"tag-auvergne-rhone-alpes","12":"tag-carrefour","13":"tag-commerce","14":"tag-eu","15":"tag-europe","16":"tag-fr","17":"tag-france","18":"tag-lyon","19":"tag-news","20":"tag-republique-francaise","21":"tag-societe"},"share_on_mastodon":{"url":"https:\/\/pubeurope.com\/@fr\/114833346170121047","error":""},"_links":{"self":[{"href":"https:\/\/www.europesays.com\/fr\/wp-json\/wp\/v2\/posts\/241897","targetHints":{"allow":["GET"]}}],"collection":[{"href":"https:\/\/www.europesays.com\/fr\/wp-json\/wp\/v2\/posts"}],"about":[{"href":"https:\/\/www.europesays.com\/fr\/wp-json\/wp\/v2\/types\/post"}],"author":[{"embeddable":true,"href":"https:\/\/www.europesays.com\/fr\/wp-json\/wp\/v2\/users\/2"}],"replies":[{"embeddable":true,"href":"https:\/\/www.europesays.com\/fr\/wp-json\/wp\/v2\/comments?post=241897"}],"version-history":[{"count":0,"href":"https:\/\/www.europesays.com\/fr\/wp-json\/wp\/v2\/posts\/241897\/revisions"}],"wp:featuredmedia":[{"embeddable":true,"href":"https:\/\/www.europesays.com\/fr\/wp-json\/wp\/v2\/media\/241898"}],"wp:attachment":[{"href":"https:\/\/www.europesays.com\/fr\/wp-json\/wp\/v2\/media?parent=241897"}],"wp:term":[{"taxonomy":"category","embeddable":true,"href":"https:\/\/www.europesays.com\/fr\/wp-json\/wp\/v2\/categories?post=241897"},{"taxonomy":"post_tag","embeddable":true,"href":"https:\/\/www.europesays.com\/fr\/wp-json\/wp\/v2\/tags?post=241897"}],"curies":[{"name":"wp","href":"https:\/\/api.w.org\/{rel}","templated":true}]}}