{"id":241899,"date":"2025-07-11T07:09:12","date_gmt":"2025-07-11T07:09:12","guid":{"rendered":"https:\/\/www.europesays.com\/fr\/241899\/"},"modified":"2025-07-11T07:09:12","modified_gmt":"2025-07-11T07:09:12","slug":"toute-lactualite-de-ce-vendredi-11-juillet-2025-a-lyon","status":"publish","type":"post","link":"https:\/\/www.europesays.com\/fr\/241899\/","title":{"rendered":"Toute l&rsquo;actualit\u00e9 de ce vendredi 11 juillet 2025 \u00e0 Lyon"},"content":{"rendered":"<p>A la une de l\u2019info \u00e0 Lyon : la r\u00e9forme de la loi PLM et ses cons\u00e9quences, 71 nouvelles rames \u00e9lectriques de train pour Auvergne-Rh\u00f4ne-Alpes, 8 nouvelles rames de m\u00e9tro  pour la ligne D, des associations portent plainte contre les \u00ab\u200apratiques commerciales trompeuses\u200a\u00bb du groupe SEB,  la fermeture des jardins ouvriers de l\u2019usine Arkema,  un atelier autour des micropolluants pour sensibiliser et encourager \u00e0 agir, les \u00e9v\u00e9nements de la F\u00eate Nationale\u2026<\/p>\n<p>ECOUTEZ LE 1\/4H LYONNAIS\u2026 Toute l\u2019actualit\u00e9 de ce vendredi 11 juillet 2025<\/p>\n<p>LE 1\/4H LYONNAIS | vendredi 11 juillet 2025<\/p>\n<p>La <strong>r\u00e9forme de la loi PLM<\/strong> adopt\u00e9e par les seuls d\u00e9put\u00e9s. Trois scrutins simutan\u00e9s \u00e0 Lyon en 2026\u2026 si la loi est valid\u00e9e par le <strong>Conseil Constitutionnel<\/strong>,<\/p>\n<p>Le grand <strong>plan d\u2019investissement ferroviaire<\/strong> promis par la <strong>R\u00e9gion Auvergne-Rh\u00f4ne-Alpes<\/strong> d\u2019ici \u00e0 2035, se dessine. La collectivit\u00e9 vient de signer un partenariat financier avec la <strong>Banque des territoires<\/strong> pour acqu\u00e9rir <strong>71 nouvelles rames \u00e9lectriques<\/strong>\u2026<\/p>\n<p>Les <strong>\u00e9lus de Sytral Mobilit\u00e9s <\/strong>ont valid\u00e9 l\u2019achat de <strong>18 nouvelles rames de m\u00e9tro<\/strong> (climatis\u00e9es) pour la ligne D. Huit autres en option.<\/p>\n<p>Plusieurs associations d\u00e9noncent les \u00ab\u200a<strong>pratiques commerciales trompeuses<\/strong>\u200a\u00bb du groupe <strong>SEB <\/strong>et de sa filiale<strong> T\u00e9fal<\/strong>. Les deux marques ont affirm\u00e9 que leurs po\u00eales en T\u00e9flon \u00e9taient \u00ab\u200as\u00fbres\u200a\u00bb pour la sant\u00e9.<strong><a href=\"https:\/\/fne.asso.fr\/\" target=\"_blank\" rel=\"noreferrer noopener nofollow\">FNE<\/a><\/strong>, <strong><a href=\"https:\/\/www.generations-futures.fr\/\" target=\"_blank\" rel=\"noreferrer noopener nofollow\">G\u00e9n\u00e9rations futures<\/a><\/strong> et l\u2019<strong>Association citoyenne et la\u00efque des consommateurs<\/strong> (ACLC). ont d\u00e9pos\u00e9 plainte\u2026<\/p>\n<p>Les locataires des <strong>jardins ouvriers du Broutillon<\/strong>, propri\u00e9t\u00e9 de l\u2019<strong>usine d\u2019Arkema \u00e0 Pierre-B\u00e9nite<\/strong>, s\u2019opposent \u00e0 la fermeture de ce site fortement pollu\u00e9.\u00a0Mais \u00ab\u00a0un lieu de vie, de rencontre, de lien social\u2026\u00a0\u00bb<\/p>\n<p>Egalement dans l\u2019actualit\u00e9 de ce vendredi 11 juillet<\/p>\n<p>C\u2019est un sujet dont on parle de plus en plus : les <strong>micropolluants. D<\/strong>es substances pouvant \u00eatre nocives m\u00eame \u00e0 faible dose. Pr\u00e9sentes partout dans l\u2019environnement et notamment dans l\u2019<strong>eau<\/strong>.\u00a0<strong><a href=\"https:\/\/www.veolia.com\/fr\" target=\"_blank\" rel=\"noreferrer noopener nofollow\">Veolia<\/a><\/strong> a d\u00e9velopp\u00e9, en collaboration avec l\u2019<strong><a href=\"http:\/\/www.association-graines.fr\/\" target=\"_blank\" rel=\"noreferrer noopener nofollow\">association GRAINE<\/a><\/strong>, un atelier autour des <strong>micropolluants<\/strong> \u00ab J\u2019agis pour l\u2019eau \u00bb, pour sensibiliser et encourager \u00e0 agir. Un reportage de <strong>Th\u00e9ophile Eliot<\/strong>.<\/p>\n<p>Nos invit\u00e9s :\u00a0<strong>Guillaume Arama<\/strong> (<strong>Veolia<\/strong>), <strong>No\u00e9mie Huby<\/strong>, cheffe de projet pour <strong>Graine Auvergne Rh\u00f4ne-Alpes<\/strong>,<\/p>\n<p><strong>F\u00eate Nationale<\/strong> : apr\u00e8s la <strong>c\u00e9r\u00e9monie militaire<\/strong> (375 militaires), le <strong>village d\u00e9fense<\/strong> sur la place Bellecour, le\u00a0traditionnel<strong> feu d\u2019artifice<\/strong>, les traditionnels <strong>bals des pompiers<\/strong><\/p>\n<p>Ecoutez aussi : <a href=\"https:\/\/www.lyondemain.fr\/au-bob-un-composteur-collectif-pour-initier-aux-bons-gestes\/\" target=\"_blank\" rel=\"noreferrer noopener nofollow\">Au Bob, un composteur collectif pour initier aux bons gestes<\/a><\/p>\n<p>Dans cette \u00e9dition, focus sur un atelier autour des <strong>micropolluants<\/strong><\/p>\n<p>\u00ab J\u2019agis pour l\u2019eau \u00bb est un atelier pour d\u00e9couvrir ce que sont les micropolluants. O\u00f9 est-ce qu\u2019ils se trouvent et comment faire pour lutter contre leur propagation. Un projet n\u00e9 en 2022 sous l\u2019impulsion de Veolia, une entreprise experte dans la gestion de l\u2019eau, des d\u00e9chets et de l\u2019\u00e9nergie. Graine Auvergne Rh\u00f4ne-Alpes et Graine Bourgogne-FrancheComt\u00e9 sont associ\u00e9s \u00e0 cette action\u2026<\/p>\n<p>Ecoutez aussi : <a href=\"https:\/\/www.lyondemain.fr\/actualite-de-ce-jeudi-10-juillet-lyon-info-place-vaclav-havel-gerland\/\" target=\"_blank\" rel=\"noreferrer noopener nofollow\">Toute l\u2019actualit\u00e9 de ce jeudi 10 juillet 2025 \u00e0 Lyon<\/a><\/p>\n<p><img fetchpriority=\"high\" decoding=\"async\" width=\"1200\" height=\"675\" src=\"https:\/\/www.europesays.com\/fr\/wp-content\/uploads\/2025\/07\/actualite-de-ce-vendredi-11-juillet-2025.jpg\" alt=\"actualit\u00e9 de ce vendredi 11 juillet 2025 info \u00e0 Lyon\" class=\"wp-image-250430\"  \/>Retrouvez aussi le Quart d\u2019Heure Lyonnais de Lyon Demain sur les antennes de Radio Pluriel (Lyon). Radio Salam (Lyon, Saint-Etienne et Bourg) et Radio Arm\u00e9nie (Lyon et Vienne)<br \/>\nJ\u2019aime \u00e7a\u00a0:<\/p>\n<p>J\u2019aime chargement\u2026<\/p>\n<p><a class=\"sd-link-color\"\/><\/p>\n<p>\n\tArticles similaires\n<\/p>\n<p>\t\t\t\t<img decoding=\"async\" src=\"https:\/\/www.europesays.com\/fr\/wp-content\/uploads\/2025\/07\/1752217752_344_7866158698e17e8ed633c05e8f8e7fe5d9e057ad78661c4dc34e413abb6b9f19\" alt=\"G\u00e9rald Bouchon\"\/><\/p>\n<p>Pionnier des radios libres, passionn\u00e9 de radio, journaliste et dirigeant de m\u00e9dias \u00e9co-responsables..<\/p>\n","protected":false},"excerpt":{"rendered":"A la une de l\u2019info \u00e0 Lyon : la r\u00e9forme de la loi PLM et ses cons\u00e9quences, 71&hellip;\n","protected":false},"author":2,"featured_media":241900,"comment_status":"","ping_status":"","sticky":false,"template":"","format":"standard","meta":{"footnotes":""},"categories":[1889],"tags":[10915,1111,11,18874,4396,2430,31363,1777,674,8390,10917,15305,1011,27,38141,38142,38143,2615,2428,4047,38144,20281,3434,12,13885,13386,25,38145,13512,38146,38147,18956],"class_list":{"0":"post-241899","1":"post","2":"type-post","3":"status-publish","4":"format-standard","5":"has-post-thumbnail","7":"category-lyon","8":"tag-14-juillet","9":"tag-actu","10":"tag-actualites","11":"tag-arkema","12":"tag-atelier","13":"tag-auvergne-rhone-alpes","14":"tag-climatisation","15":"tag-eu","16":"tag-europe","17":"tag-ferroviaire","18":"tag-fete-nationale","19":"tag-fne","20":"tag-fr","21":"tag-france","22":"tag-generations-futures","23":"tag-graines","24":"tag-jardins-ouvriers","25":"tag-loi-plm","26":"tag-lyon","27":"tag-metro","28":"tag-micropolluants","29":"tag-mode-de-scrutin","30":"tag-municipales-2026","31":"tag-news","32":"tag-pfas","33":"tag-region-auvergne-rhone-alpes","34":"tag-republique-francaise","35":"tag-seb","36":"tag-sensibilisation","37":"tag-sytral","38":"tag-tefal","39":"tag-veolia"},"share_on_mastodon":{"url":"https:\/\/pubeurope.com\/@fr\/114833349975653163","error":""},"_links":{"self":[{"href":"https:\/\/www.europesays.com\/fr\/wp-json\/wp\/v2\/posts\/241899","targetHints":{"allow":["GET"]}}],"collection":[{"href":"https:\/\/www.europesays.com\/fr\/wp-json\/wp\/v2\/posts"}],"about":[{"href":"https:\/\/www.europesays.com\/fr\/wp-json\/wp\/v2\/types\/post"}],"author":[{"embeddable":true,"href":"https:\/\/www.europesays.com\/fr\/wp-json\/wp\/v2\/users\/2"}],"replies":[{"embeddable":true,"href":"https:\/\/www.europesays.com\/fr\/wp-json\/wp\/v2\/comments?post=241899"}],"version-history":[{"count":0,"href":"https:\/\/www.europesays.com\/fr\/wp-json\/wp\/v2\/posts\/241899\/revisions"}],"wp:featuredmedia":[{"embeddable":true,"href":"https:\/\/www.europesays.com\/fr\/wp-json\/wp\/v2\/media\/241900"}],"wp:attachment":[{"href":"https:\/\/www.europesays.com\/fr\/wp-json\/wp\/v2\/media?parent=241899"}],"wp:term":[{"taxonomy":"category","embeddable":true,"href":"https:\/\/www.europesays.com\/fr\/wp-json\/wp\/v2\/categories?post=241899"},{"taxonomy":"post_tag","embeddable":true,"href":"https:\/\/www.europesays.com\/fr\/wp-json\/wp\/v2\/tags?post=241899"}],"curies":[{"name":"wp","href":"https:\/\/api.w.org\/{rel}","templated":true}]}}