{"id":241905,"date":"2025-07-11T07:13:14","date_gmt":"2025-07-11T07:13:14","guid":{"rendered":"https:\/\/www.europesays.com\/fr\/241905\/"},"modified":"2025-07-11T07:13:14","modified_gmt":"2025-07-11T07:13:14","slug":"il-tente-de-tuer-son-rival-a-coups-de-machette-et-en-hurlant-allah-akbar","status":"publish","type":"post","link":"https:\/\/www.europesays.com\/fr\/241905\/","title":{"rendered":"Il tente de tuer son rival \u00e0 coups de machette et en hurlant \u00ab Allah Akbar \u00bb"},"content":{"rendered":"<p>Un drame a \u00e9t\u00e9 \u00e9vit\u00e9 de justesse. Selon les informations de Paris Match, un jeune homme de 31\u00a0ans a \u00e9chapp\u00e9 \u00e0 une tentative de meurtre, \u00e0 coups de machette, ce jeudi 10\u00a0juillet, vers 0\u00a0h\u00a045, rue Lamorici\u00e8re \u00e0 <a href=\"https:\/\/www.parismatch.com\/actu\/faits-divers\/double-homicide-sevran-le-tireur-presume-mis-en-examen-et-incarcere-237608\" rel=\"nofollow noopener\" target=\"_blank\" data-ylk=\"slk:Sevran;elm:context_link;itc:0;sec:content-canvas\" class=\"link \">Sevran<\/a> (Seine-Saint-Denis). C\u2019est une riveraine qui a alert\u00e9 la police apr\u00e8s avoir entendu des cris puis un homme, arm\u00e9 d\u2019une machette, hurl\u00e9 \u00ab\u00a0Allah Akbar\u00a0\u00bb, avant de s\u2019en prendre \u00e0 la victime.<\/p>\n<p>Un diff\u00e9rend portant sur la vente de cigarettes de contrebande<\/p>\n<p>Secourue avec une plaie sanguinolente de 4\u00a0cm sur le cr\u00e2ne, la victime, consciente, a \u00e9t\u00e9 \u00e9vacu\u00e9e vers l\u2019h\u00f4pital Robert-Ballanger \u00e0 Aulnay-sous-Bois (Seine-Saint-Denis). Son agresseur et un complice ont \u00e9t\u00e9 rapidement identifi\u00e9s puis interpell\u00e9s par la police. Ag\u00e9s de 27 et 32\u00a0ans et de nationalit\u00e9 alg\u00e9rienne, ils ont \u00e9t\u00e9 plac\u00e9s en garde \u00e0 vue.<\/p>\n<p>Selon les premiers \u00e9l\u00e9ments de l\u2019enqu\u00eate, un diff\u00e9rend portant sur la vente de cigarettes de contrebande serait \u00e0 l\u2019origine de cette tentative de meurtre en pleine rue.<\/p>\n<p>\u00c0 lire aussi <a href=\"https:\/\/www.parismatch.com\/actu\/faits-divers\/tour-de-france-un-homme-blesse-un-policier-avec-un-couteau-253968\" rel=\"nofollow noopener\" target=\"_blank\" data-ylk=\"slk:Tour de France\u00a0: un homme s&#039;attaque \u00e0 un policier avec un couteau;elm:context_link;itc:0;sec:content-canvas\" class=\"link \">Tour de France\u00a0: un homme s&rsquo;attaque \u00e0 un policier avec un couteau <\/a><\/p>\n<p><a href=\"https:\/\/www.parismatch.com\/actu\/faits-divers\/info-paris-match-sevran-il-tente-de-tuer-son-rival-a-coups-de-machette-et-en-hurlant-allah-akbar-254121?at_medium=affiliate&amp;at_campaign=Yahoo\" rel=\"nofollow noopener\" target=\"_blank\" data-ylk=\"slk:Retrouvez cet article sur ParisMatch;elm:context_link;itc:0;sec:content-canvas\" class=\"link \">Retrouvez cet article sur ParisMatch<\/a><\/p>\n","protected":false},"excerpt":{"rendered":"Un drame a \u00e9t\u00e9 \u00e9vit\u00e9 de justesse. Selon les informations de Paris Match, un jeune homme de 31\u00a0ans&hellip;\n","protected":false},"author":2,"featured_media":241906,"comment_status":"","ping_status":"","sticky":false,"template":"","format":"standard","meta":{"footnotes":""},"categories":[1888],"tags":[1111,1928,11,1927,1777,674,1011,27,12,1926,626,1925,25,5118,210,38148],"class_list":{"0":"post-241905","1":"post","2":"type-post","3":"status-publish","4":"format-standard","5":"has-post-thumbnail","7":"category-paris","8":"tag-actu","9":"tag-actu-paris","10":"tag-actualites","11":"tag-actualites-paris","12":"tag-eu","13":"tag-europe","14":"tag-fr","15":"tag-france","16":"tag-news","17":"tag-news-paris","18":"tag-paris","19":"tag-paris-news","20":"tag-republique-francaise","21":"tag-tentative-de-meurtre","22":"tag-tour-de-france","23":"tag-vente-de-cigarettes"},"share_on_mastodon":{"url":"https:\/\/pubeurope.com\/@fr\/114833365885097915","error":""},"_links":{"self":[{"href":"https:\/\/www.europesays.com\/fr\/wp-json\/wp\/v2\/posts\/241905","targetHints":{"allow":["GET"]}}],"collection":[{"href":"https:\/\/www.europesays.com\/fr\/wp-json\/wp\/v2\/posts"}],"about":[{"href":"https:\/\/www.europesays.com\/fr\/wp-json\/wp\/v2\/types\/post"}],"author":[{"embeddable":true,"href":"https:\/\/www.europesays.com\/fr\/wp-json\/wp\/v2\/users\/2"}],"replies":[{"embeddable":true,"href":"https:\/\/www.europesays.com\/fr\/wp-json\/wp\/v2\/comments?post=241905"}],"version-history":[{"count":0,"href":"https:\/\/www.europesays.com\/fr\/wp-json\/wp\/v2\/posts\/241905\/revisions"}],"wp:featuredmedia":[{"embeddable":true,"href":"https:\/\/www.europesays.com\/fr\/wp-json\/wp\/v2\/media\/241906"}],"wp:attachment":[{"href":"https:\/\/www.europesays.com\/fr\/wp-json\/wp\/v2\/media?parent=241905"}],"wp:term":[{"taxonomy":"category","embeddable":true,"href":"https:\/\/www.europesays.com\/fr\/wp-json\/wp\/v2\/categories?post=241905"},{"taxonomy":"post_tag","embeddable":true,"href":"https:\/\/www.europesays.com\/fr\/wp-json\/wp\/v2\/tags?post=241905"}],"curies":[{"name":"wp","href":"https:\/\/api.w.org\/{rel}","templated":true}]}}