{"id":241907,"date":"2025-07-11T07:14:11","date_gmt":"2025-07-11T07:14:11","guid":{"rendered":"https:\/\/www.europesays.com\/fr\/241907\/"},"modified":"2025-07-11T07:14:11","modified_gmt":"2025-07-11T07:14:11","slug":"ouvert-pour-travaux-le-pavillon-francais-a-venise-exposition","status":"publish","type":"post","link":"https:\/\/www.europesays.com\/fr\/241907\/","title":{"rendered":"OUVERT POUR TRAVAUX : LE PAVILLON FRAN\u00c7AIS \u00c0 VENISE \u2014 EXPOSITION"},"content":{"rendered":"<p class=\"tagQuality etiquetteAbo\">Abonn\u00e9s\u00a0<img decoding=\"async\" src=\"data:image\/gif;base64,R0lGODdhAQABAPAAAMPDwwAAACwAAAAAAQABAAACAkQBADs=\" data-original=\"\/images\/logo-amc-abo-tag.png\" alt=\"AMC\"\/><\/p>\n<ul class=\"listTagHautPage\">\n<li class=\"textGras\">11\/07\/2025 \u00e0 07h00<\/li>\n<li><a href=\"https:\/\/www.amc-archi.com\/exposition\/\" target=\"_blank\" rel=\"noopener\">Exposition<\/a><\/li>\n<li><a href=\"https:\/\/www.amc-archi.com\/galerie\/\" target=\"_blank\" rel=\"noopener\">Galerie<\/a><\/li>\n<\/ul>\n<p>&#13;<br \/>\n\t<strong>Dans le cadre de la Biennale d&rsquo;architecture de Venise,\u00a0Dominique Jakob et Brendan MacFarlane, en association avec Martin Duplantier et Eric Daniel-Lacombe, pr\u00e9sentent l&rsquo;exposition\u00a0<\/strong><strong>\u00abVIVRE AVEC \/ LIVING WITH\u00bb j<\/strong><strong>usqu&rsquo;au 23 novembre 2025 sur le\u00a0site des Giardini.<\/strong><\/p>\n<p>                                <a class=\"subscription is-borderBox is-marginTop-20\" href=\"https:\/\/www.abonnement.infopro-digital.com\/amc\/formule\/276\/CTA-ST-ART?utm_medium=CTA&amp;utm_source=acquisition&amp;utm_campaign=abo-amc&amp;src_format=site_texte&amp;src_site=[return_url]&amp;src_emplacement_site=page_article&amp;src_variant=a\" target=\"_blank\" rel=\"nofollow noopener\" data-xiti-name=\"essai_article_ferme_amc\" data-xiti-chapter1=\"essai-article-ferme\" data-xiti-type=\"exit\"> Pour lire l&rsquo;int\u00e9gralit\u00e9 de cet article, abonnez-vous \u00e0 AMC &#8211; \u00e9dition Abonn\u00e9<br \/>\n    <\/a><\/p>\n<p>    <a class=\"subscription__mobile is-borderBox is-marginTop-20\" href=\"https:\/\/www.abonnement.infopro-digital.com\/offre-decouverte-amc-15-jours\/inscription\/483\/2863\/CTA-ST-ART?utm_medium=CTA&amp;utm_source=acquisition&amp;utm_campaign=essai-amc&amp;src_format=site_texte&amp;src_site=[return_url]&amp;src_emplacement_site=page_article&amp;src_variant=a\" target=\"_blank\" rel=\"noopener\"><br \/>\n        Pour lire l\u2019int\u00e9gralit\u00e9 de cet article, tester gratuitement AMC &#8211; \u00e9dition Abonn\u00e9<br \/>\n    <\/a><\/p>\n<p>                                                                                        Pavillon fran\u00e7ais, Dominique Jakob et Brendan MacFarlane en association avec Martin Duplantier et Eric Daniel-Lacombe, Biennale d&rsquo;architecture de Venise 2025<\/p>\n<p>                                                                                        &#8211;\u00a0\u00a9\u00a0Roland Halbe<\/p>\n<p>                    photo n\u00b0 1\/1<\/p>\n<p>                    <a href=\"https:\/\/www.amc-archi.com\/mediatheque\/8\/6\/0\/000414068\/9554-537451-k2-k1-1281975-jpg.jpg\" class=\"jqPopin is-noMobile\" target=\"_blank\" rel=\"noopener\"><img decoding=\"async\" src=\"data:image\/gif;base64,R0lGODdhAQABAPAAAMPDwwAAACwAAAAAAQABAAACAkQBADs=\" data-original=\"\/images\/zoom-article.png\" class=\"pictoZoom\" alt=\"Zoom sur l'image\"\/><\/a><br \/>\n                    <img decoding=\"async\" class=\"imagePrincipale\" itemprop=\"primaryImageOfPage\" src=\"data:image\/gif;base64,R0lGODdhAQABAPAAAMPDwwAAACwAAAAAAQABAAACAkQBADs=\" data-original=\"\/mediatheque\/8\/6\/0\/000414068_large\/9554-537451-k2-k1-1281975-jpg.jpg\" alt=\"OUVERT POUR TRAVAUX : LE PAVILLON FRAN\u00c7AIS \u00c0 VENISE \u2014 EXPOSITION\"\/><\/p>\n<blockquote class=\"articleLiesPagesGalerie\">\n<p class=\"titreArticleLiesPagesGalerie\">Articles Li\u00e9s<\/p>\n<\/blockquote>\n<p>                                                                                                                                                                                                                                                            Plusieurs pavillons \u00e9taient en berne lors de l&rsquo;\u00e9dition 2025 de la Biennale de Venise\u00a0 (lire p. 8)\u00a0 . Les repr\u00e9sentations russe et isra\u00e9lienne \u00e9taient [\u2026]<\/p>\n<p class=\"titleType1 titleType1--withLogo\">\n        ABONNEZ-VOUS POUR ACC\u00c9DER AU CONTENU DE\u00a0<br \/>\n        <img decoding=\"async\" class=\"titleType1__logoIn\" src=\"data:image\/gif;base64,R0lGODdhAQABAPAAAMPDwwAAACwAAAAAAQABAAACAkQBADs=\" data-original=\"\/images\/logo-amc-abo-text.png\" alt=\"AMC\"\/>\n    <\/p>\n<p class=\"blocPaywall__titleCol\">Pas encore abonn\u00e9\u00a0?<\/p>\n<p>            <img decoding=\"async\" class=\"\" src=\"data:image\/gif;base64,R0lGODdhAQABAPAAAMPDwwAAACwAAAAAAQABAAACAkQBADs=\" data-original=\"\/images\/multi-support-abo.png\" alt=\"AMC magazine et sa version digitale\"\/><\/p>\n","protected":false},"excerpt":{"rendered":"Abonn\u00e9s\u00a0 11\/07\/2025 \u00e0 07h00 Exposition Galerie &#13; Dans le cadre de la Biennale d&rsquo;architecture de Venise,\u00a0Dominique Jakob et&hellip;\n","protected":false},"author":2,"featured_media":241908,"comment_status":"","ping_status":"","sticky":false,"template":"","format":"standard","meta":{"footnotes":""},"categories":[1888],"tags":[11,4763,1777,674,3293,1011,27,10486,12,626,25],"class_list":{"0":"post-241907","1":"post","2":"type-post","3":"status-publish","4":"format-standard","5":"has-post-thumbnail","7":"category-paris","8":"tag-actualites","9":"tag-agenda","10":"tag-eu","11":"tag-europe","12":"tag-exposition","13":"tag-fr","14":"tag-france","15":"tag-galerie","16":"tag-news","17":"tag-paris","18":"tag-republique-francaise"},"share_on_mastodon":{"url":"https:\/\/pubeurope.com\/@fr\/114833369785246707","error":""},"_links":{"self":[{"href":"https:\/\/www.europesays.com\/fr\/wp-json\/wp\/v2\/posts\/241907","targetHints":{"allow":["GET"]}}],"collection":[{"href":"https:\/\/www.europesays.com\/fr\/wp-json\/wp\/v2\/posts"}],"about":[{"href":"https:\/\/www.europesays.com\/fr\/wp-json\/wp\/v2\/types\/post"}],"author":[{"embeddable":true,"href":"https:\/\/www.europesays.com\/fr\/wp-json\/wp\/v2\/users\/2"}],"replies":[{"embeddable":true,"href":"https:\/\/www.europesays.com\/fr\/wp-json\/wp\/v2\/comments?post=241907"}],"version-history":[{"count":0,"href":"https:\/\/www.europesays.com\/fr\/wp-json\/wp\/v2\/posts\/241907\/revisions"}],"wp:featuredmedia":[{"embeddable":true,"href":"https:\/\/www.europesays.com\/fr\/wp-json\/wp\/v2\/media\/241908"}],"wp:attachment":[{"href":"https:\/\/www.europesays.com\/fr\/wp-json\/wp\/v2\/media?parent=241907"}],"wp:term":[{"taxonomy":"category","embeddable":true,"href":"https:\/\/www.europesays.com\/fr\/wp-json\/wp\/v2\/categories?post=241907"},{"taxonomy":"post_tag","embeddable":true,"href":"https:\/\/www.europesays.com\/fr\/wp-json\/wp\/v2\/tags?post=241907"}],"curies":[{"name":"wp","href":"https:\/\/api.w.org\/{rel}","templated":true}]}}