{"id":241909,"date":"2025-07-11T07:15:11","date_gmt":"2025-07-11T07:15:11","guid":{"rendered":"https:\/\/www.europesays.com\/fr\/241909\/"},"modified":"2025-07-11T07:15:11","modified_gmt":"2025-07-11T07:15:11","slug":"paris-anne-hidalgo-decerne-la-medaille-grand-vermeil-a-fousseynou-samba-cisse-sauveteur-heroique-de-lincendie","status":"publish","type":"post","link":"https:\/\/www.europesays.com\/fr\/241909\/","title":{"rendered":"Paris\u00a0: Anne Hidalgo d\u00e9cerne la m\u00e9daille Grand Vermeil \u00e0 Fousseynou Samba Ciss\u00e9, sauveteur h\u00e9ro\u00efque de l\u2019incendie"},"content":{"rendered":"<p class=\"paragraph text_align_left lp-f-body-02\">Il n\u2019a pas h\u00e9sit\u00e9 une seconde pour <a href=\"https:\/\/www.leparisien.fr\/faits-divers\/je-nai-pas-reflechi-il-fallait-les-sauver-le-heros-de-lincendie-a-paris-raconte-son-morceau-de-bravoure-06-07-2025-GDWPMMU6KBC5DPBCOC6OK37VBA.php\" target=\"_blank\" rel=\"noreferrer nofollow noopener\">sauver six vies des flammes<\/a>. Fousseynou Samba Ciss\u00e9, l\u2019agent municipal devenu h\u00e9ros malgr\u00e9 lui, a re\u00e7u jeudi apr\u00e8s-midi la plus haute distinction de la capitale. Dans les salons de l\u2019H\u00f4tel de Ville, Anne Hidalgo lui a remis la m\u00e9daille Grand Vermeil de la ville de Paris, sous les yeux de ses proches.<\/p>\n<p class=\"paragraph text_align_left lp-f-body-02\">Une semaine apr\u00e8s son acte de bravoure dans <a href=\"https:\/\/www.leparisien.fr\/paris-75\/paris-75018\/\" target=\"_blank\" rel=\"noreferrer nofollow noopener\">le XVIIIe arrondissement<\/a>, ce trentenaire discret reste marqu\u00e9 par cette nuit o\u00f9, perch\u00e9 sur une minuscule corniche au 6e \u00e9tage d\u2019un immeuble, il a arrach\u00e9 une famille enti\u00e8re d\u2019un violent incendie. Deux b\u00e9b\u00e9s, deux enfants et deux adultes doivent aujourd\u2019hui la vie \u00e0 ce h\u00e9ros du quotidien.<\/p>\n<p class=\"title-embed-dailymotion lp-color-text lp-f-subtitle-04\">Vid\u00e9o\u00ab C&rsquo;est l&rsquo;instinct qui m&rsquo;a pouss\u00e9 \u00bb : le h\u00e9ros de l\u2019incendie \u00e0 Paris raconte son acte de bravoure<\/p>\n<p class=\"paragraph text_align_left lp-f-body-02\">\u00ab C\u2019est avec une immense fiert\u00e9 que je remets la m\u00e9daille Grand Vermeil \u00e0 Fousseynou Ciss\u00e9 (\u2026) Son acte h\u00e9ro\u00efque incroyable, son courage et son sang-froid extraordinaires nous ont toutes et tous boulevers\u00e9s \u00bb, a d\u00e9clar\u00e9 ce jeudi Anne Hidalgo. La maire de Paris ne s\u2019est pas arr\u00eat\u00e9e l\u00e0. Elle a annonc\u00e9 dans la foul\u00e9e la titularisation prochaine de cet agent municipal.<\/p>\n<p>De nouveau d\u00e9cor\u00e9 dimanche<\/p>\n<p class=\"paragraph text_align_left lp-f-body-02\">Un geste fort, doubl\u00e9 d\u2019une promesse : celle d\u2019accompagner personnellement Fousseynou dans ses d\u00e9marches pour obtenir la nationalit\u00e9 fran\u00e7aise. \u00ab Ces gestes traduisent la reconnaissance et la fiert\u00e9 de Paris, sa ville, et de toutes les Parisiennes et de tous les Parisiens \u00bb, a soulign\u00e9 l\u2019\u00e9dile.<\/p>\n<p class=\"paragraph text_align_left lp-f-body-02\">L\u2019histoire de ce h\u00e9ros ordinaire continue de bouleverser la France enti\u00e8re. Emmanuel Macron en personne l\u2019avait appel\u00e9 dimanche dernier pour le f\u00e9liciter. \u00ab <a href=\"https:\/\/www.leparisien.fr\/faits-divers\/javais-la-chair-de-poule-le-heros-de-lincendie-a-paris-felicite-par-emmanuel-macron-lui-meme-07-07-2025-QZ5ASTG55RGFZI3LH67TVO3QPE.php\" target=\"_blank\" rel=\"noreferrer nofollow noopener\">J\u2019avais la chair de poule<\/a> \u00bb, nous avait confi\u00e9 Fousseynou le jour de cet \u00e9change avec le pr\u00e9sident de la R\u00e9publique.<\/p>\n<p class=\"paragraph text_align_left lp-f-body-02\">\u00ab Je n\u2019ai pas r\u00e9fl\u00e9chi, il fallait les sauver \u00bb, r\u00e9p\u00e9tait-il encore la semaine derni\u00e8re dans nos colonnes. Une humilit\u00e9 qui force le respect, \u00e0 l\u2019image de cet homme qui incarne, selon les mots de la maire de Paris, \u00ab les valeurs de solidarit\u00e9, de fraternit\u00e9 et d\u2019entraide \u00bb.<\/p>\n<p class=\"paragraph text_align_left lp-f-body-02\">Ce dimanche, il sera <a href=\"https:\/\/www.leparisien.fr\/faits-divers\/fousseynou-cisse-le-heros-de-lincendie-a-paris-va-etre-decore-pour-acte-de-courage-07-07-2025-OFPDWID47JFW3E4CBNBPQAZ254.php\" target=\"_blank\" rel=\"noreferrer nofollow noopener\">de nouveau d\u00e9cor\u00e9 pour son geste<\/a>, a indiqu\u00e9 lundi le minist\u00e8re de l\u2019Int\u00e9rieur. \u00ab Je vais remettre une m\u00e9daille pour acte de courage et de d\u00e9vouement \u00e0 M. Fousseynou C., pour son action brave et h\u00e9ro\u00efque (\u2026) Cette m\u00e9daille saluant un courage r\u00e9publicain qui force l\u2019admiration lui sera remise le 13 juillet \u00bb, fait savoir le pr\u00e9fet de police de Paris, Laurent Nu\u00f1ez, sur X.<\/p>\n","protected":false},"excerpt":{"rendered":"Il n\u2019a pas h\u00e9sit\u00e9 une seconde pour sauver six vies des flammes. Fousseynou Samba Ciss\u00e9, l\u2019agent municipal devenu&hellip;\n","protected":false},"author":2,"featured_media":241910,"comment_status":"","ping_status":"","sticky":false,"template":"","format":"standard","meta":{"footnotes":""},"categories":[1888],"tags":[11,1777,674,1011,27,1944,12,626,25],"class_list":{"0":"post-241909","1":"post","2":"type-post","3":"status-publish","4":"format-standard","5":"has-post-thumbnail","7":"category-paris","8":"tag-actualites","9":"tag-eu","10":"tag-europe","11":"tag-fr","12":"tag-france","13":"tag-ma-ville","14":"tag-news","15":"tag-paris","16":"tag-republique-francaise"},"share_on_mastodon":{"url":"https:\/\/pubeurope.com\/@fr\/114833373571160716","error":""},"_links":{"self":[{"href":"https:\/\/www.europesays.com\/fr\/wp-json\/wp\/v2\/posts\/241909","targetHints":{"allow":["GET"]}}],"collection":[{"href":"https:\/\/www.europesays.com\/fr\/wp-json\/wp\/v2\/posts"}],"about":[{"href":"https:\/\/www.europesays.com\/fr\/wp-json\/wp\/v2\/types\/post"}],"author":[{"embeddable":true,"href":"https:\/\/www.europesays.com\/fr\/wp-json\/wp\/v2\/users\/2"}],"replies":[{"embeddable":true,"href":"https:\/\/www.europesays.com\/fr\/wp-json\/wp\/v2\/comments?post=241909"}],"version-history":[{"count":0,"href":"https:\/\/www.europesays.com\/fr\/wp-json\/wp\/v2\/posts\/241909\/revisions"}],"wp:featuredmedia":[{"embeddable":true,"href":"https:\/\/www.europesays.com\/fr\/wp-json\/wp\/v2\/media\/241910"}],"wp:attachment":[{"href":"https:\/\/www.europesays.com\/fr\/wp-json\/wp\/v2\/media?parent=241909"}],"wp:term":[{"taxonomy":"category","embeddable":true,"href":"https:\/\/www.europesays.com\/fr\/wp-json\/wp\/v2\/categories?post=241909"},{"taxonomy":"post_tag","embeddable":true,"href":"https:\/\/www.europesays.com\/fr\/wp-json\/wp\/v2\/tags?post=241909"}],"curies":[{"name":"wp","href":"https:\/\/api.w.org\/{rel}","templated":true}]}}