{"id":241919,"date":"2025-07-11T07:20:13","date_gmt":"2025-07-11T07:20:13","guid":{"rendered":"https:\/\/www.europesays.com\/fr\/241919\/"},"modified":"2025-07-11T07:20:13","modified_gmt":"2025-07-11T07:20:13","slug":"1990-le-jour-ou-lallemagne-a-ete-reunifiee","status":"publish","type":"post","link":"https:\/\/www.europesays.com\/fr\/241919\/","title":{"rendered":"1990, Le jour o\u00f9 l&rsquo;Allemagne a \u00e9t\u00e9 r\u00e9unifi\u00e9e"},"content":{"rendered":"<p>            Description de l&rsquo;\u00e9pisode<\/p>\n<p>\u00c0 l\u2019occasion de ses 70 ans, Europe 1 vous ouvre sa malle aux tr\u00e9sors tout au long de la saison. Chaque jour avec Laure Dautriche, revivez les grands moments qui ont fait l\u2019histoire de France et celle de notre antenne. Une plong\u00e9e ludique et instructive dans nos archives, de la cr\u00e9ation d\u2019Europe 1 en 1955 aux ann\u00e9es 2020 en passant par Salut Les Copains ou l\u2019homme sur la Lune. Aujourd\u2019hui, retour en 1990, le jour o\u00f9 l&rsquo;Allemagne a \u00e9t\u00e9 r\u00e9unifi\u00e9e, et la chute des r\u00e9gimes communistes<\/p>\n<p>Cet \u00e9pisode revient sur la r\u00e9unification de l&rsquo;Allemagne le 3 octobre 1990, marquant la fin du Bloc de l&rsquo;Est et des r\u00e9gimes communistes en Europe. Il explore les d\u00e9fis \u00e9conomiques et sociaux auxquels l&rsquo;Allemagne a \u00e9t\u00e9 confront\u00e9e suite \u00e0 cette unification.<\/p>\n<p>Notre \u00e9quipe a utilis\u00e9 un outil d\u2019Intelligence artificielle via les technologies d&rsquo;<a href=\"https:\/\/www.audiomeans.fr\/\" target=\"_self\" rel=\"nofollow noopener\">Audiomeans\u00a9<\/a> pour accompagner la cr\u00e9ation de ce contenu \u00e9crit.<\/p>\n","protected":false},"excerpt":{"rendered":"Description de l&rsquo;\u00e9pisode \u00c0 l\u2019occasion de ses 70 ans, Europe 1 vous ouvre sa malle aux tr\u00e9sors tout&hellip;\n","protected":false},"author":2,"featured_media":241920,"comment_status":"","ping_status":"","sticky":false,"template":"","format":"standard","meta":{"footnotes":""},"categories":[1587],"tags":[11,672,1804,1805,1803,1777,674,1801,12,1802],"class_list":{"0":"post-241919","1":"post","2":"type-post","3":"status-publish","4":"format-standard","5":"has-post-thumbnail","7":"category-allemagne","8":"tag-actualites","9":"tag-allemagne","10":"tag-bundesrepublik-deutschland","11":"tag-de","12":"tag-deutschland","13":"tag-eu","14":"tag-europe","15":"tag-germany","16":"tag-news","17":"tag-republique-federale-dallemagne"},"share_on_mastodon":{"url":"https:\/\/pubeurope.com\/@fr\/114833393264921953","error":""},"_links":{"self":[{"href":"https:\/\/www.europesays.com\/fr\/wp-json\/wp\/v2\/posts\/241919","targetHints":{"allow":["GET"]}}],"collection":[{"href":"https:\/\/www.europesays.com\/fr\/wp-json\/wp\/v2\/posts"}],"about":[{"href":"https:\/\/www.europesays.com\/fr\/wp-json\/wp\/v2\/types\/post"}],"author":[{"embeddable":true,"href":"https:\/\/www.europesays.com\/fr\/wp-json\/wp\/v2\/users\/2"}],"replies":[{"embeddable":true,"href":"https:\/\/www.europesays.com\/fr\/wp-json\/wp\/v2\/comments?post=241919"}],"version-history":[{"count":0,"href":"https:\/\/www.europesays.com\/fr\/wp-json\/wp\/v2\/posts\/241919\/revisions"}],"wp:featuredmedia":[{"embeddable":true,"href":"https:\/\/www.europesays.com\/fr\/wp-json\/wp\/v2\/media\/241920"}],"wp:attachment":[{"href":"https:\/\/www.europesays.com\/fr\/wp-json\/wp\/v2\/media?parent=241919"}],"wp:term":[{"taxonomy":"category","embeddable":true,"href":"https:\/\/www.europesays.com\/fr\/wp-json\/wp\/v2\/categories?post=241919"},{"taxonomy":"post_tag","embeddable":true,"href":"https:\/\/www.europesays.com\/fr\/wp-json\/wp\/v2\/tags?post=241919"}],"curies":[{"name":"wp","href":"https:\/\/api.w.org\/{rel}","templated":true}]}}