{"id":241923,"date":"2025-07-11T07:22:12","date_gmt":"2025-07-11T07:22:12","guid":{"rendered":"https:\/\/www.europesays.com\/fr\/241923\/"},"modified":"2025-07-11T07:22:12","modified_gmt":"2025-07-11T07:22:12","slug":"larmenie-et-lue-approfondissent-leur-cooperation-en-matiere-de-reformes-de-connectivite-et-de-securite","status":"publish","type":"post","link":"https:\/\/www.europesays.com\/fr\/241923\/","title":{"rendered":"L&rsquo;Arm\u00e9nie et l&rsquo;UE approfondissent leur coop\u00e9ration en mati\u00e8re de r\u00e9formes, de connectivit\u00e9 et de s\u00e9curit\u00e9"},"content":{"rendered":"<p>L\u2019Arm\u00e9nie et l\u2019UE ont soulign\u00e9 la dynamique significative de leur partenariat, fond\u00e9e sur leur attachement \u00e0 des valeurs communes. Elles ont salu\u00e9 les annonces importantes faites par le ministre arm\u00e9nien des Affaires \u00e9trang\u00e8res, Ararat Mirzoyan, et la haute repr\u00e9sentante et vice-pr\u00e9sidente de l\u2019UE, Kaja Kallas, lors de sa visite en Arm\u00e9nie les 29 et 30 juin 2025. Il s\u2019agit notamment d\u2019un accord politique sur le nouveau programme de partenariat Arm\u00e9nie-UE et de l\u2019adoption par la Commission d\u2019une proposition de plan d\u2019action pour la lib\u00e9ralisation du r\u00e9gime des visas. Ces d\u00e9cisions rapprocheront l\u2019Arm\u00e9nie et l\u2019UE.<\/p>\n<p>L\u2019Arm\u00e9nie et l\u2019UE ont \u00e9galement salu\u00e9 les progr\u00e8s r\u00e9alis\u00e9s dans la mise en \u0153uvre du Plan de r\u00e9silience et de croissance de 270 millions d\u2019euros, qui soutient une coop\u00e9ration sectorielle plus \u00e9troite de l\u2019Arm\u00e9nie avec l\u2019UE et tire parti des investissements \u00e0 grande \u00e9chelle dans la connectivit\u00e9 et les entreprises dans le cadre de la passerelle mondiale de l\u2019UE et conform\u00e9ment \u00e0 l\u2019initiative \u00ab Carrefour de la paix \u00bb.<\/p>\n<p>Le Comit\u00e9 de partenariat a examin\u00e9 les d\u00e9veloppements relatifs \u00e0 l\u2019\u00c9tat de droit, \u00e0 la r\u00e9forme de la justice, \u00e0 l\u2019application des lois, aux droits de l\u2019homme et \u00e0 la lutte contre la corruption. L\u2019UE a salu\u00e9 l\u2019engagement de l\u2019Arm\u00e9nie en faveur de la d\u00e9mocratie, de l\u2019\u00c9tat de droit et des droits de l\u2019homme, ainsi que les progr\u00e8s tangibles r\u00e9alis\u00e9s \u00e0 cet \u00e9gard. L\u2019UE a soulign\u00e9 la n\u00e9cessit\u00e9 de r\u00e9formes soutenues dans ces domaines et de mesures suppl\u00e9mentaires pour \u00e9liminer la discrimination, quel qu\u2019en soit le motif. Les deux parties ont insist\u00e9 sur l\u2019importance d\u2019une participation significative de la soci\u00e9t\u00e9 civile \u00e0 la prise de d\u00e9cision et aux affaires publiques.<\/p>\n<p>L\u2019Arm\u00e9nie et l\u2019UE ont \u00e9galement discut\u00e9 des moyens de promouvoir une connectivit\u00e9 r\u00e9gionale inclusive, d\u2019am\u00e9liorer la diversification \u00e9conomique et les \u00e9changes mutuels, d\u2019acc\u00e9l\u00e9rer les transitions num\u00e9rique et verte, de renforcer la coop\u00e9ration dans le domaine de la s\u00e9curit\u00e9 \u00e9nerg\u00e9tique et de renforcer la coop\u00e9ration en mati\u00e8re d\u2019action climatique.<\/p>\n<p>En mati\u00e8re de politique \u00e9trang\u00e8re, de s\u00e9curit\u00e9 et de d\u00e9fense, les parties ont salu\u00e9 la r\u00e9cente signature de l\u2019accord entre l\u2019Arm\u00e9nie et l\u2019UE \u00e9tablissant un cadre pour la participation de l\u2019Arm\u00e9nie aux missions et op\u00e9rations de gestion de crise de l\u2019UE, ainsi que le lancement des premi\u00e8res consultations Arm\u00e9nie-UE sur la s\u00e9curit\u00e9 et la d\u00e9fense. Les deux parties ont discut\u00e9 de nouveaux domaines de coop\u00e9ration, en mettant l\u2019accent sur le renforcement de la r\u00e9silience face aux menaces hybrides et cybern\u00e9tiques, aux ing\u00e9rences \u00e9trang\u00e8res et \u00e0 la d\u00e9sinformation. Elles ont \u00e9galement r\u00e9affirm\u00e9 l\u2019importance de la contribution de la mission de l\u2019UE en Arm\u00e9nie \u00e0 la paix et \u00e0 la stabilit\u00e9 dans la r\u00e9gion.<\/p>\n<p>Le Comit\u00e9 de partenariat a \u00e9galement discut\u00e9 des d\u00e9veloppements r\u00e9gionaux et du processus de normalisation entre l\u2019Arm\u00e9nie et l\u2019Azerba\u00efdjan. L\u2019UE a salu\u00e9 l\u2019accord sur le texte d\u2019un projet de trait\u00e9 de paix entre l\u2019Arm\u00e9nie et l\u2019Azerba\u00efdjan, appelant \u00e0 sa signature et \u00e0 sa ratification. L\u2019UE a \u00e9galement soulign\u00e9 son plein soutien \u00e0 la souverainet\u00e9 et \u00e0 l\u2019int\u00e9grit\u00e9 territoriale de l\u2019Arm\u00e9nie, ainsi qu\u2019\u00e0 l\u2019inviolabilit\u00e9 de ses fronti\u00e8res internationalement reconnues sur la base de la d\u00e9claration d\u2019Alma-Ata de 1991. L\u2019UE a \u00e9galement exprim\u00e9 son soutien aux efforts de l\u2019Arm\u00e9nie pour parvenir \u00e0 une normalisation compl\u00e8te de ses relations avec la Turquie.<\/p>\n<p>La r\u00e9union a \u00e9t\u00e9 copr\u00e9sid\u00e9e par Vahan Kostanyan, vice-ministre des Affaires \u00e9trang\u00e8res d\u2019Arm\u00e9nie et Audrone Perkauskiene, directeur g\u00e9n\u00e9ral adjoint pour l\u2019Europe de l\u2019Est et la Russie au Service europ\u00e9en pour l\u2019action ext\u00e9rieure.<\/p>\n","protected":false},"excerpt":{"rendered":"L\u2019Arm\u00e9nie et l\u2019UE ont soulign\u00e9 la dynamique significative de leur partenariat, fond\u00e9e sur leur attachement \u00e0 des valeurs&hellip;\n","protected":false},"author":2,"featured_media":241924,"comment_status":"","ping_status":"","sticky":false,"template":"","format":"standard","meta":{"footnotes":""},"categories":[1586],"tags":[11,5950,15149,312,1777,674,1779,1011,27,12,25,1778,364],"class_list":{"0":"post-241923","1":"post","2":"type-post","3":"status-publish","4":"format-standard","5":"has-post-thumbnail","7":"category-europe","8":"tag-actualites","9":"tag-armenie","10":"tag-azerbaidjan","11":"tag-diplomatie","12":"tag-eu","13":"tag-europe","14":"tag-european-union","15":"tag-fr","16":"tag-france","17":"tag-news","18":"tag-republique-francaise","19":"tag-ue","20":"tag-union-europeenne"},"share_on_mastodon":{"url":"https:\/\/pubeurope.com\/@fr\/114833401035511500","error":""},"_links":{"self":[{"href":"https:\/\/www.europesays.com\/fr\/wp-json\/wp\/v2\/posts\/241923","targetHints":{"allow":["GET"]}}],"collection":[{"href":"https:\/\/www.europesays.com\/fr\/wp-json\/wp\/v2\/posts"}],"about":[{"href":"https:\/\/www.europesays.com\/fr\/wp-json\/wp\/v2\/types\/post"}],"author":[{"embeddable":true,"href":"https:\/\/www.europesays.com\/fr\/wp-json\/wp\/v2\/users\/2"}],"replies":[{"embeddable":true,"href":"https:\/\/www.europesays.com\/fr\/wp-json\/wp\/v2\/comments?post=241923"}],"version-history":[{"count":0,"href":"https:\/\/www.europesays.com\/fr\/wp-json\/wp\/v2\/posts\/241923\/revisions"}],"wp:featuredmedia":[{"embeddable":true,"href":"https:\/\/www.europesays.com\/fr\/wp-json\/wp\/v2\/media\/241924"}],"wp:attachment":[{"href":"https:\/\/www.europesays.com\/fr\/wp-json\/wp\/v2\/media?parent=241923"}],"wp:term":[{"taxonomy":"category","embeddable":true,"href":"https:\/\/www.europesays.com\/fr\/wp-json\/wp\/v2\/categories?post=241923"},{"taxonomy":"post_tag","embeddable":true,"href":"https:\/\/www.europesays.com\/fr\/wp-json\/wp\/v2\/tags?post=241923"}],"curies":[{"name":"wp","href":"https:\/\/api.w.org\/{rel}","templated":true}]}}