{"id":241933,"date":"2025-07-11T07:28:09","date_gmt":"2025-07-11T07:28:09","guid":{"rendered":"https:\/\/www.europesays.com\/fr\/241933\/"},"modified":"2025-07-11T07:28:09","modified_gmt":"2025-07-11T07:28:09","slug":"baptiste-serin-sur-le-podium-des-meilleurs-demi-de-melee-du-top-14","status":"publish","type":"post","link":"https:\/\/www.europesays.com\/fr\/241933\/","title":{"rendered":"Baptiste Serin sur le podium des meilleurs demi de m\u00eal\u00e9e du Top 14 !"},"content":{"rendered":"<p>Ce vendredi, Midi Olympique d\u00e9voile dans son \u00e9dition du Midol vert le Top 10 des meilleurs demi de m\u00eal\u00e9e du Top 14 2024-2025.<\/p>\n<p>Auteur d\u2019une saison remarquable, aussi bien en club qu\u2019en \u00e9quipe de France o\u00f9 il a suppl\u00e9\u00e9 Antoine Dupont, Maxime Lucu est le num\u00e9ro un de ce Top.<\/p>\n<p>Titulaire en Nouvelle-Z\u00e9lande avec les Bleus, Nolann Le Garrec, le futur Rochelais, est sur la deuxi\u00e8me marche.<\/p>\n<p>Enfin, Baptiste Serin auteur d\u2019une tr\u00e8s bonne saison avec Toulon figure sur le podium.<\/p>\n<p><strong>Le Top 10 des demi de m\u00eal\u00e9e selon Midi Olympique :<\/strong><\/p>\n<ol>\n<li>Maxime Lucu (UBB)<\/li>\n<li>Nolann Le Garrec (Racing 92)<\/li>\n<li>Baptiste Serin (Toulon)<\/li>\n<li>Baptiste Couilloud (Lyon)<\/li>\n<li>Santiago Arata (Castres)<\/li>\n<li>Baptiste Jauneau (Clermont)<\/li>\n<li>Paul Graou (Toulouse)<\/li>\n<li>Guillaume Rouet (Bayonne)<\/li>\n<li>Thibault Daubagna (Pau)<\/li>\n<li>L\u00e9o Coly (MHR)<\/li>\n<\/ol>\n","protected":false},"excerpt":{"rendered":"Ce vendredi, Midi Olympique d\u00e9voile dans son \u00e9dition du Midol vert le Top 10 des meilleurs demi de&hellip;\n","protected":false},"author":2,"featured_media":241934,"comment_status":"","ping_status":"","sticky":false,"template":"","format":"standard","meta":{"footnotes":""},"categories":[1416],"tags":[1011,27,479,1468,60],"class_list":{"0":"post-241933","1":"post","2":"type-post","3":"status-publish","4":"format-standard","5":"has-post-thumbnail","7":"category-rugby","8":"tag-fr","9":"tag-france","10":"tag-rugby","11":"tag-rugby-football","12":"tag-sports"},"share_on_mastodon":{"url":"https:\/\/pubeurope.com\/@fr\/114833424556695762","error":""},"_links":{"self":[{"href":"https:\/\/www.europesays.com\/fr\/wp-json\/wp\/v2\/posts\/241933","targetHints":{"allow":["GET"]}}],"collection":[{"href":"https:\/\/www.europesays.com\/fr\/wp-json\/wp\/v2\/posts"}],"about":[{"href":"https:\/\/www.europesays.com\/fr\/wp-json\/wp\/v2\/types\/post"}],"author":[{"embeddable":true,"href":"https:\/\/www.europesays.com\/fr\/wp-json\/wp\/v2\/users\/2"}],"replies":[{"embeddable":true,"href":"https:\/\/www.europesays.com\/fr\/wp-json\/wp\/v2\/comments?post=241933"}],"version-history":[{"count":0,"href":"https:\/\/www.europesays.com\/fr\/wp-json\/wp\/v2\/posts\/241933\/revisions"}],"wp:featuredmedia":[{"embeddable":true,"href":"https:\/\/www.europesays.com\/fr\/wp-json\/wp\/v2\/media\/241934"}],"wp:attachment":[{"href":"https:\/\/www.europesays.com\/fr\/wp-json\/wp\/v2\/media?parent=241933"}],"wp:term":[{"taxonomy":"category","embeddable":true,"href":"https:\/\/www.europesays.com\/fr\/wp-json\/wp\/v2\/categories?post=241933"},{"taxonomy":"post_tag","embeddable":true,"href":"https:\/\/www.europesays.com\/fr\/wp-json\/wp\/v2\/tags?post=241933"}],"curies":[{"name":"wp","href":"https:\/\/api.w.org\/{rel}","templated":true}]}}