{"id":241935,"date":"2025-07-11T07:29:09","date_gmt":"2025-07-11T07:29:09","guid":{"rendered":"https:\/\/www.europesays.com\/fr\/241935\/"},"modified":"2025-07-11T07:29:09","modified_gmt":"2025-07-11T07:29:09","slug":"wimbledon-mouratoglou-se-paie-ivanisevic-qui-entraine-tsitsipas-ce-nest-pas-du-coaching-cest-meme-honnetement-le-contraire-de-ce-que-devrait-etre-le-coaching-je-serais-tres-surpris-quils-pu","status":"publish","type":"post","link":"https:\/\/www.europesays.com\/fr\/241935\/","title":{"rendered":"Wimbledon > Mouratoglou se paie Ivanisevic, qui entra\u00eene Tsitsipas : \u00ab\u00a0Ce n&rsquo;est pas du coaching. C&rsquo;est m\u00eame honn\u00eatement le contraire de ce que devrait \u00eatre le coaching. Je serais tr\u00e8s surpris qu&rsquo;ils puissent travailler ensemble correctement\u00a0\u00bb"},"content":{"rendered":"<p>\u00ab\u202fJ\u2019\u00e9tais sous le choc, je n\u2019ai jamais vu un joueur aussi mal pr\u00e9par\u00e9 de ma vie. Avec mon genou, je suis trois fois plus en forme que lui. C\u2019est vrai\u00adment terrible\u202f\u00bb, <a href=\"https:\/\/www.welovetennis.fr\/wimbledon\/ivanisevic-coach-de-tsitsipas-depuis-un-mois-jetais-sous-le-choc-je-nai-jamais-vu-un-joueur-aussi-mal-prepare-de-ma-vie-avec-mon-genou-je-suis-trois-fois-plus-en-forme-que-lui-cest-vrai\" data-wpel-link=\"internal\" rel=\"nofollow noopener\" target=\"_blank\">a l\u00e2ch\u00e9 Goran Ivanisevic au micro de Sportklub \u00e0 propos de Stefanos Tsitsipas<\/a>, qu\u2019il entra\u00eene depuis un\u00a0mois.\u00a0<\/p>\n<p>Cette d\u00e9cla\u00adra\u00adtion inter\u00advenue apr\u00e8s l\u2019\u00e9li\u00admi\u00adna\u00adtion du Grec au premier tour de Wimbledon a suscit\u00e9 beau\u00adcoup de r\u00e9ac\u00adtions, notam\u00adment de la part du coach fran\u00ad\u00e7ais, Patrick Mouratoglou, en total d\u00e9sac\u00adcord avec ce genre de sortie m\u00e9diatique.\u00a0<\/p>\n<p><strong>\u00ab\u202fMa concep\u00adtion du coaching n\u2019a rien \u00e0 voir avec celle sugg\u00e9r\u00e9e par Goran Ivanisevic. Si Goran accepte le poste, c\u2019est proba\u00adble\u00adment parce qu\u2019il sait que Stefanos ne fait pas les choses correc\u00adte\u00adment ou que des chan\u00adge\u00adments s\u2019im\u00adposent. C\u2019est une p\u00e9riode diffi\u00adcile pour Stef. Il n\u2019ob\u00adtient pas les m\u00eames r\u00e9sul\u00adtats qu\u2019a\u00advant. Pointer quel\u00adqu\u2019un du doigt n\u2019aide en rien. Et surtout, ce n\u2019est pas du coaching. Le coaching, ce n\u2019est pas juger. Jamais. C\u2019est tout le contraire. C\u2019est comprendre les compor\u00adte\u00adments et essayer d\u2019aider la personne en \u00e9tant \u00e0 ses c\u00f4t\u00e9s, dans le m\u00eame bateau. J\u2019ai l\u2019im\u00adpres\u00adsion que Goran a honte des r\u00e9sul\u00adtats et qu\u2019il veut se distan\u00adcier de Stefanos. Comme s\u2019il disait\u00a0: \u2018Moi\u202f? Je suis bon. Mais lui, il n\u2019est pas bon. C\u2019est sa faute.\u2019 Ce n\u2019est pas du coaching. C\u2019est honn\u00ea\u00adte\u00adment le contraire de ce que devrait \u00eatre le coaching. On peut parler publi\u00adque\u00adment de son joueur, mais pas en le jetant en p\u00e2ture. Je ne connais pas les d\u00e9tails, mais je serais tr\u00e8s surpris qu\u2019ils puissent travailler ensemble correc\u00adte\u00adment. Il faut instaurer la confiance. Ce n\u2019est pas ainsi qu\u2019on instaure la confiance avec son joueur.\u202f\u00bb<\/strong><\/p>\n<p class=\"post-published-date\" style=\"color: silver; font-size: 75%; text-align: left;\">Publi\u00e9 le vendredi 11 juillet 2025 \u00e0 08:40<\/p>\n","protected":false},"excerpt":{"rendered":"\u00ab\u202fJ\u2019\u00e9tais sous le choc, je n\u2019ai jamais vu un joueur aussi mal pr\u00e9par\u00e9 de ma vie. Avec mon&hellip;\n","protected":false},"author":2,"featured_media":20753,"comment_status":"","ping_status":"","sticky":false,"template":"","format":"standard","meta":{"footnotes":""},"categories":[1415],"tags":[1011,27,60,1467,5443],"class_list":{"0":"post-241935","1":"post","2":"type-post","3":"status-publish","4":"format-standard","5":"has-post-thumbnail","7":"category-tennis","8":"tag-fr","9":"tag-france","10":"tag-sports","11":"tag-tennis","12":"tag-tsitsipas"},"share_on_mastodon":{"url":"https:\/\/pubeurope.com\/@fr\/114833428513603774","error":""},"_links":{"self":[{"href":"https:\/\/www.europesays.com\/fr\/wp-json\/wp\/v2\/posts\/241935","targetHints":{"allow":["GET"]}}],"collection":[{"href":"https:\/\/www.europesays.com\/fr\/wp-json\/wp\/v2\/posts"}],"about":[{"href":"https:\/\/www.europesays.com\/fr\/wp-json\/wp\/v2\/types\/post"}],"author":[{"embeddable":true,"href":"https:\/\/www.europesays.com\/fr\/wp-json\/wp\/v2\/users\/2"}],"replies":[{"embeddable":true,"href":"https:\/\/www.europesays.com\/fr\/wp-json\/wp\/v2\/comments?post=241935"}],"version-history":[{"count":0,"href":"https:\/\/www.europesays.com\/fr\/wp-json\/wp\/v2\/posts\/241935\/revisions"}],"wp:featuredmedia":[{"embeddable":true,"href":"https:\/\/www.europesays.com\/fr\/wp-json\/wp\/v2\/media\/20753"}],"wp:attachment":[{"href":"https:\/\/www.europesays.com\/fr\/wp-json\/wp\/v2\/media?parent=241935"}],"wp:term":[{"taxonomy":"category","embeddable":true,"href":"https:\/\/www.europesays.com\/fr\/wp-json\/wp\/v2\/categories?post=241935"},{"taxonomy":"post_tag","embeddable":true,"href":"https:\/\/www.europesays.com\/fr\/wp-json\/wp\/v2\/tags?post=241935"}],"curies":[{"name":"wp","href":"https:\/\/api.w.org\/{rel}","templated":true}]}}