{"id":241936,"date":"2025-07-11T07:31:11","date_gmt":"2025-07-11T07:31:11","guid":{"rendered":"https:\/\/www.europesays.com\/fr\/241936\/"},"modified":"2025-07-11T07:31:11","modified_gmt":"2025-07-11T07:31:11","slug":"barry-baltus-et-stoffel-vandoorne-deux-belges-a-la-chasse-au-resultat-ce-week-end-sur-ln24","status":"publish","type":"post","link":"https:\/\/www.europesays.com\/fr\/241936\/","title":{"rendered":"Barry Baltus et Stoffel Vandoorne deux Belges \u00e0 la chasse au r\u00e9sultat ce week-end sur LN24"},"content":{"rendered":"<p>1. Moto GP : l&rsquo;heure de la revanche pour Barry Baltus<\/p>\n<p class=\"ap-StoryElement ap-StoryElement--mb ap-StoryText\">Apr\u00e8s avoir conquis trois places sur le podium lors d&rsquo;un d\u00e9but de saison tonitruant, le jeune pilote belge Barry <a href=\"https:\/\/www.dhnet.be\/sports\/moteurs\/motogp\/2025\/06\/29\/moto2-barry-baltus-chute-et-abandonne-des-le-7e-tour-aux-pays-bas-N7DPCQP26JDCXH3QC4FXT44JBM\/\" target=\"_blank\" rel=\"nofollow noopener\">Baltus <\/a>semble manger son pain noir depuis deux Grands Prix. Une d\u00e9cevante onzi\u00e8me place \u00e0 Mugello en Italie et, pire, une chute et un abandon \u00e0 Assen au Grand Prix des Pays-Bas. De quoi le faire d\u00e9crocher au classement g\u00e9n\u00e9ral des pilotes.<\/p>\n<p class=\"ap-StoryElement ap-StoryElement--mb ap-StoryText\">Le championnat atteint sa ligne m\u00e9diane avec le Grand Prix d&rsquo;Allemagne sur le circuit de Sachsenring. Barry Baltus nous doit et se doit une revanche<\/p>\n<p>2. Formula E : Stoffel Vandoorne chasse sa 2e victoire de la saison<\/p>\n<p class=\"ap-StoryElement ap-StoryElement--mb ap-StoryText\">Poussons une pointe (en respectant les limites de vitesse \u00e9videmment\u2026) plus au nord de l&rsquo;Allemagne. Direction Berlin pour la 13e et 14e manche du championnat du monde de Formula E (le cousin \u00e9lectrique de la Formule 1).<\/p>\n<p class=\"ap-StoryElement ap-StoryElement--mb ap-StoryText\">Jadis champion du monde de la cat\u00e9gorie, l&rsquo;ex pilote belge de F1 Stoffel <a href=\"https:\/\/www.dhnet.be\/sports\/moteurs\/2025\/06\/21\/formule-e-stoffel-vandoorne-abandonne-un-eprix-de-jakarta-renversant-remporte-par-dan-ticktum-EJCSPCLY3ZAX5C4K42XFEJYV2Y\/\" target=\"_blank\" rel=\"nofollow noopener\">Vandoorne<\/a> a d\u00e9j\u00e0 accroch\u00e9 une manche \u00e0 son palmar\u00e8s cette saison. C&rsquo;\u00e9tait au Japon.<\/p>\n<p class=\"ap-StoryElement ap-StoryElement--mb ap-StoryText\">Sur le circuit berlinois, il esp\u00e8re d\u00e9crocher un bon r\u00e9sultat avec sa Maserati.<\/p>\n<p>3. Bonsoir le Foot : la der de la saison<\/p>\n<p class=\"ap-StoryElement ap-StoryElement--mb ap-StoryText\">Le talk foot au ton volontairement d\u00e9complex\u00e9 et offensif met un terme \u00e0 sa (longue) saison. En collaboration avec <a href=\"https:\/\/www.dhnet.be\/sports\/football\/2025\/07\/10\/bonne-nouvelle-pour-les-amateurs-de-football-la-premier-league-et-la-bundesliga-toujours-diffusees-en-belgique-la-saison-prochaine-sur-ces-chaines-4VNZMKPQXNB5FIQDXQBULBEROQ\/\" target=\"_blank\" rel=\"nofollow noopener\">DAZN<\/a>, la coupe du monde des clubs et sa finale Chelsea-<a href=\"https:\/\/www.dhnet.be\/sports\/football\/2025\/07\/09\/debut-de-match-catastrophique-pour-le-real-malgre-un-enorme-courtois-le-psg-en-plante-deux-en-seulement-huit-minutes-videos-RYK64MXNYVDGRINXGG6NMSHKSU\/\" target=\"_blank\" rel=\"nofollow noopener\">PSG <\/a>seront au c\u0153ur des d\u00e9bats. Vous aimez pu profiter tout au long de la comp\u00e9tition des meilleurs moments de ces matches de haut niveau.<\/p>\n<p class=\"ap-StoryElement ap-StoryElement--mb ap-StoryText\">Sans oublier les rubriques que vous aimez : les tacles (toujours ac\u00e9r\u00e9s), le scoop de Sacha Tavolieri et les joueurs de la semaine.<\/p>\n<p class=\"ap-StoryElement ap-StoryElement--mb ap-StoryText\">De quoi, une fois de plus, alimenter des d\u00e9bats anim\u00e9s. Pas de panique, Bonsoir le Foot prend un peu de vacances avant un retour \u00e0 la rentr\u00e9e avec Nicolas Pipyn aux manettes et des nouveaut\u00e9s.<\/p>\n<p class=\"ap-StoryElement ap-StoryElement--mb ap-StoryText\">Bon week-end sportif sur LN24<\/p>\n","protected":false},"excerpt":{"rendered":"1. Moto GP : l&rsquo;heure de la revanche pour Barry Baltus Apr\u00e8s avoir conquis trois places sur le&hellip;\n","protected":false},"author":2,"featured_media":191714,"comment_status":"","ping_status":"","sticky":false,"template":"","format":"standard","meta":{"footnotes":""},"categories":[1413],"tags":[1011,27,1457,1456,60],"class_list":{"0":"post-241936","1":"post","2":"type-post","3":"status-publish","4":"format-standard","5":"has-post-thumbnail","7":"category-moto","8":"tag-fr","9":"tag-france","10":"tag-moto","11":"tag-motocycle","12":"tag-sports"},"share_on_mastodon":{"url":"https:\/\/pubeurope.com\/@fr\/114833436426459275","error":""},"_links":{"self":[{"href":"https:\/\/www.europesays.com\/fr\/wp-json\/wp\/v2\/posts\/241936","targetHints":{"allow":["GET"]}}],"collection":[{"href":"https:\/\/www.europesays.com\/fr\/wp-json\/wp\/v2\/posts"}],"about":[{"href":"https:\/\/www.europesays.com\/fr\/wp-json\/wp\/v2\/types\/post"}],"author":[{"embeddable":true,"href":"https:\/\/www.europesays.com\/fr\/wp-json\/wp\/v2\/users\/2"}],"replies":[{"embeddable":true,"href":"https:\/\/www.europesays.com\/fr\/wp-json\/wp\/v2\/comments?post=241936"}],"version-history":[{"count":0,"href":"https:\/\/www.europesays.com\/fr\/wp-json\/wp\/v2\/posts\/241936\/revisions"}],"wp:featuredmedia":[{"embeddable":true,"href":"https:\/\/www.europesays.com\/fr\/wp-json\/wp\/v2\/media\/191714"}],"wp:attachment":[{"href":"https:\/\/www.europesays.com\/fr\/wp-json\/wp\/v2\/media?parent=241936"}],"wp:term":[{"taxonomy":"category","embeddable":true,"href":"https:\/\/www.europesays.com\/fr\/wp-json\/wp\/v2\/categories?post=241936"},{"taxonomy":"post_tag","embeddable":true,"href":"https:\/\/www.europesays.com\/fr\/wp-json\/wp\/v2\/tags?post=241936"}],"curies":[{"name":"wp","href":"https:\/\/api.w.org\/{rel}","templated":true}]}}