{"id":241942,"date":"2025-07-11T07:35:10","date_gmt":"2025-07-11T07:35:10","guid":{"rendered":"https:\/\/www.europesays.com\/fr\/241942\/"},"modified":"2025-07-11T07:35:10","modified_gmt":"2025-07-11T07:35:10","slug":"fabrice-luchini-on-va-crever-cette-maison-de-vacances-sur-lile-de-re-dont-il-a-du-se-separer-pour-une-raison-choc","status":"publish","type":"post","link":"https:\/\/www.europesays.com\/fr\/241942\/","title":{"rendered":"Fabrice Luchini : \u00ab\u00a0On va crever&#8230;\u00a0\u00bb, cette maison de vacances sur l&rsquo;\u00cele de R\u00e9 dont il a d\u00fb se s\u00e9parer pour une raison choc"},"content":{"rendered":"<p>On le conna\u00eet pour ses envol\u00e9es lyriques, sa passion des textes<br \/>\net sa verve inimitable. Mais en septembre 2023, sur le plateau de<br \/>\nC \u00e0 Vous, <a href=\"https:\/\/www.closermag.fr\/people\/fabrice-luchini-etrille-la-gauche-sur-le-plateau-de-c-a-vous-1406085\" target=\"_blank\" rel=\"noopener\"><br \/>\nFabrice Luchini<\/a> s\u2019est montr\u00e9 sous un jour plus grave, presque<br \/>\nd\u00e9sabus\u00e9, expliquait alors <a href=\"https:\/\/www.lefigaro.fr\/cinema\/les-dernieres-vacances-de-fabrice-luchini-avant-l-engloutissement-de-l-ile-de-re-sous-les-eaux-20231023\" rel=\"nofollow noopener\" target=\"_blank\">Le Figaro<\/a>. Face \u00e0 l\u2019urgence climatique,<br \/>\n<strong>l\u2019acteur a confi\u00e9 avoir vendu sa maison de vacances sur<br \/>\nl\u2019\u00cele de R\u00e9<\/strong>, qu\u2019il consid\u00e9rait pourtant comme un havre de<br \/>\npaix.<\/p>\n<p>\u00ab\u00a0On va crever, c\u2019est presque s\u00fbr\u00a0\u00bb, avait-il lanc\u00e9, dans<br \/>\nun m\u00e9lange de lucidit\u00e9 et d\u2019humour noir. Une phrase choc, dans la<br \/>\nbouche d\u2019un homme qui observe le monde avec une acuit\u00e9 rare. \u00c0 ses<br \/>\nyeux, la mont\u00e9e des eaux est une fatalit\u00e9. <strong>Et son<br \/>\nattachement pour l\u2019\u00cele de R\u00e9, balay\u00e9 par une inqui\u00e9tude bien plus<br \/>\nvaste<\/strong>.<\/p>\n<p>Une maison de c\u0153ur\u2026 et un adieu anticip\u00e9<\/p>\n<p>Fabrice Luchini avait pris l\u2019habitude de s\u2019\u00e9clipser dans sa<br \/>\nmaison r\u00e9taise pour fuir l\u2019agitation parisienne. Mais cette<br \/>\nparenth\u00e8se enchant\u00e9e s\u2019est referm\u00e9e brutalement. L\u2019acteur a<br \/>\nexpliqu\u00e9 avoir re\u00e7u un avertissement : <strong>dans une douzaine<br \/>\nd\u2019ann\u00e9es, l\u2019\u00eele pourrait \u00eatre submerg\u00e9e<\/strong>. \u00ab\u00a0J\u2019ai senti<br \/>\nqu\u2019il fallait s\u2019arracher\u00a0\u00bb, avait-il racont\u00e9, presque r\u00e9sign\u00e9.<br \/>\nPour lui, l\u2019\u00cele de R\u00e9, tout comme Noirmoutier, pourrait bien ne<br \/>\nplus exister d\u2019ici 2035.<\/p>\n<p>Cette d\u00e9cision, \u00e0 la fois intime et symbolique, est le reflet<br \/>\nd\u2019un malaise grandissant face au <a href=\"https:\/\/www.closermag.fr\/vecu\/faits-divers\/un-ours-polaire-agonisant-a-cause-du-rechauffement-climatique-bouleverse-le-monde-entier-766580\" target=\"_blank\" rel=\"noopener\"><br \/>\nr\u00e9chauffement climatique<\/a>. Fabrice Luchini, loin de faire de la<br \/>\npolitique, posait alors un geste personnel fort. <strong>Un adieu \u00e0<br \/>\nun lieu qu\u2019il aimait profond\u00e9ment, mais qu\u2019il estimait \u00eatre d\u00e9j\u00e0<br \/>\ncondamn\u00e9<\/strong>.<\/p>\n<p>Une vie bien remplie malgr\u00e9 tout<\/p>\n<p>Depuis ces confidences, <a href=\"https:\/\/www.closermag.fr\/people\/fabrice-luchini-qui-est-la-mere-de-sa-fille-emma-1447073\" target=\"_blank\" rel=\"noopener\"><br \/>\nFabrice Luchini<\/a> n\u2019a pas ralenti la cadence. En 2023 d\u00e9j\u00e0, il<br \/>\n\u00e9tait \u00e0 l\u2019affiche de La Petite, un film dans lequel il<br \/>\nendosse un r\u00f4le plus grave, plus int\u00e9rieur, <strong>celui d\u2019un<br \/>\nhomme en qu\u00eate d\u2019une petite-fille n\u00e9e par GPA apr\u00e8s un drame<br \/>\nfamilial<\/strong>. Une prestation salu\u00e9e, qui montrait une autre<br \/>\nfacette de son jeu.<\/p>\n<p>\u00c0 cela s\u2019ajoutaient deux spectacles : La Fontaine et le<br \/>\nConfinement, et Luchini lit Victor Hugo, toujours<br \/>\nport\u00e9s par sa passion du verbe. Et, dans ses projets, un film sign\u00e9<br \/>\nChristophe Honor\u00e9, Marcello Mio, sorti en 2024. Cette<br \/>\nann\u00e9e, <strong>l&rsquo;acteur sera par ailleurs \u00e0 l&rsquo;affiche de deux<br \/>\nfilms<\/strong> :\u00a0Le Secret de Kh\u00e9ops, de Barbara<br \/>\nSchulz, et\u00a0Natacha (presque) h\u00f4tesse de l&rsquo;air, de<br \/>\nNo\u00e9mie Saglio.<\/p>\n","protected":false},"excerpt":{"rendered":"On le conna\u00eet pour ses envol\u00e9es lyriques, sa passion des textes et sa verve inimitable. Mais en septembre&hellip;\n","protected":false},"author":2,"featured_media":241943,"comment_status":"","ping_status":"","sticky":false,"template":"","format":"standard","meta":{"footnotes":""},"categories":[1359],"tags":[548,58,59,4230,1011,27,8414,973],"class_list":{"0":"post-241942","1":"post","2":"type-post","3":"status-publish","4":"format-standard","5":"has-post-thumbnail","7":"category-people","8":"tag-article-simple","9":"tag-divertissement","10":"tag-entertainment","11":"tag-fabrice-luchini","12":"tag-fr","13":"tag-france","14":"tag-maisons-de-stars","15":"tag-people"},"share_on_mastodon":{"url":"https:\/\/pubeurope.com\/@fr\/114833452117899608","error":""},"_links":{"self":[{"href":"https:\/\/www.europesays.com\/fr\/wp-json\/wp\/v2\/posts\/241942","targetHints":{"allow":["GET"]}}],"collection":[{"href":"https:\/\/www.europesays.com\/fr\/wp-json\/wp\/v2\/posts"}],"about":[{"href":"https:\/\/www.europesays.com\/fr\/wp-json\/wp\/v2\/types\/post"}],"author":[{"embeddable":true,"href":"https:\/\/www.europesays.com\/fr\/wp-json\/wp\/v2\/users\/2"}],"replies":[{"embeddable":true,"href":"https:\/\/www.europesays.com\/fr\/wp-json\/wp\/v2\/comments?post=241942"}],"version-history":[{"count":0,"href":"https:\/\/www.europesays.com\/fr\/wp-json\/wp\/v2\/posts\/241942\/revisions"}],"wp:featuredmedia":[{"embeddable":true,"href":"https:\/\/www.europesays.com\/fr\/wp-json\/wp\/v2\/media\/241943"}],"wp:attachment":[{"href":"https:\/\/www.europesays.com\/fr\/wp-json\/wp\/v2\/media?parent=241942"}],"wp:term":[{"taxonomy":"category","embeddable":true,"href":"https:\/\/www.europesays.com\/fr\/wp-json\/wp\/v2\/categories?post=241942"},{"taxonomy":"post_tag","embeddable":true,"href":"https:\/\/www.europesays.com\/fr\/wp-json\/wp\/v2\/tags?post=241942"}],"curies":[{"name":"wp","href":"https:\/\/api.w.org\/{rel}","templated":true}]}}