{"id":241944,"date":"2025-07-11T07:36:12","date_gmt":"2025-07-11T07:36:12","guid":{"rendered":"https:\/\/www.europesays.com\/fr\/241944\/"},"modified":"2025-07-11T07:36:12","modified_gmt":"2025-07-11T07:36:12","slug":"ces-fresques-representant-mickey-avaient-ete-sauvees-in-extremis-a-roscoff-un-appel-est-lance-pour-financer-leur-restauration","status":"publish","type":"post","link":"https:\/\/www.europesays.com\/fr\/241944\/","title":{"rendered":"Ces fresques repr\u00e9sentant Mickey avaient \u00e9t\u00e9 sauv\u00e9es in extremis \u00e0 Roscoff\u00a0: un appel est lanc\u00e9 pour financer leur restauration"},"content":{"rendered":"<p>\u00ab\u00a0Des d\u00e9cors pour enfants, en 1933, qui plus est avec des Mickey dessus, c\u2019est tout \u00e0 fait exceptionnel\u00a0\u00bb s\u2019enthousiasme \u00c9tienne de Kergariou. Ce docteur en histoire de l\u2019art sait particuli\u00e8rement de quoi il parle puisqu\u2019en plus d\u2019\u00eatre un fin connaisseur, il est aussi le petit-neveu de l\u2019artiste peintre Charles de Kergariou, n\u00e9 \u00e0 la toute fin du XIXe si\u00e8cle \u00e0 Saint-Martin-des-Champs, plus connu sous le nom de Kerga.<\/p>\n<p>Des \u0153uvres sauv\u00e9es de justesse<\/p>\n<p>Ces d\u00e9cors auraient pu dispara\u00eetre \u00e0 tout jamais sans l\u2019intervention de R\u00e9gis Le Minoux. Grand bien en a pris \u00e0 cet ancien galeriste parisien d\u2019aller jeter un coup d\u2019\u0153il \u00e0 l\u2019int\u00e9rieur de l\u2019ancienne clinique Kerl\u00e9na \u00e0 Roscoff, promise \u00e0 la destruction. \u00ab\u00a0R\u00e9gis Le Minoux m\u2019a appel\u00e9 en me demandant de venir imm\u00e9diatement sur les lieux\u00a0\u00bb, se souvient \u00c9tienne de Kergariou. Face aux fresques, dont certaines parties sont endommag\u00e9es apr\u00e8s des dizaines d\u2019ann\u00e9es pass\u00e9es sous des couches de pl\u00e2tre, <a href=\"https:\/\/www.letelegramme.fr\/finistere\/roscoff-29680\/a-roscoff-25-m2-de-peintures-de-kerga-sauves-des-decombres-de-kerlena-3795308.php\" title=\"www.letelegramme.fr\" rel=\"nofollow noopener\" target=\"_blank\">R\u00e9gis Le Minoux devine imm\u00e9diatement qu\u2019il s\u2019agit de peintures de Kerga<\/a>.<\/p>\n<blockquote><p>Des d\u00e9cors pour enfants, en 1933, qui plus est avec des Mickey dessus, c\u2019est tout \u00e0 fait exceptionnel<\/p><\/blockquote>\n<p>Des Mickey qui interrogent<\/p>\n<p>Une fois sur place, \u00c9tienne de Kergariou reconna\u00eet la patte de son a\u00efeul, mais s\u2019\u00e9tonne de la pr\u00e9sence de Mickey sur les toiles. \u00ab\u00a0Ces Mickey apparaissaient bien loin de l\u2019univers de Kerga, mais j\u2019ai rapidement compris qu\u2019il s\u2019agissait bien d\u2019une volont\u00e9 de sa part\u00a0\u00bb, pr\u00e9cise son petit-neveu. \u00ab\u00a0Je ne connaissais rien sur Mickey, et il a vite fallu que je me renseigne\u00a0\u00bb, ajoute le docteur en histoire de l\u2019art, qui s\u2019aper\u00e7oit rapidement qu\u2019il n\u2019existe pas beaucoup de repr\u00e9sentations de la petite souris de Disney \u00e0 cette p\u00e9riode-l\u00e0. Mickey est n\u00e9 en 1928 et appara\u00eet pour la premi\u00e8re fois \u00e0 New York. Ce n\u2019est qu\u2019au d\u00e9but des ann\u00e9es 30 qu\u2019il arrive en France. \u00ab\u00a0Je ne serais pas \u00e9tonn\u00e9 que ce soit Kerga qui ait propos\u00e9 ce th\u00e8me au commanditaire Victor Lefranc, le fondateur de la clinique. De ce que je connais de mon grand-oncle, il a toujours eu la r\u00e9putation d\u2019\u00eatre un grand enfant\u00a0\u00bb.<\/p>\n<p><img decoding=\"async\" src=\"https:\/\/www.europesays.com\/fr\/wp-content\/uploads\/2025\/07\/6870b6998a745a60560a5e25.1.jpeg\" width=\"480\" height=\"300\" class=\"web_golden_m\" loading=\"lazy\" alt=\"Il n\u2019existe pas beaucoup de repr\u00e9sentations de la petite souris de Disney dans les ann\u00e9es 30.\"\/>Il n\u2019existe pas beaucoup de repr\u00e9sentations de la petite souris de Disney dans les ann\u00e9es 30. (R\u00e9gis Le Minoux)Un appel aux dons pour les restaurer<\/p>\n<p>Actuellement \u00e0 l\u2019abri dans un atelier \u00e0 Rennes, les fresques ont d\u00e9j\u00e0 b\u00e9n\u00e9fici\u00e9 d\u2019une premi\u00e8re phase de restauration. Montant de l\u2019op\u00e9ration\u00a0: 19\u00a0000 \u20ac. Reste maintenant \u00e0 collecter les 66\u00a0000 \u20ac qui permettront leur r\u00e9novation totale. Pour cela, l\u2019association Kerga doit signer une convention avec la fondation du patrimoine ce vendredi 11 juillet \u00e0 Roscoff. Une fois restaur\u00e9es, les deux fresques rejoindront les collections du mus\u00e9e des Jacobins \u00e0 Morlaix.<\/p>\n<p>Si Mickey appartient d\u00e9sormais au domaine public depuis 2024, au grand dam de Disney, \u00c9tienne de Kergariou, lui, se r\u00e9jouit que les Bretons puissent, \u00e0 travers cette collecte, d\u00e9couvrir et s\u2019approprier l\u2019\u0153uvre de son grand-oncle\u2026 ce grand-oncle v\u00e9ritablement d\u00e9couvert il y a seulement sept ans et qui s\u2019appr\u00eate \u00e0 propulser son petit-neveu dans une toute nouvelle vie professionnelle. \u00c9tienne de Kergariou quittera bient\u00f4t son poste d\u2019officier de la marine marchande pour se consacrer pleinement \u00e0 la promotion de l\u2019\u0153uvre de Kerga.<\/p>\n<p>\u00c0 noter<\/p>\n<p class=\"note\">Pour participer \u00e0 la collecte\u00a0: www.fondation-patrimoine.org<\/p>\n","protected":false},"excerpt":{"rendered":"\u00ab\u00a0Des d\u00e9cors pour enfants, en 1933, qui plus est avec des Mickey dessus, c\u2019est tout \u00e0 fait exceptionnel\u00a0\u00bb&hellip;\n","protected":false},"author":2,"featured_media":241945,"comment_status":"","ping_status":"","sticky":false,"template":"","format":"standard","meta":{"footnotes":""},"categories":[1358],"tags":[1348,1384,1385,1386,58,59,3321,1011,27,2131,11837],"class_list":{"0":"post-241944","1":"post","2":"type-post","3":"status-publish","4":"format-standard","5":"has-post-thumbnail","7":"category-arts-et-design","8":"tag-arts","9":"tag-arts-and-design","10":"tag-arts-et-design","11":"tag-design","12":"tag-divertissement","13":"tag-entertainment","14":"tag-finistere","15":"tag-fr","16":"tag-france","17":"tag-morlaix","18":"tag-roscoff"},"share_on_mastodon":{"url":"https:\/\/pubeurope.com\/@fr\/114833456104037362","error":""},"_links":{"self":[{"href":"https:\/\/www.europesays.com\/fr\/wp-json\/wp\/v2\/posts\/241944","targetHints":{"allow":["GET"]}}],"collection":[{"href":"https:\/\/www.europesays.com\/fr\/wp-json\/wp\/v2\/posts"}],"about":[{"href":"https:\/\/www.europesays.com\/fr\/wp-json\/wp\/v2\/types\/post"}],"author":[{"embeddable":true,"href":"https:\/\/www.europesays.com\/fr\/wp-json\/wp\/v2\/users\/2"}],"replies":[{"embeddable":true,"href":"https:\/\/www.europesays.com\/fr\/wp-json\/wp\/v2\/comments?post=241944"}],"version-history":[{"count":0,"href":"https:\/\/www.europesays.com\/fr\/wp-json\/wp\/v2\/posts\/241944\/revisions"}],"wp:featuredmedia":[{"embeddable":true,"href":"https:\/\/www.europesays.com\/fr\/wp-json\/wp\/v2\/media\/241945"}],"wp:attachment":[{"href":"https:\/\/www.europesays.com\/fr\/wp-json\/wp\/v2\/media?parent=241944"}],"wp:term":[{"taxonomy":"category","embeddable":true,"href":"https:\/\/www.europesays.com\/fr\/wp-json\/wp\/v2\/categories?post=241944"},{"taxonomy":"post_tag","embeddable":true,"href":"https:\/\/www.europesays.com\/fr\/wp-json\/wp\/v2\/tags?post=241944"}],"curies":[{"name":"wp","href":"https:\/\/api.w.org\/{rel}","templated":true}]}}