{"id":24195,"date":"2025-04-14T12:07:15","date_gmt":"2025-04-14T12:07:15","guid":{"rendered":"https:\/\/www.europesays.com\/fr\/24195\/"},"modified":"2025-04-14T12:07:15","modified_gmt":"2025-04-14T12:07:15","slug":"comme-un-gout-dinacheve-pour-bagnaia-au-qatar","status":"publish","type":"post","link":"https:\/\/www.europesays.com\/fr\/24195\/","title":{"rendered":"Comme un go\u00fbt d&rsquo;inachev\u00e9 pour Bagnaia au Qatar"},"content":{"rendered":"<p><a href=\"https:\/\/fr.motorsport.com\/driver\/pecco-bagnaia\/109394\/\" target=\"_blank\" rel=\"noopener\">Pecco Bagnaia<\/a> a finalement d\u00e9croch\u00e9 la deuxi\u00e8me place du Grand Prix du Qatar, aid\u00e9 en cela par la p\u00e9nalit\u00e9 de <a href=\"https:\/\/fr.motorsport.com\/driver\/maverick-vinales\/96553\/\" target=\"_blank\" rel=\"noopener\">Maverick Vi\u00f1ales<\/a> qui l&rsquo;a fait remonter d&rsquo;un cran au classement final. Malgr\u00e9 ces gros points dans sa besace, plut\u00f4t inesp\u00e9r\u00e9s en s&rsquo;\u00e9tant qualifi\u00e9 11e, l&rsquo;Italien ne pouvait masquer sa d\u00e9ception en soulevant son troph\u00e9e, et pour cause\u00a0:\u00a0celui qui a marqu\u00e9 plus que tous les autres ce week-end, c&rsquo;est <a href=\"https:\/\/fr.motorsport.com\/driver\/marc-marquez\/92646\/\" target=\"_blank\" rel=\"noopener\">Marc M\u00e1rquez<\/a> qui, pour la troisi\u00e8me fois cette saison, a m\u00eame empoch\u00e9 le score maximal mis en jeu par le Grand Prix.<\/p>\n<p>En bon comp\u00e9titeur, Bagnaia ne peut \u00e9videmment pas se satisfaire d&rsquo;\u00eatre battu par un adversaire, et encore moins lorsqu&rsquo;il s&rsquo;agit de son co\u00e9quipier. Mais l&rsquo;amertume ressentie est amplifi\u00e9e par le fait qu&rsquo;il avait identifi\u00e9 Losail comme une piste pouvant enfin lui sourire, et la journ\u00e9e de vendredi, <a href=\"https:\/\/fr.motorsport.com\/motogp\/news\/bagnaia-enthousiasme-meilleure-journee-saison\/10712243\/\" target=\"_self\" rel=\"noopener\">au terme de laquelle il \u00e9tait tr\u00e8s enthousiaste<\/a>, l&rsquo;avait confirm\u00e9. Or, une erreur en qualifications a totalement chang\u00e9 le cours de ce Grand Prix pour le pilote Ducati, oblig\u00e9 ensuite de limiter les d\u00e9g\u00e2ts.<\/p>\n<p>\u00ab\u00a0Il aurait \u00e9t\u00e9 difficile d&rsquo;en attendre plus\u00a0\u00bb, a-t-il conc\u00e9d\u00e9 \u00e0 l&rsquo;arriv\u00e9e alors qu&rsquo;il a perdu 15 points sur M\u00e1rquez au <a href=\"https:\/\/fr.motorsport.com\/motogp\/news\/championnat-marc-marquez-fait-break\/10713002\/\" target=\"_self\" rel=\"noopener\">championnat<\/a>. \u00ab\u00a0J&rsquo;ai pouss\u00e9 fort et en partant de cette position, il \u00e9tait tr\u00e8s important de beaucoup utiliser le pneu arri\u00e8re pour d\u00e9passer des pilotes. J&rsquo;ai essay\u00e9 de g\u00e9rer l&rsquo;arri\u00e8re mais j&rsquo;ai pouss\u00e9 fort et quand je me suis battu avec Franky [Morbidelli], on a perdu beaucoup de temps.\u00a0\u00bb<\/p>\n<p>\u00ab\u00a0Ensuite, pour revenir et reprendre cette demi-seconde, j&rsquo;ai peut-\u00eatre pouss\u00e9 trop fort, si bien que je n&rsquo;avais plus du tout de pneu arri\u00e8re pour les quatre ou cinq derniers tours. J&rsquo;ai essay\u00e9 d&rsquo;\u00eatre plus rapide mais \u00e7a n&rsquo;a pas \u00e9t\u00e9 possible. Comme je l&rsquo;ai appris l&rsquo;ann\u00e9e derni\u00e8re, il vaut parfois mieux finir l\u00e0 o\u00f9 on est.\u00a0\u00bb<\/p>\n<p>Lire aussi :<\/p>\n<p>Bagnaia a en effet men\u00e9 une course tout en attaque. Il a r\u00e9ussi \u00e0 gagner quatre places d\u00e8s le d\u00e9part, avant de poursuivre une remont\u00e9e puissante jusqu&rsquo;au cinqui\u00e8me tour, o\u00f9 il s&rsquo;est empar\u00e9 de la deuxi\u00e8me place au d\u00e9triment, justement, de M\u00e1rquez. Mais en se retrouvant aux c\u00f4t\u00e9s de l&rsquo;Espagnol, il a vite compris qu&rsquo;ils n&rsquo;\u00e9taient pas en train de jouer la m\u00eame partition, M\u00e1rquez ayant volontairement opt\u00e9 pour une gestion fine de ses pneus l\u00e0 o\u00f9 Bagnaia \u00e9tait oblig\u00e9 de forcer sur la gomme pour refaire son retard.<\/p>\n<p>\u00ab\u00a0Franchement, quand j&rsquo;ai repris Marc et que je l&rsquo;ai d\u00e9pass\u00e9, j&rsquo;\u00e9tais d\u00e9j\u00e0 dans une situation o\u00f9 j&rsquo;avais pouss\u00e9 un peu trop et je commen\u00e7ais \u00e0 sentir un peu de vibrations \u00e0 l&rsquo;arri\u00e8re. Quand j&rsquo;ai vu Marc, j&rsquo;ai compris qu&rsquo;il \u00e9tait en train de contr\u00f4ler parce qu&rsquo;il n&rsquo;avait pas besoin de tellement pousser. Donc la seule fa\u00e7on possible d&rsquo;au moins essayer de me battre pour la victoire aurait \u00e9t\u00e9 de partir pr\u00e8s de lui, et \u00e7a n&rsquo;a pas \u00e9t\u00e9 le cas, par ma faute car je suis tomb\u00e9 en qualifications et que je suis parti 11e. Donc pour l&rsquo;avenir, je dois juste m&rsquo;am\u00e9liorer.\u00a0\u00bb<\/p>\n<p>   <img decoding=\"async\" draggable=\"false\" src=\"https:\/\/www.europesays.com\/fr\/wp-content\/uploads\/2025\/04\/1744632435_944_francesco-bagnaia-ducati-team.jpg\" alt=\"Pecco Bagnaia a pass\u00e9 deux tours devant Marc Marquez.\" width=\"1200\" height=\"800\" loading=\"lazy\"\/> <\/p>\n<p class=\"title\">Pecco Bagnaia a pass\u00e9 deux tours devant Marc M\u00e1rquez.<\/p>\n<p class=\"photographer\">Photo de: Gold and Goose \/ Motorsport Images<\/p>\n<p>\u00ab\u00a0Je pense que si j&rsquo;\u00e9tais parti plus haut, j&rsquo;aurais au moins eu une chance de me battre, de me battre contre Marc, parce que je pense que notre rythme \u00e9tait tr\u00e8s similaire. Si je n&rsquo;avais pas autant pouss\u00e9 dans la premi\u00e8re partie de la course, je serais arriv\u00e9 \u00e0 la derni\u00e8re partie en ayant plus de gomme et j&rsquo;aurais pu me battre plus.\u00a0\u00bb<\/p>\n<p>\u00ab\u00a0Mais c&rsquo;est impossible \u00e0 savoir, impossible de dire quoi que ce soit, alors soyons contents de ce qui a \u00e9t\u00e9 fait et essayons de nous am\u00e9liorer pour la prochaine et de ne pas commettre la m\u00eame erreur pour la prochaine course\u00a0\u00bb,\u00a0a voulu retenir le pilote italien.<\/p>\n<p>Le sprint, une faiblesse \u00e0 corriger en urgence<\/p>\n<p>L&rsquo;autre source de sa d\u00e9ception appelle elle aussi \u00e0 am\u00e9liorer sa copie, et de toute urgence. Bagnaia a en effet retrouv\u00e9 samedi soir ce qui le met le plus en difficult\u00e9 depuis d\u00e9sormais plusieurs saisons\u00a0:\u00a0la configuration de sa moto requise pour la course sprint, et plus pr\u00e9cis\u00e9ment le petit r\u00e9servoir dont il sent qu&rsquo;il modifie l&rsquo;\u00e9quilibre de la Desmosedici et le prive de son point fort dans le pilotage.<\/p>\n<p>Vingt-quatre heures apr\u00e8s l&rsquo;arriv\u00e9e du sprint, o\u00f9 il n&rsquo;avait pu sauver qu&rsquo;une huiti\u00e8me place, le pilote Ducati avait toujours cette frustration dans les tripes. Car son gain de neuf places dimanche soir prouve bien qu&rsquo;il avait le potentiel pour \u00eatre tr\u00e8s rapide sur ce circuit, et pourtant, il en a \u00e9t\u00e9 incapable dans l&rsquo;\u00e9preuve la plus courte.\u00a0<\/p>\n<p>\u00ab\u00a0Je suis content du r\u00e9sultat mais pas totalement, parce que si je peux le faire le dimanche, je dois le faire aussi le samedi. \u00c7a arrive plus ou moins \u00e0 chaque fois en course sprint\u00a0:\u00a0je n&rsquo;arrive pas \u00e0 \u00eatre aussi agressif et je n&rsquo;arrive pas \u00e0 retrouver la m\u00eame performance que celle que j&rsquo;ai le dimanche. Il faut donc am\u00e9liorer \u00e7a. On sait peut-\u00eatre comment faire et c&rsquo;est quelque chose que je dois, moi, am\u00e9liorer car il est clair que c&rsquo;est un de mes points faibles\u00a0\u00bb, a-t-il admis.<\/p>\n<p>Lire aussi :<\/p>\n<p><img decoding=\"async\" class=\"sizer\" draggable=\"false\" src=\"data:image\/png;base64,iVBORw0KGgoAAAANSUhEUgAAABAAAAAJCAYAAAA7KqwyAAAAGXRFWHRTb2Z0d2FyZQBBZG9iZSBJbWFnZVJlYWR5ccllPAAAABpJREFUeNpi\/P\/\/PwMlgImBQjBqwLAwACDAAOVfAw9\/ZDvcAAAAAElFTkSuQmCC\" alt=\"\" loading=\"lazy\"\/><\/p>\n<p class=\"title\">VID\u00c9O &#8211; R\u00c9SUM\u00c9 : Les meilleurs moments du GP du Qatar<\/p>\n<p>Dans cet article<\/p>\n<p>    L\u00e9na Buffa\n<\/p>\n<p>    MotoGP\n<\/p>\n<p>    Pecco Bagnaia\n<\/p>\n<p>    Ducati Team\n<\/p>\n<p>Soyez le premier inform\u00e9 et souscrivez aux alertes mails pour recevoir les infos en temps r\u00e9el<\/p>\n<p>    S&rsquo;abonner aux alertes de news<\/p>\n","protected":false},"excerpt":{"rendered":"Pecco Bagnaia a finalement d\u00e9croch\u00e9 la deuxi\u00e8me place du Grand Prix du Qatar, aid\u00e9 en cela par la&hellip;\n","protected":false},"author":2,"featured_media":24196,"comment_status":"","ping_status":"","sticky":false,"template":"","format":"standard","meta":{"footnotes":""},"categories":[1413],"tags":[4950,1011,27,3596,3597,1457,1456,1458,4951,60],"class_list":{"0":"post-24195","1":"post","2":"type-post","3":"status-publish","4":"format-standard","5":"has-post-thumbnail","7":"category-moto","8":"tag-ducati-team","9":"tag-fr","10":"tag-france","11":"tag-gp-du-qatar","12":"tag-losail-international-circuit","13":"tag-moto","14":"tag-motocycle","15":"tag-motogp","16":"tag-pecco-bagnaia","17":"tag-sports"},"share_on_mastodon":{"url":"https:\/\/pubeurope.com\/@fr\/114336238361294720","error":""},"_links":{"self":[{"href":"https:\/\/www.europesays.com\/fr\/wp-json\/wp\/v2\/posts\/24195","targetHints":{"allow":["GET"]}}],"collection":[{"href":"https:\/\/www.europesays.com\/fr\/wp-json\/wp\/v2\/posts"}],"about":[{"href":"https:\/\/www.europesays.com\/fr\/wp-json\/wp\/v2\/types\/post"}],"author":[{"embeddable":true,"href":"https:\/\/www.europesays.com\/fr\/wp-json\/wp\/v2\/users\/2"}],"replies":[{"embeddable":true,"href":"https:\/\/www.europesays.com\/fr\/wp-json\/wp\/v2\/comments?post=24195"}],"version-history":[{"count":0,"href":"https:\/\/www.europesays.com\/fr\/wp-json\/wp\/v2\/posts\/24195\/revisions"}],"wp:featuredmedia":[{"embeddable":true,"href":"https:\/\/www.europesays.com\/fr\/wp-json\/wp\/v2\/media\/24196"}],"wp:attachment":[{"href":"https:\/\/www.europesays.com\/fr\/wp-json\/wp\/v2\/media?parent=24195"}],"wp:term":[{"taxonomy":"category","embeddable":true,"href":"https:\/\/www.europesays.com\/fr\/wp-json\/wp\/v2\/categories?post=24195"},{"taxonomy":"post_tag","embeddable":true,"href":"https:\/\/www.europesays.com\/fr\/wp-json\/wp\/v2\/tags?post=24195"}],"curies":[{"name":"wp","href":"https:\/\/api.w.org\/{rel}","templated":true}]}}