{"id":241954,"date":"2025-07-11T07:42:10","date_gmt":"2025-07-11T07:42:10","guid":{"rendered":"https:\/\/www.europesays.com\/fr\/241954\/"},"modified":"2025-07-11T07:42:10","modified_gmt":"2025-07-11T07:42:10","slug":"124-millions-deuros-garantis-textor-vraiment-ecarte-comment-lol-a-sauve-sa-peau-devant-la-dncg","status":"publish","type":"post","link":"https:\/\/www.europesays.com\/fr\/241954\/","title":{"rendered":"124 millions d\u2019euros garantis, Textor (vraiment) \u00e9cart\u00e9&#8230;. Comment l\u2019OL a sauv\u00e9 sa peau devant la DNCG"},"content":{"rendered":"<p>Finalement maintenus en Ligue 1, l\u2019Olympique Lyonnais et sa pr\u00e9sidente Michele Kang ont convaincu la commission d\u2019appel de la DNCG en garantissant un important investissement financier. Mais pas que.<\/p>\n<p class=\"fig-paragraph\">Apr\u00e8s l\u2019annonce, les explications. Entendu par la commission d\u2019appel de la DNCG il y a 48 heures, l\u2019Olympique Lyonnais, longtemps au bord du gouffre,\u00a0<a href=\"http:\/\/www.lefigaro.fr\/sports\/football\/ligue-1\/foot-entendu-en-appel-lyon-sauve-sa-place-en-ligue-1-20250709\" target=\"_blank\" data-fig-type=\"NewsFlash\" rel=\"noopener nofollow\" data-gtm-custom-categorie=\"navigation\" data-gtm-custom-action=\"crossclick\" data-gtm-custom-label=\"Contextuel\" data-gtm-event=\"customEventSPE\" data-fig-domain=\"LEFIGARO\">a finalement sauv\u00e9 sa place en Ligue 1 pour la saison prochaine.\u00a0<\/a>Pourtant, depuis le 24 juin et sa r\u00e9trogradation administrative prononc\u00e9e dans un premier temps, tous les signaux semblaient au rouge (vif) pour le club rhodanien. Mais<a href=\"http:\/\/www.lefigaro.fr\/sports\/football\/ligue-1\/redoutable-femme-d-affaires-milliardaire-qui-est-michele-kang-la-nouvelle-presidente-de-l-ol-chargee-de-sauver-le-club-20250630\" target=\"_blank\" data-fig-type=\"Article\" rel=\"noopener nofollow\" data-gtm-custom-categorie=\"navigation\" data-gtm-custom-action=\"crossclick\" data-gtm-custom-label=\"Contextuel\" data-gtm-event=\"customEventSPE\" data-fig-domain=\"LEFIGARO\">\u00a0la nouvelle pr\u00e9sidente Michele Kang\u00a0<\/a>et son directeur g\u00e9n\u00e9ral Michael Gerlinger ont su r\u00e9pondre aux exigences du gendarme financier lors de leur audition mardi.<\/p>\n<p class=\"fig-paragraph\"><a href=\"https:\/\/www.lequipe.fr\/Football\/Article\/124-m-et-8364-d-apport-les-details-financiers-qui-ont-convaincu-la-dncg-de-sauver-l-ol\/1577040\" target=\"_blank\" rel=\"sponsored noopener nofollow\" data-gtm-custom-categorie=\"navigation\" data-gtm-custom-action=\"crossclick\" data-gtm-custom-label=\"Contextuel\" data-gtm-event=\"customEventSPE\">Selon L\u2019\u00c9quipe<\/a>, les dirigeants lyonnais ont d\u2019abord pos\u00e9 87 millions d\u2019euros en cash, sans plus attendre pour renflouer les caisses. Une somme tr\u00e8s proche\u00a0<a href=\"http:\/\/www.lefigaro.fr\/sports\/football\/ligue-1\/foot-menace-de-retrogradation-l-olympique-lyonnais-doit-injecter-une-somme-exorbitante-pour-sauver-sa-peau-20250703\" target=\"_blank\" data-fig-type=\"NewsFlash\" rel=\"noopener nofollow\" data-gtm-custom-categorie=\"navigation\" data-gtm-custom-action=\"crossclick\" data-gtm-custom-label=\"Contextuel\" data-gtm-event=\"customEventSPE\" data-fig-domain=\"LEFIGARO\">des 100 millions d\u2019euros qu\u2019exigeait la DNCG \u00e0 l\u2019OL,<\/a>\u00a0la semaine pass\u00e9e avant l\u2019audition de l\u2019appel, toujours d\u2019apr\u00e8s les informations du quotidien sportif. Celui-ci indique que 37 millions d\u2019euros ont \u00e9galement \u00e9t\u00e9 garantis par Michele Kang, soit un total de 124 millions d\u2019euros dans les caisses.<\/p>\n<p class=\"fig-body-link\">\n            \u00c0 lire aussi<br \/>\n        <a class=\"fig-body-link__link\" href=\"http:\/\/www.lefigaro.fr\/sports\/football\/ligue-1\/il-n-y-a-pas-de-passe-droit-jure-vincent-labrune-content-que-l-ol-reste-en-ligue-1-20250710\" target=\"_blank\" data-fig-type=\"NewsFlash\" rel=\"noopener nofollow\" data-gtm-custom-categorie=\"navigation\" data-gtm-custom-action=\"crossclick\" data-gtm-custom-label=\"Contextuel\" data-gtm-event=\"customEventSPE\" data-fig-domain=\"LEFIGARO\">\u00abIl n\u2019y a pas de passe-droit\u00bb: Vincent Labrune se dit \u00abcontent\u00bb que l\u2019OL reste en Ligue 1<br \/>\n    <\/a>\n<\/p>\n<p>                                    <a class=\"fig-a11y-skip a11y-hidden\" href=\"#fig-a11y-skip-main-inarticle\"><br \/>\n        Passer la publicit\u00e9<br \/>\n    <\/a><\/p>\n<p>John Textor d\u00e9finitivement \u00e9cart\u00e9<\/p>\n<p class=\"fig-paragraph\">Fin juin, le dirigeant John Textor, qui \u00e9tait encore aux commandes de l\u2019OL, avait promis peu ou prou le m\u00eame montant. \u00c0 une diff\u00e9rence pr\u00e8s, capitale aux yeux de la DNCG\u00a0: ses successeurs Kang et Gerlinger auraient assur\u00e9 de l\u2019argent tangible, et pas seulement des promesses de ventes ou de transactions sorties de nulle part (du club br\u00e9silien Botafogo ou ailleurs allez savoir&#8230;).<\/p>\n<p class=\"fig-paragraph\">Outre l\u2019examen pass\u00e9 avec succ\u00e8s, la d\u00e9l\u00e9gation lyonnaise pr\u00e9sente au si\u00e8ge de la FFF pour sauver la peau du club a aussi convaincu en promettant que\u00a0<a href=\"http:\/\/www.lefigaro.fr\/sports\/football\/ligue-1\/des-problemes-que-je-n-ai-pas-su-gerer-en-france-john-textor-fait-son-mea-culpa-et-annonce-prendre-quelques-distances-avec-l-ol-20250628\" target=\"_blank\" data-fig-type=\"NewsFlash\" rel=\"noopener nofollow\" data-gtm-custom-categorie=\"navigation\" data-gtm-custom-action=\"crossclick\" data-gtm-custom-label=\"Contextuel\" data-gtm-event=\"customEventSPE\" data-fig-domain=\"LEFIGARO\">John Textor<\/a>\u00a0ne reviendra pas aux affaires. Une partie de l\u2019audition (qui a dur\u00e9 2h30 au total) a m\u00eame port\u00e9 sur l\u2019avenir de Textor, ajoute L\u2019\u00c9quipe. R\u00e9ponse cat\u00e9gorique de Michele Kang\u00a0: le fantasque am\u00e9ricain n\u2019a et n\u2019aura plus de poids dans les futures d\u00e9cisions prises au club.<\/p>\n<p>La DNCG avait alert\u00e9 d\u00e8s d\u00e9cembre 2022<\/p>\n<p class=\"fig-paragraph\">En attendant la suite (mercato, d\u00e9but de saison en Ligue 1&#8230;), l\u2019Olympique Lyonnais a, au moins, sauv\u00e9 les meubles. Sur le fil. Mais ce n\u2019\u00e9tait pas faute d\u2019avoir pr\u00e9venu du c\u00f4t\u00e9 de la DNCG.<\/p>\n<p class=\"fig-paragraph\">Dans son \u00e9dition du jour ce vendredi, L\u2019\u00c9quipe r\u00e9v\u00e8le que le gendarme financier du football fran\u00e7ais avait alert\u00e9 sur l\u2019\u00e9tat d\u00e9grad\u00e9 des finances de l\u2019OL d\u00e8s d\u00e9cembre 2022, au moment de la validation du projet de reprise par John Textor (et Eagle Football Group) au propri\u00e9taire-pr\u00e9sident de l\u2019\u00e9poque\u00a0<a href=\"http:\/\/www.lefigaro.fr\/sports\/football\/ligue-1\/l-olympique-lyonnais-sauve-sa-tete-en-ligue-1-la-reaction-de-jean-michel-aulas-20250709\" target=\"_blank\" data-fig-type=\"NewsFlash\" rel=\"noopener nofollow\" data-gtm-custom-categorie=\"navigation\" data-gtm-custom-action=\"crossclick\" data-gtm-custom-label=\"Contextuel\" data-gtm-event=\"customEventSPE\" data-fig-domain=\"LEFIGARO\">Jean-Michel Aulas<\/a>. La DNCG insistait alors sur le fait que le plan \u00e9conomique &#8211; dit optimiste &#8211; de Textor se d\u00e9roule sans accroc. On fut loin de tout \u00e7a&#8230;<\/p>\n","protected":false},"excerpt":{"rendered":"Finalement maintenus en Ligue 1, l\u2019Olympique Lyonnais et sa pr\u00e9sidente Michele Kang ont convaincu la commission d\u2019appel de&hellip;\n","protected":false},"author":2,"featured_media":241955,"comment_status":"","ping_status":"","sticky":false,"template":"","format":"standard","meta":{"footnotes":""},"categories":[9],"tags":[1011,27,978,60],"class_list":{"0":"post-241954","1":"post","2":"type-post","3":"status-publish","4":"format-standard","5":"has-post-thumbnail","7":"category-sports","8":"tag-fr","9":"tag-france","10":"tag-olympique-lyonnais","11":"tag-sports"},"share_on_mastodon":{"url":"https:\/\/pubeurope.com\/@fr\/114833479644159327","error":""},"_links":{"self":[{"href":"https:\/\/www.europesays.com\/fr\/wp-json\/wp\/v2\/posts\/241954","targetHints":{"allow":["GET"]}}],"collection":[{"href":"https:\/\/www.europesays.com\/fr\/wp-json\/wp\/v2\/posts"}],"about":[{"href":"https:\/\/www.europesays.com\/fr\/wp-json\/wp\/v2\/types\/post"}],"author":[{"embeddable":true,"href":"https:\/\/www.europesays.com\/fr\/wp-json\/wp\/v2\/users\/2"}],"replies":[{"embeddable":true,"href":"https:\/\/www.europesays.com\/fr\/wp-json\/wp\/v2\/comments?post=241954"}],"version-history":[{"count":0,"href":"https:\/\/www.europesays.com\/fr\/wp-json\/wp\/v2\/posts\/241954\/revisions"}],"wp:featuredmedia":[{"embeddable":true,"href":"https:\/\/www.europesays.com\/fr\/wp-json\/wp\/v2\/media\/241955"}],"wp:attachment":[{"href":"https:\/\/www.europesays.com\/fr\/wp-json\/wp\/v2\/media?parent=241954"}],"wp:term":[{"taxonomy":"category","embeddable":true,"href":"https:\/\/www.europesays.com\/fr\/wp-json\/wp\/v2\/categories?post=241954"},{"taxonomy":"post_tag","embeddable":true,"href":"https:\/\/www.europesays.com\/fr\/wp-json\/wp\/v2\/tags?post=241954"}],"curies":[{"name":"wp","href":"https:\/\/api.w.org\/{rel}","templated":true}]}}