{"id":241956,"date":"2025-07-11T07:43:08","date_gmt":"2025-07-11T07:43:08","guid":{"rendered":"https:\/\/www.europesays.com\/fr\/241956\/"},"modified":"2025-07-11T07:43:08","modified_gmt":"2025-07-11T07:43:08","slug":"charlotte-gainsbourg-86-millions-deuros-depenses-pour-un-sac-a-main","status":"publish","type":"post","link":"https:\/\/www.europesays.com\/fr\/241956\/","title":{"rendered":"Charlotte Gainsbourg : 8,6 millions d\u2019euros d\u00e9pens\u00e9s pour un sac \u00e0 main"},"content":{"rendered":"<p>C&rsquo;est une pi\u00e8ce de mode entr\u00e9e dans la l\u00e9gende. <a href=\"https:\/\/www.public.fr\/jane-birkin-frenesie-autour-de-son-tout-premier-sac-a-main-on-vous-explique-pourquoi#slide-1\" target=\"_blank\" rel=\"noopener\"><strong>Le tout premier sac Birkin<\/strong><\/a>, con\u00e7u sp\u00e9cialement pour Jane Birkin dans les ann\u00e9es 80, a refait surface\u2026 et affol\u00e9 les ench\u00e8res. <\/p>\n<p>Symbole ultime du luxe \u00e0 la fran\u00e7aise, ce mod\u00e8le culte de la maison Herm\u00e8s, qui porte son nom, est bien plus qu&rsquo;un simple accessoire : c&rsquo;est une relique du style, charg\u00e9e d&rsquo;histoire et d&rsquo;\u00e9motion.<\/p>\n<p><strong>Offert \u00e0 l&rsquo;ic\u00f4ne franco-britannique apr\u00e8s une rencontre fortuite avec le PDG de la marque dans un avion<\/strong>, ce sac est devenu un graal pour les passionn\u00e9s de mode. Et aujourd&rsquo;hui, cette pi\u00e8ce unique, qui a v\u00e9ritablement lanc\u00e9 la l\u00e9gende du \u00ab\u00a0Birkin\u00a0\u00bb, a chang\u00e9 de mains contre une somme vertigineuse.<\/p>\n<p>Selon les informations de l&rsquo;AFP relay\u00e9es par le journaliste <a href=\"https:\/\/x.com\/JFGuyot\" target=\"_blank\" rel=\"noreferrer noopener\">Jean-Fran\u00e7ois Guyot<\/a> sur son compte X (anciennement Twitter), cette petite merveille aurait \u00e9t\u00e9 vendue pr\u00e8s de <strong>8,6 millions d&rsquo;euros<\/strong> avec frais \u00e0 Paris. Une somme compl\u00e8tement folle ! <\/p>\n<p>Jane Birkin : l&rsquo;histoire du c\u00e9l\u00e8bre mod\u00e8le Herm\u00e8s racont\u00e9e par la l\u00e9gende<\/p>\n<p>Pour rappel, ce sac iconique est n\u00e9 d&rsquo;une rencontre fortuite en 1984, <strong>\u00e0 bord d&rsquo;un vol Paris-Londres<\/strong>, entre Jane Birkin et Jean-Louis Dumas, alors pr\u00e9sident de la maison Herm\u00e8s. Une anecdote que la chanteuse britannico-fran\u00e7aise\u00a0<a href=\"https:\/\/www.public.fr\/jane-birkin-la-mysterieuse-these-du-meurtre-plus-dun-an-apres-sa-disparition\" target=\"_blank\" rel=\"noopener\">d\u00e9c\u00e9d\u00e9e en juillet 2023<\/a>\u00a0avait \u00e9voqu\u00e9e lors d&rsquo;une interview accord\u00e9e \u00e0\u00a0Konbini.<\/p>\n<p>\u00ab\u00a0J\u2019ai rencontr\u00e9 Dumas dans un avion, mais il ne m\u2019a pas dessin\u00e9 un sac. <strong>C\u2019est moi qui ai dessin\u00e9 le sac<\/strong>\u00ab\u00a0, avait-elle confi\u00e9. \u00ab\u00a0Mon agenda est tomb\u00e9 par terre, il a dit : &lsquo;vous devrez avoir un sac avec des poches&rsquo;. Et j\u2019ai dit : &lsquo;qu\u2019est-ce que vous voulez, Herm\u00e8s ne fait pas de poches !&rsquo; Il m\u2019a dit &lsquo;je suis Herm\u00e8s&rsquo; [\u2026]. Je lui ai demand\u00e9 pourquoi il ne faisait pas un sac quatre fois plus grand que le Kelly ? Je l\u2019ai dessin\u00e9, il m\u2019a dit &lsquo;Je vous le ferai'\u00a0\u00bb.\u00a0<\/p>\n<p>Fid\u00e8le \u00e0 sa parole, Jean-Louis Dumas a donc donn\u00e9 vie \u00e0 cette promesse. \u00ab\u00a0Il l\u2019a fait pour moi et vu le r\u00e9sultat, il m\u2019a dit : &lsquo;Est-ce que je peux le commercialiser \u00e0 votre nom\u00a0?&rsquo; J\u2019\u00e9tais vachement flatt\u00e9e et j\u2019ai dit oui\u00a0\u00bb. <strong>Une histoire aussi folle que le prix du fameux sac ! <\/strong><\/p>\n<p>      Mentionn\u00e9s dans cet article<\/p>\n<p>\u00c0 lire aussi<\/p>\n","protected":false},"excerpt":{"rendered":"C&rsquo;est une pi\u00e8ce de mode entr\u00e9e dans la l\u00e9gende. Le tout premier sac Birkin, con\u00e7u sp\u00e9cialement pour Jane&hellip;\n","protected":false},"author":2,"featured_media":241957,"comment_status":"","ping_status":"","sticky":false,"template":"","format":"standard","meta":{"footnotes":""},"categories":[8],"tags":[10498,58,38149,59,1011,27,11127,38150],"class_list":{"0":"post-241956","1":"post","2":"type-post","3":"status-publish","4":"format-standard","5":"has-post-thumbnail","7":"category-divertissement","8":"tag-charlotte-gainsbourg","9":"tag-divertissement","10":"tag-enchere","11":"tag-entertainment","12":"tag-fr","13":"tag-france","14":"tag-hermes","15":"tag-jane-birkin"},"share_on_mastodon":{"url":"https:\/\/pubeurope.com\/@fr\/114833483655930149","error":""},"_links":{"self":[{"href":"https:\/\/www.europesays.com\/fr\/wp-json\/wp\/v2\/posts\/241956","targetHints":{"allow":["GET"]}}],"collection":[{"href":"https:\/\/www.europesays.com\/fr\/wp-json\/wp\/v2\/posts"}],"about":[{"href":"https:\/\/www.europesays.com\/fr\/wp-json\/wp\/v2\/types\/post"}],"author":[{"embeddable":true,"href":"https:\/\/www.europesays.com\/fr\/wp-json\/wp\/v2\/users\/2"}],"replies":[{"embeddable":true,"href":"https:\/\/www.europesays.com\/fr\/wp-json\/wp\/v2\/comments?post=241956"}],"version-history":[{"count":0,"href":"https:\/\/www.europesays.com\/fr\/wp-json\/wp\/v2\/posts\/241956\/revisions"}],"wp:featuredmedia":[{"embeddable":true,"href":"https:\/\/www.europesays.com\/fr\/wp-json\/wp\/v2\/media\/241957"}],"wp:attachment":[{"href":"https:\/\/www.europesays.com\/fr\/wp-json\/wp\/v2\/media?parent=241956"}],"wp:term":[{"taxonomy":"category","embeddable":true,"href":"https:\/\/www.europesays.com\/fr\/wp-json\/wp\/v2\/categories?post=241956"},{"taxonomy":"post_tag","embeddable":true,"href":"https:\/\/www.europesays.com\/fr\/wp-json\/wp\/v2\/tags?post=241956"}],"curies":[{"name":"wp","href":"https:\/\/api.w.org\/{rel}","templated":true}]}}