{"id":241964,"date":"2025-07-11T07:47:09","date_gmt":"2025-07-11T07:47:09","guid":{"rendered":"https:\/\/www.europesays.com\/fr\/241964\/"},"modified":"2025-07-11T07:47:09","modified_gmt":"2025-07-11T07:47:09","slug":"affaire-jubillar-cedric-jubillar-aurait-avoue-le-meurtre-de-delphine-a-sa-nouvelle-compagne","status":"publish","type":"post","link":"https:\/\/www.europesays.com\/fr\/241964\/","title":{"rendered":"Affaire Jubillar. C\u00e9dric Jubillar aurait avou\u00e9 le meurtre de Delphine \u00e0 sa nouvelle compagne"},"content":{"rendered":"<p>            Par<br \/>\n        <strong><br \/>\n            <a href=\"https:\/\/actu.fr\/auteur\/redaction-toulouse\" title=\"Consulter tous les articles de R\u00e9daction de Toulouse\" target=\"_blank\" rel=\"noopener\">R\u00e9daction de Toulouse<\/a><br \/>\n        <\/strong><\/p>\n<p>        Publi\u00e9 le<\/p>\n<p>            11 juil. 2025 \u00e0 8h14<br \/>\n        ; mis \u00e0 jour le 11 juil. 2025 \u00e0 8h16    <\/p>\n<p>C\u00e9dric Jubillar aurait avou\u00e9 le meurtre <strong>de son \u00e9pouse Delphine<\/strong>, <a href=\"https:\/\/actu.fr\/tag\/affaire-delphine-jubillar\" target=\"_blank\" rel=\"noopener\">disparue en d\u00e9cembre 2020<\/a>, et pour lequel il sera jug\u00e9 en septembre, \u00e0 sa nouvelle compagne qui souhaiterait se porter partie civile, selon le journal <a href=\"https:\/\/www.ladepeche.fr\/2025\/07\/09\/info-la-depeche-affaire-jubillar-cest-comme-ca-que-je-lai-etranglee-le-mari-revele-une-version-du-meurtre-de-delphine-a-sa-petite-amie-12815875.php\" target=\"_blank\" rel=\"noopener\">La D\u00e9p\u00eache du Midi<\/a>.<\/p>\n<p class=\" wall-content\">La nouvelle compagne de <strong>C\u00e9dric Jubillar<\/strong> rapporte qu\u2019il lui aurait racont\u00e9 comment il a \u00e9trangl\u00e9 son \u00e9pouse tandis qu\u2019elle se constitue partie civile, selon un article de La D\u00e9p\u00eache du Midi diffus\u00e9 jeudi.<\/p>\n<p class=\" wall-content\"><a href=\"https:\/\/actu.fr\/occitanie\/cagnac-les-mines_81048\/affaire-jubillar-la-date-du-proces-pour-meurtre-de-cedric-jubillar-est-connue_61656310.html\" target=\"_blank\" rel=\"noopener\">Le proc\u00e8s aux assises du d\u00e9tenu pour le meurtre de son \u00e9pouse<\/a>, disparue dans la nuit du 15 au 16 d\u00e9cembre 2020 \u00e0 Cagnac-les-mines (Tarn), doit d\u00e9buter fin septembre.<\/p>\n<p>Six mois de relation avec C\u00e9dric Jubillar<\/p>\n<p class=\" wall-content\">La jeune femme de 31 ans qui aurait entretenu une relation durant six mois avec l\u2019homme de 37 ans, apr\u00e8s la disparition de <strong>Delphine Jubillar<\/strong>, aurait obtenu ses r\u00e9v\u00e9lations alors qu\u2019elle lui rendait r\u00e9guli\u00e8rement visite <strong>\u00e0 la maison d\u2019arr\u00eat de Seysses, pr\u00e8s de Toulouse<\/strong>, o\u00f9 il est incarc\u00e9r\u00e9.<\/p>\n<p class=\" wall-content\">\u00ab\u00a0Elle tombe amoureuse de cet homme apr\u00e8s quelques \u00e9changes et quelques rencontres et elle apprend qu\u2019il est le meurtrier de son \u00e9pouse\u00a0\u00bb, raconte \u00e0 l\u2019AFP l\u2019avocat de la jeune femme, Ma\u00eetre Joaquinito Maria Alogo De Obono, qui affirme qu\u2019une demande de constitution de partie civile \u00ab\u00a0a bien \u00e9t\u00e9 d\u00e9pos\u00e9e en d\u00e9but de semaine\u00a0\u00bb.<\/p>\n<p>Vid\u00e9os : en ce moment sur Actu\u00ab\u00a0Il m\u2019a avou\u00e9 avoir tu\u00e9 sa femme\u00a0\u00bb<\/p>\n<p class=\" wall-content\">\u00ab\u00a0Lourde des r\u00e9v\u00e9lations\u00a0\u00bb de C\u00e9dric Jubillar, la jeune femme aurait \u00ab\u00a0pris ses distances\u00a0\u00bb avec lui depuis le 18 juin, rapporte son avocat. \u00ab\u00a0C\u2019est comme \u00e7a que je l\u2019ai \u00e9trangl\u00e9e\u00a0\u00bb, aurait dit C\u00e9dric Jubillar en serrant le cou de la jeune femme selon les informations de La D\u00e9p\u00eache du Midi.<\/p>\n<p class=\" wall-content\">Dans une vid\u00e9o film\u00e9e et diffus\u00e9e par France 3 Occitanie, la jeune femme t\u00e9moigne anonymement : \u00ab\u00a0Il m\u2019a avou\u00e9 avoir tu\u00e9 sa femme, <strong>il m\u2019a dit l\u2019avoir \u00e9trangl\u00e9e chez eux sur le canap\u00e9<\/strong>, qu\u2019elle ne s\u2019y attendait pas et qu\u2019elle a eu le temps de rien\u00a0\u00bb.<\/p>\n<p class=\" wall-content\">\u00ab\u00a0J\u2019ai d\u00e9j\u00e0 tu\u00e9 une fois ne me trompe pas et tout se passera bien\u00a0\u00bb, lui aurait \u00e9galement dit C\u00e9dric Jubillar, selon l\u2019avocat de la jeune femme.<\/p>\n<p>C\u00e9dric Jubillar clame son innocence<\/p>\n<p class=\" wall-content\">Le peintre-plaquiste aurait \u00e9galement racont\u00e9 \u00e0 sa nouvelle compagne <strong>avoir transport\u00e9 le corps avant de le br\u00fbler<\/strong>, \u00ab\u00a0mais sans donner de lieu\u00a0\u00bb, selon l\u2019avocat de la jeune femme. Dans cette affaire sans corps, ni aveux, ni t\u00e9moin, ni sc\u00e8ne de crime, C\u00e9dric Jubillar nie toute responsabilit\u00e9 et clame son innocence.<\/p>\n<p class=\" wall-content\">La disparition de <a href=\"https:\/\/actu.fr\/tag\/affaire-delphine-jubillar\" target=\"_blank\" rel=\"noopener\">Delphine Jubillar<\/a> avait suscit\u00e9 un grand \u00e9moi en France, quelques jours avant No\u00ebl et quelques semaines apr\u00e8s la condamnation de Jonathann Daval pour le meurtre de son \u00e9pouse en Haute-Sa\u00f4ne, qu\u2019il avait longtemps ni\u00e9 en endossant le r\u00f4le du mari \u00e9plor\u00e9.<\/p>\n<p class=\" wall-content\"><strong>Avec AFP<\/strong><\/p>\n<p class=\" wall-content\">Suivez toute l\u2019actualit\u00e9 de vos villes et m\u00e9dias favoris en vous inscrivant \u00e0 <a href=\"https:\/\/moncompte.actu.fr\" title=\"D\u00e9couvez Mon Actu\" rel=\"nofollow noopener\" data-trk=\"{&quot;cta&quot;:{&quot;action&quot;:&quot;https:\\\/\\\/moncompte.actu.fr&quot;,&quot;category&quot;:&quot;mon compte&quot;,&quot;from&quot;:&quot;article footer&quot;,&quot;name&quot;:&quot;Mon actu&quot;,&quot;type&quot;:&quot;cta&quot;}}\" target=\"_blank\">Mon Actu<\/a>.<\/p>\n<ul class=\"ac-article-tag wall-content\">\n<li><a href=\"https:\/\/actu.fr\/tag\/affaire-delphine-jubillar\" data-trk=\"{&quot;cta&quot;:{&quot;action&quot;:&quot;Affaire Delphine Jubillar&quot;,&quot;category&quot;:&quot;tag&quot;,&quot;from&quot;:&quot;article footer&quot;,&quot;name&quot;:&quot;Affaire Delphine Jubillar&quot;,&quot;type&quot;:&quot;cta&quot;}}\" target=\"_blank\" rel=\"noopener\">#Affaire Delphine Jubillar<\/a><\/li>\n<\/ul>\n","protected":false},"excerpt":{"rendered":"Par R\u00e9daction de Toulouse Publi\u00e9 le 11 juil. 2025 \u00e0 8h14 ; mis \u00e0 jour le 11 juil.&hellip;\n","protected":false},"author":2,"featured_media":241965,"comment_status":"","ping_status":"","sticky":false,"template":"","format":"standard","meta":{"footnotes":""},"categories":[4],"tags":[11,38151,1011,27,12,25,104],"class_list":{"0":"post-241964","1":"post","2":"type-post","3":"status-publish","4":"format-standard","5":"has-post-thumbnail","7":"category-france","8":"tag-actualites","9":"tag-affaire-delphine-jubillar","10":"tag-fr","11":"tag-france","12":"tag-news","13":"tag-republique-francaise","14":"tag-societe"},"share_on_mastodon":{"url":"https:\/\/pubeurope.com\/@fr\/114833499582050052","error":""},"_links":{"self":[{"href":"https:\/\/www.europesays.com\/fr\/wp-json\/wp\/v2\/posts\/241964","targetHints":{"allow":["GET"]}}],"collection":[{"href":"https:\/\/www.europesays.com\/fr\/wp-json\/wp\/v2\/posts"}],"about":[{"href":"https:\/\/www.europesays.com\/fr\/wp-json\/wp\/v2\/types\/post"}],"author":[{"embeddable":true,"href":"https:\/\/www.europesays.com\/fr\/wp-json\/wp\/v2\/users\/2"}],"replies":[{"embeddable":true,"href":"https:\/\/www.europesays.com\/fr\/wp-json\/wp\/v2\/comments?post=241964"}],"version-history":[{"count":0,"href":"https:\/\/www.europesays.com\/fr\/wp-json\/wp\/v2\/posts\/241964\/revisions"}],"wp:featuredmedia":[{"embeddable":true,"href":"https:\/\/www.europesays.com\/fr\/wp-json\/wp\/v2\/media\/241965"}],"wp:attachment":[{"href":"https:\/\/www.europesays.com\/fr\/wp-json\/wp\/v2\/media?parent=241964"}],"wp:term":[{"taxonomy":"category","embeddable":true,"href":"https:\/\/www.europesays.com\/fr\/wp-json\/wp\/v2\/categories?post=241964"},{"taxonomy":"post_tag","embeddable":true,"href":"https:\/\/www.europesays.com\/fr\/wp-json\/wp\/v2\/tags?post=241964"}],"curies":[{"name":"wp","href":"https:\/\/api.w.org\/{rel}","templated":true}]}}