{"id":241966,"date":"2025-07-11T07:48:10","date_gmt":"2025-07-11T07:48:10","guid":{"rendered":"https:\/\/www.europesays.com\/fr\/241966\/"},"modified":"2025-07-11T07:48:10","modified_gmt":"2025-07-11T07:48:10","slug":"lennart-monterlos-arrete-en-iran-accord-migratoire-et-piege-mortel-de-la-dette","status":"publish","type":"post","link":"https:\/\/www.europesays.com\/fr\/241966\/","title":{"rendered":"Lennart Monterlos arr\u00eat\u00e9 en Iran, accord migratoire et \u00ab\u00a0pi\u00e8ge mortel\u00a0\u00bb de la dette"},"content":{"rendered":"<p>Vous avez manqu\u00e9 les infos de ce d\u00e9but de matin\u00e9e\u00a0? On vous a concoct\u00e9 un r\u00e9cap pour vous aider \u00e0 y voir plus clair et briller \u00e0 la machine \u00e0 caf\u00e9.<\/p>\n<p><a href=\"https:\/\/www.20minutes.fr\/monde\/4162372-20250707-inconscient-courageux-lennart-monterlos-francais-18-ans-disparu-iran-16-juin\" target=\"_blank\" class=\"color-ultramarine c-link\" rel=\"noopener\">Lennart Monterlos<\/a>, 18 ans, disparu depuis le 16\u00a0juin alors qu\u2019il traversait l\u2019Iran \u00e0 v\u00e9lo en direction de Tokyo, a \u00e9t\u00e9 arr\u00eat\u00e9 par les autorit\u00e9s iraniennes. <a href=\"https:\/\/www.20minutes.fr\/monde\/teheran\/\" target=\"_blank\" class=\"color-ultramarine c-link\" rel=\"noopener\">T\u00e9h\u00e9ran<\/a> a confirm\u00e9 jeudi sa d\u00e9tention pour un \u00ab\u00a0d\u00e9lit\u00a0\u00bb, sans en pr\u00e9ciser la nature. Le minist\u00e8re fran\u00e7ais des Affaires \u00e9trang\u00e8res a indiqu\u00e9 \u00eatre \u00ab\u00a0en contact avec les autorit\u00e9s iraniennes\u00a0\u00bb et la famille du jeune homme, tout en refusant de commenter davantage.<\/p>\n<p><a href=\"https:\/\/www.20minutes.fr\/politique\/francois_bayrou\/\" target=\"_blank\" class=\"color-ultramarine c-link\" rel=\"noopener\">Fran\u00e7ois Bayrou<\/a> a r\u00e9agi fermement, appelant l\u2019Iran \u00e0 ne pas \u00ab\u00a0pers\u00e9cuter des innocents\u00a0\u00bb et rappelant la responsabilit\u00e9 des \u00c9tats dans la protection des voyageurs. Il a aussi exhort\u00e9 les jeunes \u00e0 respecter les avertissements officiels, soulignant que Lennart Monterlos s\u2019\u00e9tait \u00ab\u00a0moqu\u00e9\u00a0\u00bb des consignes de prudence. Paris rappelle qu\u2019il est fortement d\u00e9conseill\u00e9 aux ressortissants fran\u00e7ais de voyager dans ce pays et recommande \u00e0 ceux qui s\u2019y trouvent de partir imm\u00e9diatement en raison des risques d\u2019arrestation arbitraire.<\/p>\n<\/p>\n<p>La <a href=\"https:\/\/www.20minutes.fr\/france\/\" target=\"_blank\" class=\"color-ultramarine c-link\" rel=\"noopener\">France<\/a> et le <a href=\"https:\/\/www.20minutes.fr\/monde\/royaume-uni\/\" target=\"_blank\" class=\"color-ultramarine c-link\" rel=\"noopener\">Royaume-Uni<\/a> ont annonc\u00e9 un projet pilote d\u2019\u00e9change de migrants pour lutter contre les travers\u00e9es ill\u00e9gales de la Manche, qui atteignent des niveaux records. Le principe\u00a0: un migrant arriv\u00e9 ill\u00e9galement au Royaume-Uni sera renvoy\u00e9 en France, en \u00e9change de l\u2019accueil par Londres d\u2019un migrant bas\u00e9 en France ayant des liens avec le Royaume-Uni. Qualifi\u00e9 de \u00ab\u00a0r\u00e9volutionnaire\u00a0\u00bb par <a href=\"https:\/\/www.20minutes.fr\/monde\/keir-starmer\/\" target=\"_blank\" class=\"color-ultramarine c-link\" rel=\"noopener\">Keir Starmer<\/a>, ce dispositif doit encore \u00eatre valid\u00e9 par la Commission europ\u00e9enne. Emmanuel Macron esp\u00e8re qu\u2019il dissuadera les passeurs.<\/p>\n<p>Ce projet marque un tournant dans la coop\u00e9ration migratoire entre Paris et Londres, longtemps bloqu\u00e9e depuis le <a href=\"https:\/\/www.20minutes.fr\/monde\/brexit\/\" target=\"_blank\" class=\"color-ultramarine c-link\" rel=\"noopener\">Brexit<\/a>. <a href=\"https:\/\/www.20minutes.fr\/politique\/emmanuel-macron\/\" target=\"_blank\" class=\"color-ultramarine c-link\" rel=\"noopener\">Emmanuel Macron<\/a>, en visite d\u2019Etat au Royaume-Uni, a soulign\u00e9 l\u2019absence d\u2019accord migratoire avec l\u2019UE depuis\u00a02020, ce qui aurait favoris\u00e9 les d\u00e9parts clandestins. Ce nouveau m\u00e9canisme vise \u00e0 combler ce vide juridique en instaurant un cadre bilat\u00e9ral concret pour r\u00e9guler les flux migratoires et r\u00e9duire la pression sur les deux rives de la Manche.<\/p>\n<p>Alors que la <a href=\"https:\/\/www.20minutes.fr\/politique\/4162812-20250710-emmanuel-macron-deja-vraiment-candidat-2032-2037\" target=\"_blank\" class=\"color-ultramarine c-link\" rel=\"noopener\">pr\u00e9sentation du budget 2026<\/a> se profile, Fran\u00e7ois Bayrou affiche sa d\u00e9termination \u00e0 sortir la France du \u00ab\u00a0pi\u00e8ge mortel\u00a0\u00bb de la dette. Jeudi soir, lors d\u2019un entretien d\u2019une heure et demie sur LCI, le chef du gouvernement a r\u00e9affirm\u00e9 son objectif de ramener le d\u00e9ficit public \u00e0 4,6\u00a0% du <a href=\"https:\/\/www.20minutes.fr\/economie\/pib\/\" class=\"color-ultramarine c-link\" target=\"_blank\" rel=\"noopener\">PIB<\/a> en\u00a02026, contre 5,8\u00a0% actuellement, avant de le faire descendre sous la barre des 3\u00a0% \u00e0 l\u2019horizon\u00a02029. \u00ab\u00a0Le gouvernement va dire ce que sont les contraintes, les efforts n\u00e9cessaires, les d\u00e9cisions \u00e0 prendre pour qu\u2019on se tire de ce pi\u00e8ge mortel\u00a0\u00bb, a-t-il d\u00e9clar\u00e9, sans pr\u00e9ciser la nature des coupes ou des ajustements envisag\u00e9s. Il a toutefois exclu d\u2019augmenter les imp\u00f4ts.<\/p>\n","protected":false},"excerpt":{"rendered":"Vous avez manqu\u00e9 les infos de ce d\u00e9but de matin\u00e9e\u00a0? On vous a concoct\u00e9 un r\u00e9cap pour vous&hellip;\n","protected":false},"author":2,"featured_media":241967,"comment_status":"","ping_status":"","sticky":false,"template":"","format":"standard","meta":{"footnotes":""},"categories":[2],"tags":[47,11,1011,3844,27,6734,3019,12,806,104],"class_list":{"0":"post-241966","1":"post","2":"type-post","3":"status-publish","4":"format-standard","5":"has-post-thumbnail","7":"category-actualites","8":"tag-actualite","9":"tag-actualites","10":"tag-fr","11":"tag-francais","12":"tag-france","13":"tag-immigration-clandestine","14":"tag-iran","15":"tag-news","16":"tag-prison","17":"tag-societe"},"share_on_mastodon":{"url":"https:\/\/pubeurope.com\/@fr\/114833503202519144","error":""},"_links":{"self":[{"href":"https:\/\/www.europesays.com\/fr\/wp-json\/wp\/v2\/posts\/241966","targetHints":{"allow":["GET"]}}],"collection":[{"href":"https:\/\/www.europesays.com\/fr\/wp-json\/wp\/v2\/posts"}],"about":[{"href":"https:\/\/www.europesays.com\/fr\/wp-json\/wp\/v2\/types\/post"}],"author":[{"embeddable":true,"href":"https:\/\/www.europesays.com\/fr\/wp-json\/wp\/v2\/users\/2"}],"replies":[{"embeddable":true,"href":"https:\/\/www.europesays.com\/fr\/wp-json\/wp\/v2\/comments?post=241966"}],"version-history":[{"count":0,"href":"https:\/\/www.europesays.com\/fr\/wp-json\/wp\/v2\/posts\/241966\/revisions"}],"wp:featuredmedia":[{"embeddable":true,"href":"https:\/\/www.europesays.com\/fr\/wp-json\/wp\/v2\/media\/241967"}],"wp:attachment":[{"href":"https:\/\/www.europesays.com\/fr\/wp-json\/wp\/v2\/media?parent=241966"}],"wp:term":[{"taxonomy":"category","embeddable":true,"href":"https:\/\/www.europesays.com\/fr\/wp-json\/wp\/v2\/categories?post=241966"},{"taxonomy":"post_tag","embeddable":true,"href":"https:\/\/www.europesays.com\/fr\/wp-json\/wp\/v2\/tags?post=241966"}],"curies":[{"name":"wp","href":"https:\/\/api.w.org\/{rel}","templated":true}]}}