{"id":241970,"date":"2025-07-11T07:50:13","date_gmt":"2025-07-11T07:50:13","guid":{"rendered":"https:\/\/www.europesays.com\/fr\/241970\/"},"modified":"2025-07-11T07:50:13","modified_gmt":"2025-07-11T07:50:13","slug":"nos-idees-sorties-du-week-end-des-18-19-et-20-juillet-2025-dans-la-loire","status":"publish","type":"post","link":"https:\/\/www.europesays.com\/fr\/241970\/","title":{"rendered":"Nos id\u00e9es sorties du week-end des 18, 19 et 20 juillet 2025 dans la Loire"},"content":{"rendered":"<p class=\"is-style-chapo\">Voici la s\u00e9lection de la r\u00e9daction de If Saint-Etienne pour se divertir et s\u2019amuser dans la Loire le week-end prochain, soit les 18, 19 et 20 juillet. Une liste d\u2019\u00e9v\u00e9nements, s\u00e9lectionn\u00e9s de mani\u00e8re ind\u00e9pendante et, bien entendu, non-exhaustive.<\/p>\n<p><img loading=\"lazy\" decoding=\"async\" width=\"1024\" height=\"576\" src=\"https:\/\/www.europesays.com\/fr\/wp-content\/uploads\/2025\/07\/le-loup-et-le-lion-cinema-en-plein-air-32010736-1024x576.jpg\" alt=\"\" class=\"wp-image-80070\"  \/>\u00a9SEM<\/p>\n<p>1 \u2013 DALS<\/p>\n<p>Samedi 19 juillet, le danseur et chor\u00e9graphe de Danse avec les stars Christophe Licata sera pr\u00e9sent \u00e0 <a href=\"https:\/\/www.if-saint-etienne.fr\/economie\/espace-montagne-a-steel-loutdoor-sera-in\" target=\"_blank\" rel=\"noreferrer noopener\">Steel<\/a>. Initiation \u00e0 la danse, s\u00e9ances de d\u00e9dicaces, show danseurs, seront au programme, ainsi qu\u2019une initiation au basket par le Comit\u00e9 Loire basket. A partir de 20h, un concert du groupe And so what sera donn\u00e9 sur la place des fontaines.<\/p>\n<p>2 \u2013 Namast\u00e9<\/p>\n<p>Toute la saison, Festiv\u2019\u00e9t\u00e9 investit les bords de Loire \u00e0 <a href=\"https:\/\/www.roannais-tourisme.com\/temps-fort\/roanne-plage\/\" target=\"_blank\" rel=\"noreferrer noopener\">Roanne<\/a>. Vendredi 18 juillet, si vous apportez votre tapis et une serviette, vous pourrez assister \u00e0 un cours de yoga de 19h \u00e0 20h, dispens\u00e9 par Carayma Yoga.<\/p>\n<p>3 \u2013 Pas besoin de route<\/p>\n<p>Samedi 19 juillet, la Ville de Saint-Etienne organise une s\u00e9ance de cin\u00e9ma en plein air de 21h45 \u00e0 23h35. Pour cette \u00e9dition au parc Joseph Sanguedolce, c\u2019est le cultissime Retour vers le futur 2, de Robert Zemeckis, qui sera diffus\u00e9. L\u2019occasion de voir ou revoir doc et Marty voyager vers le futur, en DeLorean bien s\u00fbr.<\/p>\n<p>4 \u2013 Guinguette<\/p>\n<p>Marion en a r\u00eav\u00e9\u2026 son entourage l\u2019a fait. Emport\u00e9e par un cancer \u00e0 cause d\u2019une erreur de diagnostic, ils organisent la premi\u00e8re \u00e9dition de la <a href=\"https:\/\/www.helloasso.com\/associations\/marion-layral\/evenements\/la-guinguette-de-marion?fbclid=IwY2xjawLcp2ZleHRuA2FlbQIxMABicmlkETEyeVpBSTVRcEl6TkptRWFjAR6Kp7kcM0nWQz8dbAMeYuFpMmZ5EPkUM7GE05oSAreDPMDudlK875FTldbISA_aem_EuI8G-qf5MLifrcReRjv2w\" target=\"_blank\" rel=\"noreferrer noopener\">Guinguette de Marion<\/a>. Samedi 19 juillet, au Belv\u00e9d\u00e8re \u00e0 La Fouillouse, venez d\u00e9jeuner, d\u00eener, prendre l\u2019ap\u00e9ritif, danser\u2026 de 11h \u00e0 1h. Tous les b\u00e9n\u00e9fices seront revers\u00e9s \u00e0 la lutte contre le cancer.<\/p>\n<p>5 \u2013 On dirait le sud<\/p>\n<p>Dimanche 20 juillet, \u00e0 14h, le cin\u00e9ma <a href=\"https:\/\/www.lemelies.com\/\" target=\"_blank\" rel=\"noreferrer noopener\">le M\u00e9li\u00e8s<\/a> diffuse le film La Gloire de mon p\u00e8re. Ce chef d\u2019\u0153uvre, sorti en 1990, retrace les aventures du jeune Marcel Pagnol. L\u2019occasion de retomber en enfance\u2026<\/p>\n","protected":false},"excerpt":{"rendered":"Voici la s\u00e9lection de la r\u00e9daction de If Saint-Etienne pour se divertir et s\u2019amuser dans la Loire le&hellip;\n","protected":false},"author":2,"featured_media":241971,"comment_status":"","ping_status":"","sticky":false,"template":"","format":"standard","meta":{"footnotes":""},"categories":[9653],"tags":[14428,1111,11,2430,1777,674,1011,27,34689,14429,12,14430,25,4001,1669,14431],"class_list":{"0":"post-241970","1":"post","2":"type-post","3":"status-publish","4":"format-standard","5":"has-post-thumbnail","7":"category-saint-etienne","8":"tag-activites-week-end-loire","9":"tag-actu","10":"tag-actualites","11":"tag-auvergne-rhone-alpes","12":"tag-eu","13":"tag-europe","14":"tag-fr","15":"tag-france","16":"tag-idee-sortie-saint-etienne","17":"tag-idees-sorties-loire","18":"tag-news","19":"tag-recreatif","20":"tag-republique-francaise","21":"tag-saint-etienne","22":"tag-sorties","23":"tag-week-ends"},"share_on_mastodon":{"url":"https:\/\/pubeurope.com\/@fr\/114833511090609041","error":""},"_links":{"self":[{"href":"https:\/\/www.europesays.com\/fr\/wp-json\/wp\/v2\/posts\/241970","targetHints":{"allow":["GET"]}}],"collection":[{"href":"https:\/\/www.europesays.com\/fr\/wp-json\/wp\/v2\/posts"}],"about":[{"href":"https:\/\/www.europesays.com\/fr\/wp-json\/wp\/v2\/types\/post"}],"author":[{"embeddable":true,"href":"https:\/\/www.europesays.com\/fr\/wp-json\/wp\/v2\/users\/2"}],"replies":[{"embeddable":true,"href":"https:\/\/www.europesays.com\/fr\/wp-json\/wp\/v2\/comments?post=241970"}],"version-history":[{"count":0,"href":"https:\/\/www.europesays.com\/fr\/wp-json\/wp\/v2\/posts\/241970\/revisions"}],"wp:featuredmedia":[{"embeddable":true,"href":"https:\/\/www.europesays.com\/fr\/wp-json\/wp\/v2\/media\/241971"}],"wp:attachment":[{"href":"https:\/\/www.europesays.com\/fr\/wp-json\/wp\/v2\/media?parent=241970"}],"wp:term":[{"taxonomy":"category","embeddable":true,"href":"https:\/\/www.europesays.com\/fr\/wp-json\/wp\/v2\/categories?post=241970"},{"taxonomy":"post_tag","embeddable":true,"href":"https:\/\/www.europesays.com\/fr\/wp-json\/wp\/v2\/tags?post=241970"}],"curies":[{"name":"wp","href":"https:\/\/api.w.org\/{rel}","templated":true}]}}