{"id":241993,"date":"2025-07-11T08:06:09","date_gmt":"2025-07-11T08:06:09","guid":{"rendered":"https:\/\/www.europesays.com\/fr\/241993\/"},"modified":"2025-07-11T08:06:09","modified_gmt":"2025-07-11T08:06:09","slug":"la-ville-de-nice-veut-plus-dimplication-de-la-part-de-ses-jeunes","status":"publish","type":"post","link":"https:\/\/www.europesays.com\/fr\/241993\/","title":{"rendered":"La ville de Nice veut plus d\u2019implication de la part de ses jeunes"},"content":{"rendered":"<p>                    <img loading=\"lazy\" decoding=\"async\" src=\"https:\/\/www.europesays.com\/fr\/wp-content\/uploads\/2025\/07\/0038e7f8fa17496d2390f5d3c0945c.jpg\" class=\"img-responsive post-image\" width=\"680\" height=\"510\" alt=\"La ville de Nice veut (\u2026)\" title=\"La ville de Nice veut plus d'implication de la part de ses jeunes\"\/><\/p>\n<p class=\"chapo\">C\u2019est dans cet objectif qu\u2019elle a \u00e9dit\u00e9 un guide \u00ab\u00a0Jeune &amp; Ni\u00e7ois\u00a0\u00bb, destin\u00e9 \u00e0 leur faciliter la vie tout en suscitant leur engagement, et leur a ouvert sa plateforme de participation\u00a0jeparticipe.nice.fr afin \u00ab\u00a0qu\u2019ils puissent s\u2019exprimer librement, faire part de leurs id\u00e9es et besoins \u00e0 tout moment\u00a0\u00bb, selon un communiqu\u00e9 de presse du 9 juillet.<\/p>\n<p class=\"texte\">Le guide contient des informations (associations, contacts) au sujet de l\u2019orientation, de la formation, de l\u2019emploi ou encore sur la sant\u00e9, le logement, les d\u00e9placements, les sorties et l\u2019engagement.<\/p>\n<p>Quelques chiffres sont rappel\u00e9s au d\u00e9but du guide\u00a0: les jeunes de 15 \u00e0 25 ans repr\u00e9sentent 12\u00a0% de la population ni\u00e7oise, il y a 53 000 \u00e9tudiants et 13 millions d\u2019euros sont investis dans des dispositifs d\u00e9di\u00e9s \u00e0 la jeunesse.\u00a0\u00ab\u00a0De nombreux dispositifs existent pour les accompagner dans des domaines essentiels tels que le logement, la formation, la sant\u00e9, la mobilit\u00e9 ou encore la culture\u00a0\u00a0\u00bb, indique le maire <strong>Christian Estrosi<\/strong> dans le communiqu\u00e9 de la ville. \u00ab\u00a0\u00a0Pourtant, ces outils restent encore trop peu connus, c\u2019est ce que confirment les deux derni\u00e8res consultations men\u00e9es aupr\u00e8s de la jeunesse, poursuit-il. Aujourd\u2019hui, je souhaite aller plus loin\u00a0: rendre ces dispositifs plus visibles, simplifier les d\u00e9marches et surtout donner aux jeunes la place qu\u2019ils m\u00e9ritent dans la construction des politiques publiques qui les concernent. L\u2019avenir de Nice, c\u2019est sa jeunesse\u00a0! C\u2019est pourquoi j\u2019ai souhait\u00e9 la cr\u00e9ation d\u2019un guide complet r\u00e9pertoriant l\u2019ensemble des dispositifs qui leur sont destin\u00e9s, ainsi que la mise en place d\u2019un canal permanent de participation pour qu\u2019ils partagent leurs id\u00e9es, leurs besoins, et participent ainsi activement \u00e0 la construction de la ville de demain.\u00a0\u00bb<\/p>\n<p>Photo de Une \u00a9Ville de Nice \/David Nouy<\/p>\n","protected":false},"excerpt":{"rendered":"C\u2019est dans cet objectif qu\u2019elle a \u00e9dit\u00e9 un guide \u00ab\u00a0Jeune &amp; Ni\u00e7ois\u00a0\u00bb, destin\u00e9 \u00e0 leur faciliter la vie&hellip;\n","protected":false},"author":2,"featured_media":241994,"comment_status":"","ping_status":"","sticky":false,"template":"","format":"standard","meta":{"footnotes":""},"categories":[2819],"tags":[1111,11,2408,1777,674,1011,27,12,2401,882,25],"class_list":{"0":"post-241993","1":"post","2":"type-post","3":"status-publish","4":"format-standard","5":"has-post-thumbnail","7":"category-nice","8":"tag-actu","9":"tag-actualites","10":"tag-appels-d","11":"tag-eu","12":"tag-europe","13":"tag-fr","14":"tag-france","15":"tag-news","16":"tag-nice","17":"tag-provence-alpes-cote-dazur","18":"tag-republique-francaise"},"share_on_mastodon":{"url":"https:\/\/pubeurope.com\/@fr\/114833574183486874","error":""},"_links":{"self":[{"href":"https:\/\/www.europesays.com\/fr\/wp-json\/wp\/v2\/posts\/241993","targetHints":{"allow":["GET"]}}],"collection":[{"href":"https:\/\/www.europesays.com\/fr\/wp-json\/wp\/v2\/posts"}],"about":[{"href":"https:\/\/www.europesays.com\/fr\/wp-json\/wp\/v2\/types\/post"}],"author":[{"embeddable":true,"href":"https:\/\/www.europesays.com\/fr\/wp-json\/wp\/v2\/users\/2"}],"replies":[{"embeddable":true,"href":"https:\/\/www.europesays.com\/fr\/wp-json\/wp\/v2\/comments?post=241993"}],"version-history":[{"count":0,"href":"https:\/\/www.europesays.com\/fr\/wp-json\/wp\/v2\/posts\/241993\/revisions"}],"wp:featuredmedia":[{"embeddable":true,"href":"https:\/\/www.europesays.com\/fr\/wp-json\/wp\/v2\/media\/241994"}],"wp:attachment":[{"href":"https:\/\/www.europesays.com\/fr\/wp-json\/wp\/v2\/media?parent=241993"}],"wp:term":[{"taxonomy":"category","embeddable":true,"href":"https:\/\/www.europesays.com\/fr\/wp-json\/wp\/v2\/categories?post=241993"},{"taxonomy":"post_tag","embeddable":true,"href":"https:\/\/www.europesays.com\/fr\/wp-json\/wp\/v2\/tags?post=241993"}],"curies":[{"name":"wp","href":"https:\/\/api.w.org\/{rel}","templated":true}]}}