{"id":242023,"date":"2025-07-11T08:27:09","date_gmt":"2025-07-11T08:27:09","guid":{"rendered":"https:\/\/www.europesays.com\/fr\/242023\/"},"modified":"2025-07-11T08:27:09","modified_gmt":"2025-07-11T08:27:09","slug":"guerre-en-ukraine-une-association-sinquiete-des-spoliations-du-patrimoine-ukrainien-par-la-russie-et-demande-a-la-cour-penale-internationale-denqueter-sur-le-sujet","status":"publish","type":"post","link":"https:\/\/www.europesays.com\/fr\/242023\/","title":{"rendered":"Guerre en Ukraine : Une association s&rsquo;inqui\u00e8te des spoliations du patrimoine Ukrainien par la Russie et demande \u00e0 la Cour P\u00e9nale Internationale d&rsquo;enqu\u00eater sur le sujet"},"content":{"rendered":"<p>Pillage l\u00e9gal<\/p>\n<p>Au-del\u00e0 des pillages commis par des soldats sur le terrain, Moscou s\u2019est dot\u00e9e d\u2019un cadre l\u00e9gal pour s\u2019approprier le patrimoine culturel ukrainien. Pas moins de 77 mus\u00e9es, avec l\u2019ensemble de leurs collections, ont \u00e9t\u00e9 officiellement int\u00e9gr\u00e9s au registre national russe, suscitant une vive inqui\u00e9tude \u00e0 Kyiv. Les autorit\u00e9s ukrainiennes redoutent d\u00e9sormais un d\u00e9pouillement en r\u00e8gle, cette fois ent\u00e9rin\u00e9 par la loi.<\/p>\n","protected":false},"excerpt":{"rendered":"Pillage l\u00e9gal Au-del\u00e0 des pillages commis par des soldats sur le terrain, Moscou s\u2019est dot\u00e9e d\u2019un cadre l\u00e9gal&hellip;\n","protected":false},"author":2,"featured_media":242024,"comment_status":"","ping_status":"","sticky":false,"template":"","format":"standard","meta":{"footnotes":""},"categories":[1591],"tags":[11,1887,131,12,2551,1885,1886,132],"class_list":{"0":"post-242023","1":"post","2":"type-post","3":"status-publish","4":"format-standard","5":"has-post-thumbnail","7":"category-russie","8":"tag-actualites","9":"tag-federation-de-russie","10":"tag-guerre-en-ukraine","11":"tag-news","12":"tag-patrimoine","13":"tag-russia","14":"tag-russian-federation","15":"tag-russie"},"share_on_mastodon":{"url":"https:\/\/pubeurope.com\/@fr\/114833656754919969","error":""},"_links":{"self":[{"href":"https:\/\/www.europesays.com\/fr\/wp-json\/wp\/v2\/posts\/242023","targetHints":{"allow":["GET"]}}],"collection":[{"href":"https:\/\/www.europesays.com\/fr\/wp-json\/wp\/v2\/posts"}],"about":[{"href":"https:\/\/www.europesays.com\/fr\/wp-json\/wp\/v2\/types\/post"}],"author":[{"embeddable":true,"href":"https:\/\/www.europesays.com\/fr\/wp-json\/wp\/v2\/users\/2"}],"replies":[{"embeddable":true,"href":"https:\/\/www.europesays.com\/fr\/wp-json\/wp\/v2\/comments?post=242023"}],"version-history":[{"count":0,"href":"https:\/\/www.europesays.com\/fr\/wp-json\/wp\/v2\/posts\/242023\/revisions"}],"wp:featuredmedia":[{"embeddable":true,"href":"https:\/\/www.europesays.com\/fr\/wp-json\/wp\/v2\/media\/242024"}],"wp:attachment":[{"href":"https:\/\/www.europesays.com\/fr\/wp-json\/wp\/v2\/media?parent=242023"}],"wp:term":[{"taxonomy":"category","embeddable":true,"href":"https:\/\/www.europesays.com\/fr\/wp-json\/wp\/v2\/categories?post=242023"},{"taxonomy":"post_tag","embeddable":true,"href":"https:\/\/www.europesays.com\/fr\/wp-json\/wp\/v2\/tags?post=242023"}],"curies":[{"name":"wp","href":"https:\/\/api.w.org\/{rel}","templated":true}]}}