{"id":242025,"date":"2025-07-11T08:28:09","date_gmt":"2025-07-11T08:28:09","guid":{"rendered":"https:\/\/www.europesays.com\/fr\/242025\/"},"modified":"2025-07-11T08:28:09","modified_gmt":"2025-07-11T08:28:09","slug":"qui-etait-ivan-voronych-agent-des-services-secrets-tue-en-pleine-rue-a-kiev","status":"publish","type":"post","link":"https:\/\/www.europesays.com\/fr\/242025\/","title":{"rendered":"Qui \u00e9tait Ivan Voronych, agent des services secrets, tu\u00e9 en pleine rue \u00e0 Kiev\u00a0?"},"content":{"rendered":"<p>Un agent du SBU a \u00e9t\u00e9 abattu jeudi matin en pleine rue \u00e0 <a href=\"https:\/\/www.20minutes.fr\/dossier\/kiev\" class=\"color-ultramarine c-link\" target=\"_blank\" rel=\"noopener\">Kiev<\/a>. L\u2019attaque, rare m\u00eame en temps de guerre, suscite des accusations crois\u00e9es entre Ukrainiens et Russes. Qui \u00e9tait la victime\u00a0? Que s\u2019est-il pass\u00e9\u00a0? 20 Minutes vous explique tout.<\/p>\n<p>Que s\u2019est-il pass\u00e9 \u00e0 Kiev jeudi matin\u00a0?<\/p>\n<p>Le Service de s\u00e9curit\u00e9 ukrainien (SBU) a annonc\u00e9 le 10\u00a0juillet qu\u2019un de ses agents avait \u00e9t\u00e9 tu\u00e9 dans le district de Holosiivskyi, au sud de Kiev. Les forces de l\u2019ordre ont d\u00e9couvert le corps d\u2019un homme atteint de plusieurs balles, a indiqu\u00e9 la police dans un communiqu\u00e9. Une enqu\u00eate criminelle a \u00e9t\u00e9 ouverte pour <a href=\"https:\/\/www.20minutes.fr\/dossier\/meurtre\" class=\"color-ultramarine c-link\" target=\"_blank\" rel=\"noopener\">meurtre<\/a>, a pr\u00e9cis\u00e9 le SBU, ajoutant que les autorit\u00e9s \u00ab\u00a0prennent toutes les mesures n\u00e9cessaires pour \u00e9tablir les circonstances du crime et traduire les responsables en justice\u00a0\u00bb.<\/p>\n<p>Selon des sources polici\u00e8res cit\u00e9es par <a href=\"https:\/\/www.pravda.com.ua\/eng\/news\/2025\/07\/10\/7521071\/\" rel=\"nofollow noopener\" target=\"_blank\" class=\"color-ultramarine c-link\">Ukrainska Pravda<\/a>, la victime a \u00e9t\u00e9 tu\u00e9e vers 9 heures du matin\u00a0: un homme cagoul\u00e9 s\u2019est approch\u00e9 d\u2019elle et a tir\u00e9 cinq fois \u00e0 l\u2019aide d\u2019un pistolet \u00e9quip\u00e9 d\u2019un silencieux, avant de prendre la fuite. Une vid\u00e9o issue d\u2019une cam\u00e9ra de surveillance, relay\u00e9e par plusieurs cha\u00eenes Telegram ukrainiennes, montre la sc\u00e8ne, mais elle n\u2019a pas pu \u00eatre authentifi\u00e9e par l\u2019AFP.<\/p>\n<p>Qui \u00e9tait la victime\u00a0?<\/p>\n<p>D\u2019apr\u00e8s Ukrainska Pravda, l\u2019homme tu\u00e9 est le colonel Ivan Voronych, un officier du SBU \u00e2g\u00e9 de 51 ans. <a href=\"https:\/\/www.facebook.com\/mykhalchyshyn\/posts\/pfbid0cgoFnt3Tg3JbC1SEnS9jGLtrh6fGnsWYUusi1QHPtbk1C5cN3iY8KM5zmHKqJUeQl\" rel=\"nofollow noopener\" target=\"_blank\" class=\"color-ultramarine c-link\">D\u2019apr\u00e8s un post Facebook de Yuriy Mykhalchyshyn<\/a>, ancien employ\u00e9 du SBU et aujourd\u2019hui officier au sein du <a href=\"https:\/\/www.20minutes.fr\/monde\/4095737-20240611-guerre-ukraine-etats-unis-rehabilitent-division-azov-qualifiee-nazie-russie\" class=\"color-ultramarine c-link\" target=\"_blank\" rel=\"noopener\">r\u00e9giment Azov<\/a>, la victime avait longtemps servi dans le d\u00e9partement de la d\u00e9fense de l\u2019\u00c9tat national \u00e0 Lviv, avant d\u2019\u00eatre transf\u00e9r\u00e9e au contre-<a href=\"https:\/\/www.20minutes.fr\/dossier\/espionnage\" class=\"color-ultramarine c-link\" target=\"_blank\" rel=\"noopener\">espionnage<\/a> en\u00a02014. Il se souvient de lui comme d\u2019un \u00ab\u00a0officier humble, patriote et correct\u00a0\u00bb.<\/p>\n<p>Ivan Voronych faisait partie des premiers agents \u00e0 avoir \u00e9t\u00e9 envoy\u00e9s dans les zones occup\u00e9es par la Russie apr\u00e8s la r\u00e9volution de Ma\u00efdan et aurait aussi particip\u00e9 \u00e0 la d\u00e9tention d\u2019un groupe de saboteurs russes, appel\u00e9 Yamal. Il occupait le poste d\u2019officier sup\u00e9rieur op\u00e9rationnel au sein de la 1re division de la 16e direction du Centre des op\u00e9rations sp\u00e9ciales du SBU, une unit\u00e9 connue pour \u00eatre impliqu\u00e9e dans des sabotages et attentats en <a href=\"https:\/\/www.20minutes.fr\/monde\/russie\/\" class=\"color-ultramarine c-link\" target=\"_blank\" rel=\"noopener\">Russie<\/a>.<\/p>\n<\/p>\n<p>Dans un message d\u2019hommage publi\u00e9 sur les r\u00e9seaux sociaux cit\u00e9 par <a href=\"https:\/\/www.leparisien.fr\/international\/ukraine\/modeste-patriote-et-correct-qui-etait-ivan-voronytch-agent-des-services-secrets-ukrainiens-tue-en-pleine-rue-a-kiev-10-07-2025-2KORMJAM3RH6RLHAA77LLJRQAE.php?ts=1752215841166\" rel=\"nofollow noopener\" target=\"_blank\" class=\"color-ultramarine c-link\">Le Parisien<\/a>, Roman Chervinsky, ex-officier du renseignement militaire ukrainien, a pr\u00e9cis\u00e9 que la victime avait fond\u00e9 une unit\u00e9 sp\u00e9ciale au sein du SBU \u00ab\u00a0qui pose aujourd\u2019hui <a href=\"https:\/\/www.20minutes.fr\/monde\/ukraine\/4156505-20250602-guerre-ukraine-operation-toile-araignee-coup-dur-humiliant-russie\" class=\"color-ultramarine c-link\" target=\"_blank\" rel=\"noopener\">beaucoup de probl\u00e8mes<\/a>\u00a0\u00bb \u00e0 la Russie. Il n\u2019en a toutefois pas r\u00e9v\u00e9l\u00e9 le nom.<\/p>\n<p>Qui pourrait \u00eatre derri\u00e8re cette attaque\u00a0?<\/p>\n<p>L\u2019enqu\u00eate officielle est toujours en cours, mais les sp\u00e9culations vont bon train. L\u2019attaque aurait \u00e9t\u00e9 men\u00e9e par un \u00ab\u00a0saboteur ennemi\u00a0\u00bb, avance Roman Chervinsky. La piste d\u2019une op\u00e9ration russe est soutenue par plusieurs analystes, notamment en raison du profil de la victime et du mode op\u00e9ratoire.<\/p>\n<p>En Russie, certains commentateurs se sont d\u2019ailleurs r\u00e9jouis de l\u2019assassinat. Le journaliste Alexandre Kots, correspondant de guerre du quotidien pro r\u00e9gime Komsomolskaya Pravda, a salu\u00e9 cet acte\u00a0: \u00ab\u00a0C\u2019est un bon signe. L\u2019ennemi doit avoir peur sur son propre territoire.\u00a0\u00bb<\/p>\n<p>Il a \u00e9galement affirm\u00e9 qu\u2019\u00ab\u00a0il ne faut pas frapper les centres de d\u00e9cision, mais les personnes qui prennent les d\u00e9cisions\u00a0\u00bb, accusant Voronych d\u2019\u00eatre \u00ab\u00a0directement li\u00e9 \u00e0 l\u2019organisation d\u2019attentats terroristes en Russie\u00a0\u00bb. La cha\u00eene Telegram prorusse Rybar a estim\u00e9 que \u00ab\u00a0les motifs pour \u00e9liminer cet agent du SBU \u00e9taient nombreux\u00a0\u00bb, tout en n\u2019excluant pas une lutte interne au sein du SBU.<\/p>\n<p>Pourquoi cette attaque est-elle exceptionnelle\u00a0?<\/p>\n<p>Malgr\u00e9 la <a href=\"https:\/\/www.20minutes.fr\/monde\/ukraine\/\" class=\"color-ultramarine c-link\" target=\"_blank\" rel=\"noopener\">guerre en cours<\/a>, une ex\u00e9cution en pleine rue reste un \u00e9v\u00e9nement rare \u00e0 Kiev. Depuis l\u2019invasion de f\u00e9vrier\u00a02022, plusieurs assassinats cibl\u00e9s ont \u00e9t\u00e9 signal\u00e9s de part et d\u2019autre, notamment contre des responsables politiques, militaires ou des figures li\u00e9es au renseignement. Mais un tel acte en plein jour, dans la capitale ukrainienne, demeure exceptionnel, soulignant la gravit\u00e9 de l\u2019op\u00e9ration.<\/p>\n","protected":false},"excerpt":{"rendered":"Un agent du SBU a \u00e9t\u00e9 abattu jeudi matin en pleine rue \u00e0 Kiev. L\u2019attaque, rare m\u00eame en&hellip;\n","protected":false},"author":2,"featured_media":242026,"comment_status":"","ping_status":"","sticky":false,"template":"","format":"standard","meta":{"footnotes":""},"categories":[1590],"tags":[47,11,6744,4777,1777,674,131,4997,777,74,12,8013,132,220],"class_list":{"0":"post-242025","1":"post","2":"type-post","3":"status-publish","4":"format-standard","5":"has-post-thumbnail","7":"category-ukraine","8":"tag-actualite","9":"tag-actualites","10":"tag-assassinat","11":"tag-espionnage","12":"tag-eu","13":"tag-europe","14":"tag-guerre-en-ukraine","15":"tag-kiev-kyiv","16":"tag-meurtre","17":"tag-monde","18":"tag-news","19":"tag-russe","20":"tag-russie","21":"tag-ukraine"},"share_on_mastodon":{"url":"https:\/\/pubeurope.com\/@fr\/114833660536551088","error":""},"_links":{"self":[{"href":"https:\/\/www.europesays.com\/fr\/wp-json\/wp\/v2\/posts\/242025","targetHints":{"allow":["GET"]}}],"collection":[{"href":"https:\/\/www.europesays.com\/fr\/wp-json\/wp\/v2\/posts"}],"about":[{"href":"https:\/\/www.europesays.com\/fr\/wp-json\/wp\/v2\/types\/post"}],"author":[{"embeddable":true,"href":"https:\/\/www.europesays.com\/fr\/wp-json\/wp\/v2\/users\/2"}],"replies":[{"embeddable":true,"href":"https:\/\/www.europesays.com\/fr\/wp-json\/wp\/v2\/comments?post=242025"}],"version-history":[{"count":0,"href":"https:\/\/www.europesays.com\/fr\/wp-json\/wp\/v2\/posts\/242025\/revisions"}],"wp:featuredmedia":[{"embeddable":true,"href":"https:\/\/www.europesays.com\/fr\/wp-json\/wp\/v2\/media\/242026"}],"wp:attachment":[{"href":"https:\/\/www.europesays.com\/fr\/wp-json\/wp\/v2\/media?parent=242025"}],"wp:term":[{"taxonomy":"category","embeddable":true,"href":"https:\/\/www.europesays.com\/fr\/wp-json\/wp\/v2\/categories?post=242025"},{"taxonomy":"post_tag","embeddable":true,"href":"https:\/\/www.europesays.com\/fr\/wp-json\/wp\/v2\/tags?post=242025"}],"curies":[{"name":"wp","href":"https:\/\/api.w.org\/{rel}","templated":true}]}}