{"id":242032,"date":"2025-07-11T08:32:21","date_gmt":"2025-07-11T08:32:21","guid":{"rendered":"https:\/\/www.europesays.com\/fr\/242032\/"},"modified":"2025-07-11T08:32:21","modified_gmt":"2025-07-11T08:32:21","slug":"leurope-menacee-de-10-un-moindre-mal","status":"publish","type":"post","link":"https:\/\/www.europesays.com\/fr\/242032\/","title":{"rendered":"l&rsquo;Europe menac\u00e9e de 10\u00a0%, un moindre mal\u00a0?"},"content":{"rendered":"<p>L&rsquo;Union europ\u00e9enne peut-elle se satisfaire de droits de douane \u00ab\u00a0r\u00e9ciproques\u00a0\u00bb de 10\u00a0%, malgr\u00e9 des exceptions\u00a0? La Commission europ\u00e9enne esp\u00e8re conclure un accord avec les \u00c9tats-Unis \u00ab\u00a0dans les prochains jours\u00a0\u00bb, a affirm\u00e9 mercredi 9\u00a0juillet un porte-parole de la Commission europ\u00e9enne.<\/p>\n<p>Et selon des sources diplomatiques, les grandes lignes de cet accord porteraient sur des droits de douane am\u00e9ricains de 10 % sur les importations europ\u00e9ennes avec toutefois des exemptions sur l&rsquo;a\u00e9ronautique, les alcools et les produits cosm\u00e9tiques.\u00a0Une solution qui appara\u00eet d\u00e9sormais comme un moindre mal pour une partie des \u00c9tats membres.<\/p>\n<p>\u00ab\u00a0Cela n&rsquo;affecterait pas particuli\u00e8rement\u00a0\u00bb\u00a0l&rsquo;Italie, a ainsi\u00a0d\u00e9clar\u00e9 le 25 juin\u00a0la pr\u00e9sidente du Conseil des ministres italien, Giorgia Meloni.\u00a0\u00ab\u00a0Mieux vaut une solution rapide et simple qu&rsquo;un r\u00e9sultat long et compliqu\u00e9, avec des n\u00e9gociations qui durent encore des mois\u00a0\u00bb,\u00a0a pour sa part affirm\u00e9 le chancelier allemand Friedrich Merz, le 3 juillet.<\/p>\n","protected":false},"excerpt":{"rendered":"L&rsquo;Union europ\u00e9enne peut-elle se satisfaire de droits de douane \u00ab\u00a0r\u00e9ciproques\u00a0\u00bb de 10\u00a0%, malgr\u00e9 des exceptions\u00a0? La Commission europ\u00e9enne&hellip;\n","protected":false},"author":2,"featured_media":242033,"comment_status":"","ping_status":"","sticky":false,"template":"","format":"standard","meta":{"footnotes":""},"categories":[1586],"tags":[5481,17,11,981,2483,33,1777,674,1011,27,1808,26830,18636,38153,12,25],"class_list":{"0":"post-242032","1":"post","2":"type-post","3":"status-publish","4":"format-standard","5":"has-post-thumbnail","7":"category-europe","8":"tag-5481","9":"tag-17","10":"tag-actualites","11":"tag-douane","12":"tag-droits","13":"tag-economie","14":"tag-eu","15":"tag-europe","16":"tag-fr","17":"tag-france","18":"tag-leurope","19":"tag-mal","20":"tag-menacee","21":"tag-moindre","22":"tag-news","23":"tag-republique-francaise"},"share_on_mastodon":{"url":"https:\/\/pubeurope.com\/@fr\/114833676294943338","error":""},"_links":{"self":[{"href":"https:\/\/www.europesays.com\/fr\/wp-json\/wp\/v2\/posts\/242032","targetHints":{"allow":["GET"]}}],"collection":[{"href":"https:\/\/www.europesays.com\/fr\/wp-json\/wp\/v2\/posts"}],"about":[{"href":"https:\/\/www.europesays.com\/fr\/wp-json\/wp\/v2\/types\/post"}],"author":[{"embeddable":true,"href":"https:\/\/www.europesays.com\/fr\/wp-json\/wp\/v2\/users\/2"}],"replies":[{"embeddable":true,"href":"https:\/\/www.europesays.com\/fr\/wp-json\/wp\/v2\/comments?post=242032"}],"version-history":[{"count":0,"href":"https:\/\/www.europesays.com\/fr\/wp-json\/wp\/v2\/posts\/242032\/revisions"}],"wp:featuredmedia":[{"embeddable":true,"href":"https:\/\/www.europesays.com\/fr\/wp-json\/wp\/v2\/media\/242033"}],"wp:attachment":[{"href":"https:\/\/www.europesays.com\/fr\/wp-json\/wp\/v2\/media?parent=242032"}],"wp:term":[{"taxonomy":"category","embeddable":true,"href":"https:\/\/www.europesays.com\/fr\/wp-json\/wp\/v2\/categories?post=242032"},{"taxonomy":"post_tag","embeddable":true,"href":"https:\/\/www.europesays.com\/fr\/wp-json\/wp\/v2\/tags?post=242032"}],"curies":[{"name":"wp","href":"https:\/\/api.w.org\/{rel}","templated":true}]}}