{"id":242034,"date":"2025-07-11T08:33:15","date_gmt":"2025-07-11T08:33:15","guid":{"rendered":"https:\/\/www.europesays.com\/fr\/242034\/"},"modified":"2025-07-11T08:33:15","modified_gmt":"2025-07-11T08:33:15","slug":"enquete-sur-tiktok-dans-lunion-europeenne-la-chine-dement-tout-stockage-illegal-de-donnees-personnelles","status":"publish","type":"post","link":"https:\/\/www.europesays.com\/fr\/242034\/","title":{"rendered":"Enqu\u00eate sur TikTok dans l\u2019Union europ\u00e9enne: la Chine d\u00e9ment tout stockage ill\u00e9gal de donn\u00e9es personnelles"},"content":{"rendered":"<p>  \tP\u00e9kin nie toute implication dans un stockage ill\u00e9gal de donn\u00e9es. Le gouvernement chinois r\u00e9agit \u00e0 l\u2019enqu\u00eate ouverte par l\u2019UE visant TikTok.<\/p>\n<p>&#13;<br \/>\n&#13;<\/p>\n<p>Le gouvernement chinois a d\u00e9menti vendredi \u00eatre impliqu\u00e9 dans un quelconque stockage ill\u00e9gal de donn\u00e9es personnelles sur des serveurs sur son territoire, apr\u00e8s l\u2019ouverture par l\u2019Union europ\u00e9enne d\u2019une enqu\u00eate sur TikTok.<\/p>\n<p>\u00abLe gouvernement chinois attache une grande importance \u00e0 la confidentialit\u00e9 et \u00e0 la s\u00e9curit\u00e9 des donn\u00e9es et les prot\u00e8ge conform\u00e9ment \u00e0 la loi\u00bb, a d\u00e9clar\u00e9 la porte-parole du minist\u00e8re des Affaires \u00e9trang\u00e8res Mao Ning, ajoutant que P\u00e9kin \u00abn\u2019a jamais exig\u00e9 et n\u2019exigera jamais des entreprises ou des particuliers qu\u2019ils collectent ou stockent ill\u00e9galement des donn\u00e9es\u00bb.<\/p>\n<p>    \u00c0 lire aussi<\/p>\n<p>  <img decoding=\"async\" data-copyright=\"Adobe Stock\" class=\"r-img\"  typeof=\"foaf:Image\" src=\"https:\/\/www.europesays.com\/fr\/wp-content\/uploads\/2025\/07\/44989803.jpeg\" alt=\"Image d\u2019illustration.\"\/><br \/>\n      <a href=\"https:\/\/www.rtl.be\/actu\/belgique\/societe\/eviter-un-pourrissement-de-leur-cerveau-voici-comment-le-cdv-veut-proteger-les\/2025-07-11\/article\/756170\" class=\"r-stories--link\" rel=\"nofollow noopener\" target=\"_blank\">\u00c9viter \u00ab\u00a0un pourrissement de leur cerveau\u00a0\u00bb\u00a0: voici comment le CD&amp;V veut prot\u00e9ger les jeunes enfants des contenus vid\u00e9os jug\u00e9s addictifs<\/a><\/p>\n","protected":false},"excerpt":{"rendered":"P\u00e9kin nie toute implication dans un stockage ill\u00e9gal de donn\u00e9es. Le gouvernement chinois r\u00e9agit \u00e0 l\u2019enqu\u00eate ouverte par&hellip;\n","protected":false},"author":2,"featured_media":242035,"comment_status":"","ping_status":"","sticky":false,"template":"","format":"standard","meta":{"footnotes":""},"categories":[1586],"tags":[29950,11,1777,674,1779,1011,27,12,25,1778,364],"class_list":{"0":"post-242034","1":"post","2":"type-post","3":"status-publish","4":"format-standard","5":"has-post-thumbnail","7":"category-europe","8":"tag-nodefield_freetags","9":"tag-actualites","10":"tag-eu","11":"tag-europe","12":"tag-european-union","13":"tag-fr","14":"tag-france","15":"tag-news","16":"tag-republique-francaise","17":"tag-ue","18":"tag-union-europeenne"},"share_on_mastodon":{"url":"https:\/\/pubeurope.com\/@fr\/114833680591967404","error":""},"_links":{"self":[{"href":"https:\/\/www.europesays.com\/fr\/wp-json\/wp\/v2\/posts\/242034","targetHints":{"allow":["GET"]}}],"collection":[{"href":"https:\/\/www.europesays.com\/fr\/wp-json\/wp\/v2\/posts"}],"about":[{"href":"https:\/\/www.europesays.com\/fr\/wp-json\/wp\/v2\/types\/post"}],"author":[{"embeddable":true,"href":"https:\/\/www.europesays.com\/fr\/wp-json\/wp\/v2\/users\/2"}],"replies":[{"embeddable":true,"href":"https:\/\/www.europesays.com\/fr\/wp-json\/wp\/v2\/comments?post=242034"}],"version-history":[{"count":0,"href":"https:\/\/www.europesays.com\/fr\/wp-json\/wp\/v2\/posts\/242034\/revisions"}],"wp:featuredmedia":[{"embeddable":true,"href":"https:\/\/www.europesays.com\/fr\/wp-json\/wp\/v2\/media\/242035"}],"wp:attachment":[{"href":"https:\/\/www.europesays.com\/fr\/wp-json\/wp\/v2\/media?parent=242034"}],"wp:term":[{"taxonomy":"category","embeddable":true,"href":"https:\/\/www.europesays.com\/fr\/wp-json\/wp\/v2\/categories?post=242034"},{"taxonomy":"post_tag","embeddable":true,"href":"https:\/\/www.europesays.com\/fr\/wp-json\/wp\/v2\/tags?post=242034"}],"curies":[{"name":"wp","href":"https:\/\/api.w.org\/{rel}","templated":true}]}}