{"id":242036,"date":"2025-07-11T08:34:11","date_gmt":"2025-07-11T08:34:11","guid":{"rendered":"https:\/\/www.europesays.com\/fr\/242036\/"},"modified":"2025-07-11T08:34:11","modified_gmt":"2025-07-11T08:34:11","slug":"pendant-longtemps-lidee-etait-que-les-degats-du-rechauffement-climatique-se-produiraient-dans-le-futur","status":"publish","type":"post","link":"https:\/\/www.europesays.com\/fr\/242036\/","title":{"rendered":"\u00ab\u00a0Pendant longtemps, l\u2019id\u00e9e \u00e9tait que les d\u00e9g\u00e2ts du r\u00e9chauffement climatique se produiraient dans le futur\u00a0\u00bb"},"content":{"rendered":"<p>Une nouvelle <a href=\"https:\/\/www.20minutes.fr\/dossier\/chaleur\" class=\"color-ultramarine c-link\" rel=\"nofollow noopener\" target=\"_blank\">vague de chaleur<\/a> arrive en France en cette fin de semaine, quelques jours seulement apr\u00e8s qu\u2019une <a href=\"https:\/\/www.20minutes.fr\/dossier\/canicule\" class=\"color-ultramarine c-link\" rel=\"nofollow noopener\" target=\"_blank\">canicule <\/a>a transform\u00e9 le pays en barbecue g\u00e9ant. Des coups de chaud amen\u00e9 \u00e0 se multiplier avec les ann\u00e9es, et qui pousse petit \u00e0 petit la France \u00e0 revoir sa politique climatique.<\/p>\n<p>En mati\u00e8re \u00e9cologique, le pays a longtemps vers\u00e9 dans le \u00ab\u00a0tout att\u00e9nuation\u00a0\u00bb. L\u2019objectif \u00e9tait de r\u00e9duire au maximum les \u00e9missions de <a href=\"https:\/\/www.20minutes.fr\/dossier\/gaz_a_effet_de_serre\" class=\"color-ultramarine c-link\" rel=\"nofollow noopener\" target=\"_blank\">gaz \u00e0 effet de serre<\/a> afin de limiter le <a href=\"https:\/\/www.20minutes.fr\/dossier\/rechauffement-climatique\" class=\"color-ultramarine c-link\" rel=\"nofollow noopener\" target=\"_blank\">r\u00e9chauffement climatique<\/a>. L\u2019autre voie, \u00ab\u00a0l\u2019adaptation\u00a0\u00bb, qui consiste \u00e0 mettre en place des m\u00e9canismes pour diminuer les effets n\u00e9gatifs de la hausse des temp\u00e9ratures &#8211; digue, climatisation. &#8211; a \u00e9t\u00e9 la grande oubli\u00e9e des politiques publiques.<\/p>\n<p>Mais devant une <a href=\"https:\/\/www.20minutes.fr\/dossier\/meteo\" class=\"color-ultramarine c-link\" rel=\"nofollow noopener\" target=\"_blank\">m\u00e9t\u00e9o<\/a> qui s\u2019affole, elle s\u2019impose dans le d\u00e9bat. C\u2019est notamment le propos de Fran\u00e7ois L\u00e9v\u00eaque, professeur d\u2019\u00e9conomie \u00e0 Mines Paris Tech et coauteur du livre Survivre \u00e0 la chaleur\u00a0: Adaptons-nous (Odile Jacob, 2025). 20 Minutes s\u2019est entretenu avec lui.<\/p>\n<p>Comment expliquer que la France a si longtemps d\u00e9laiss\u00e9 la voie de l\u2019adaptation\u00a0?<\/p>\n<p>Pendant longtemps, l\u2019id\u00e9e dominante \u00e9tait que les d\u00e9g\u00e2ts du r\u00e9chauffement climatique se produiraient dans le futur. Ainsi, si les rapports du <a href=\"https:\/\/www.20minutes.fr\/dossier\/giec\" class=\"color-ultramarine c-link\" rel=\"nofollow noopener\" target=\"_blank\">GIEC<\/a> ont toujours averti sur les impacts du d\u00e9r\u00e8glement du mclimat, jusque dans les ann\u00e9es\u00a02000, ils \u00e9voquaient les catastrophes \u00e0 venir \u00ab\u00a0si rien n\u2019\u00e9tait fait\u00a0\u00bb, et non les dommages d\u00e9j\u00e0 pr\u00e9sents et \u00e0 court terme. La priorit\u00e9 \u00e9tait donc non pas de s\u2019adapter au r\u00e9chauffement mais de l\u2019\u00e9viter au maximum, lorsqu\u2019on pensait raisonnablement encore pouvoir le contenir.<\/p>\n<p>Il y avait \u00e9galement un principe moral\u00a0: Europ\u00e9ens et Am\u00e9ricains sont largement \u00e0 l\u2019origine des \u00e9missions historiques de gaz \u00e0 effet de serre et se devaient donc de les r\u00e9duire pour \u00ab\u00a0payer leur dette\u00a0\u00bb climatique.<\/p>\n<p>Enfin, l\u2019adaptation a \u00e9t\u00e9 mise en retrait par crainte que les efforts ne soient r\u00e9duits sur l\u2019att\u00e9nuation. Si l\u2019on parvenait \u00e0 vivre convenablement avec le r\u00e9chauffement climatique, pourquoi lutter contre\u00a0?<\/p>\n<p>L\u2019adaptation a souffert d\u2019un manque de r\u00e9sonance m\u00e9diatique, qui l\u2019a rendu peu \u00ab\u00a0rentable\u00a0\u00bb \u00e9lectoralement\u2026<\/p>\n<p>C\u2019est un ph\u00e9nom\u00e8ne \u00e0 bas bruit, une somme de petits \u00e9l\u00e9ments \u00e0 l\u2019influence locale\u2026 R\u00e9hausser une digue ici, v\u00e9g\u00e9taliser une rue l\u00e0, c\u2019est moins spectaculaire que de fermer une centrale \u00e0 charbon. M\u00eame aujourd\u2019hui, lorsque le gouvernement fran\u00e7ais sort un num\u00e9ro vert, appelle \u00e0 la vigilance ou rappelle de boire de l\u2019eau, il est moqu\u00e9. Pourtant, si lors de la canicule de\u00a02003, 15.000 personnes sont mortes, les mesures d\u2019adaptation prises depuis ont consid\u00e9rablement r\u00e9duit la mortalit\u00e9 des vagues de chaleur en France. L\u2019adaptation fonctionne mais elle reste peu impressionnante, et ses progr\u00e8s et ses effets b\u00e9n\u00e9fiques passent largement inaper\u00e7us.<\/p>\n<p>Elle est \u00e9galement complexe \u00e0 chiffrer. Les plans d\u2019adaptation du gouvernement sont des catalogues de mesures. Lutter contre la canicule est tr\u00e8s diff\u00e9rent de la lutte contre les inondations ou les feux de for\u00eat, ce qui va entra\u00eener des r\u00e9ponses complexes, vari\u00e9es, et avec peu d\u2019impacts m\u00e9diatiques, l\u00e0 o\u00f9 une baisse de X\u00a0% d\u2019\u00e9missions de <a href=\"https:\/\/www.20minutes.fr\/planete\/co2\/\" class=\"color-ultramarine c-link\" rel=\"nofollow noopener\" target=\"_blank\">CO2<\/a> est plus simple \u00e0 pr\u00e9senter.<\/p>\n<p>Enfin, l\u2019adaptation a longtemps eu des allures de renoncement, ce qui est peu vendeur politiquement lorsqu\u2019une partie de l\u2019\u00e9lectorat est sensible aux \u00e9cologistes.<\/p>\n<p>Mais elle commence \u00e0 revenir dans le d\u00e9bat public. Que s\u2019est-il pass\u00e9\u00a0?<\/p>\n<p>Il manquait une prise de conscience sur les dommages actuels du r\u00e9chauffement climatique, qui vient petit \u00e0 petit. Les catastrophes naturelles auraient co\u00fbt\u00e9 en\u00a02024 pr\u00e8s de 300\u00a0milliards d\u2019euros, en hausse de 26\u00a0% par rapport \u00e0 la moyenne des dix ann\u00e9es pr\u00e9c\u00e9dentes, dont 2\u00a0milliards pour la France. Les <a href=\"https:\/\/www.20minutes.fr\/dossier\/inondation\" class=\"color-ultramarine c-link\" rel=\"nofollow noopener\" target=\"_blank\">inondations<\/a> ont fait 355 d\u00e9c\u00e8s en <a href=\"https:\/\/www.20minutes.fr\/dossier\/europe\" class=\"color-ultramarine c-link\" rel=\"nofollow noopener\" target=\"_blank\">Europe<\/a>, tandis que l\u2019on compte 3.700 d\u00e9c\u00e8s pour le seul \u00e9t\u00e9 caniculaire 2023.<\/p>\n<p>Et cela change tout \u00e0 la moralit\u00e9 de nos actions. Puisque des gens meurent aujourd\u2019hui du changement climatique, on ne va pas attendre que les \u00e9missions soient r\u00e9duites de fa\u00e7on significative avant de les sauver.<\/p>\n<\/p>\n<p>Lors de la vague de chaleur de la semaine derni\u00e8re, la climatisation est revenue au centre du d\u00e9bat, elle qui a longtemps \u00e9t\u00e9 mal vue en France\u2026<\/p>\n<p>Pendant longtemps, la vision de la climatisation en France s\u2019est concentr\u00e9e uniquement sur ses co\u00fbts sans parler des b\u00e9n\u00e9fices. Depuis qu\u2019elle s\u2019est d\u00e9velopp\u00e9e aux <a href=\"https:\/\/www.20minutes.fr\/monde\/etats-unis\/\" class=\"color-ultramarine c-link\" rel=\"nofollow noopener\" target=\"_blank\">Etats-Unis<\/a>, elle a sauv\u00e9 en moyenne 17.000 personnes par an. Et on ne parle que des d\u00e9c\u00e8s. Il y a \u00e9galement des impacts tr\u00e8s concrets sur la qualit\u00e9 de vie, qui sont des crit\u00e8res importants \u00e9conomiquement. Un employ\u00e9 qui dort mal chez lui car son logement est mal prot\u00e9g\u00e9 contre les fortes chaleurs et qu\u2019il n\u2019a pas la climatisation ou de ventilateur travaillera moins bien la journ\u00e9e. On le constate \u00e0 chaque vague de chaleur\u00a0: la productivit\u00e9 du travail baisse dans les ateliers comme dans les bureaux.<\/p>\n<p>La principale critique contre la climatisation reste son co\u00fbt carbone mais en France, l\u2019\u00e9lectricit\u00e9 est extr\u00eamement d\u00e9carbon\u00e9e, donc ce reproche n\u2019a pas trop de sens. La climatisation reste un bon exemple de comment les politiques d\u2019adaptation s\u2019imposent d\u00e9sormais dans le d\u00e9bat public.<\/p>\n<p>La France doit-elle pr\u00e9voir des plans d\u2019adaptation\u00a0?<\/p>\n<p>Elle le fait d\u00e9j\u00e0 &#8211; heureusement \u2013 et plut\u00f4t bien, mais apr\u00e8s avoir longtemps d\u00e9laiss\u00e9 cette voie, la France doit encore s\u2019am\u00e9liorer. C\u2019est une politique le plus souvent rentable en mati\u00e8re de co\u00fbts\/b\u00e9n\u00e9fices. On peut \u00e9galement penser \u00e0 des mix priv\u00e9s\/publics, comme sur la climatisation par des pompes \u00e0 chaleur r\u00e9versible. C\u2019est un achat souvent priv\u00e9, mais il peut b\u00e9n\u00e9ficier d\u2019aides publiques.<\/p>\n<p>Le gouvernement doit \u00e9galement agir sur les comportements\u00a0: ne mettez pas votre clim \u00e0 19\u00a0\u00b0C s\u2019il fait 35 dehors, tout comme on l\u2019a fait pour r\u00e9duire le chauffage en hiver. Attention cependant, l\u2019adaptation ne peut pas \u00eatre la seule solution. Mais en tout cas, elle ne peut plus \u00eatre la seconde roue du carrosse.<\/p>\n","protected":false},"excerpt":{"rendered":"Une nouvelle vague de chaleur arrive en France en cette fin de semaine, quelques jours seulement apr\u00e8s qu\u2019une&hellip;\n","protected":false},"author":2,"featured_media":242037,"comment_status":"","ping_status":"","sticky":false,"template":"","format":"standard","meta":{"footnotes":""},"categories":[2],"tags":[11,6698,13208,1129,21947,33,1011,27,14687,2173,12,52,5140,25],"class_list":{"0":"post-242036","1":"post","2":"type-post","3":"status-publish","4":"format-standard","5":"has-post-thumbnail","7":"category-actualites","8":"tag-actualites","9":"tag-canicule","10":"tag-chaleur","11":"tag-climat","12":"tag-co2","13":"tag-economie","14":"tag-fr","15":"tag-france","16":"tag-giec","17":"tag-interview","18":"tag-news","19":"tag-planete","20":"tag-rechauffement-climatique","21":"tag-republique-francaise"},"share_on_mastodon":{"url":"https:\/\/pubeurope.com\/@fr\/114833684194180534","error":""},"_links":{"self":[{"href":"https:\/\/www.europesays.com\/fr\/wp-json\/wp\/v2\/posts\/242036","targetHints":{"allow":["GET"]}}],"collection":[{"href":"https:\/\/www.europesays.com\/fr\/wp-json\/wp\/v2\/posts"}],"about":[{"href":"https:\/\/www.europesays.com\/fr\/wp-json\/wp\/v2\/types\/post"}],"author":[{"embeddable":true,"href":"https:\/\/www.europesays.com\/fr\/wp-json\/wp\/v2\/users\/2"}],"replies":[{"embeddable":true,"href":"https:\/\/www.europesays.com\/fr\/wp-json\/wp\/v2\/comments?post=242036"}],"version-history":[{"count":0,"href":"https:\/\/www.europesays.com\/fr\/wp-json\/wp\/v2\/posts\/242036\/revisions"}],"wp:featuredmedia":[{"embeddable":true,"href":"https:\/\/www.europesays.com\/fr\/wp-json\/wp\/v2\/media\/242037"}],"wp:attachment":[{"href":"https:\/\/www.europesays.com\/fr\/wp-json\/wp\/v2\/media?parent=242036"}],"wp:term":[{"taxonomy":"category","embeddable":true,"href":"https:\/\/www.europesays.com\/fr\/wp-json\/wp\/v2\/categories?post=242036"},{"taxonomy":"post_tag","embeddable":true,"href":"https:\/\/www.europesays.com\/fr\/wp-json\/wp\/v2\/tags?post=242036"}],"curies":[{"name":"wp","href":"https:\/\/api.w.org\/{rel}","templated":true}]}}