{"id":24204,"date":"2025-04-14T12:12:08","date_gmt":"2025-04-14T12:12:08","guid":{"rendered":"https:\/\/www.europesays.com\/fr\/24204\/"},"modified":"2025-04-14T12:12:08","modified_gmt":"2025-04-14T12:12:08","slug":"quand-une-oeuvre-artistique-nous-marque-pour-la-vie","status":"publish","type":"post","link":"https:\/\/www.europesays.com\/fr\/24204\/","title":{"rendered":"quand une \u0153uvre artistique nous marque pour la vie"},"content":{"rendered":"<p>    L\u2019exposition \u00e0 l\u2019art est b\u00e9n\u00e9fique pour la sant\u00e9 mentale, et la litt\u00e9rature nous aide \u00e0 mieux comprendre le monde, les autres, et nous-m\u00eames.<br \/>\n                candy1812 &#8211; stock.adobe.com<\/p>\n<p><strong>PSYCHOLOGIE &#8211;<\/strong> Un livre, un film, une musique peuvent faire bien plus que nous \u00e9mouvoir. Ils peuvent nous r\u00e9v\u00e9ler \u00e0 nous-m\u00eames, transformer notre regard sur le monde&#8230; et parfois m\u00eame nous pousser \u00e0 changer de vie.<\/p>\n<p class=\"fig-paragraph\">Clara avait 20 ans quand elle a d\u00e9couvert La promesse de l\u2019aube, de Romain Gary (1960). \u00ab\u00a0Ce livre m\u2019a boulevers\u00e9e. Il a chang\u00e9 quelque chose en moi. Savoir qu\u2019un \u00eatre humain a pu retranscrire\u00a0<a href=\"http:\/\/sante.lefigaro.fr\/psychologie\/l-effet-particulier-du-beau-sur-le-cerveau-humain-20240621\" data-fig-type=\"Article\" data-gtm-custom-categorie=\"navigation\" data-gtm-custom-action=\"crossclick\" data-gtm-custom-label=\"Contextuel\" data-gtm-event=\"customEventSPE\" data-fig-domain=\"SANTE\" target=\"_blank\" rel=\"noopener\">des pens\u00e9es aussi belles<\/a> \u00a0me fait relativiser pas mal de choses.\u00a0<a href=\"http:\/\/www.lefigaro.fr\/sciences\/sante-mentale-dans-le-monde-la-souffrance-est-enorme-alerte-l-oms-20220617\" data-fig-type=\"NewsFlash\" data-gtm-custom-categorie=\"navigation\" data-gtm-custom-action=\"crossclick\" data-gtm-custom-label=\"Contextuel\" data-gtm-event=\"customEventSPE\" data-fig-domain=\"LEFIGARO\" target=\"_blank\" rel=\"noopener\">Le monde va mal<\/a> , mais je sais que je peux m\u2019en \u00e9chapper le temps d\u2019une lecture. C\u2019est un shoot de bien-\u00eatre\u00a0!\u00a0\u00bb, confie la Parisienne de 29 ans. Les neurosciences d\u00e9montrent certes que \u00ab\u00a0l\u2019exposition \u00e0 l\u2019art a un\u00a0<a href=\"http:\/\/www.lefigaro.fr\/conjoncture\/sante-mentale-quand-la-culture-populaire-aide-a-liberer-la-parole-20241217\" data-fig-type=\"Article\" data-gtm-custom-categorie=\"navigation\" data-gtm-custom-action=\"crossclick\" data-gtm-custom-label=\"Contextuel\" data-gtm-event=\"customEventSPE\" data-fig-domain=\"LEFIGARO\" target=\"_blank\" rel=\"noopener\">effet b\u00e9n\u00e9fique sur la sant\u00e9 mentale<\/a> \u00a0\u00bb, rappelle Isabelle Leboeuf, psychologue \u00e0 Lille. Mais peut-on vraiment dire qu\u2019une \u0153uvre change une vie\u00a0?<\/p>\n<p class=\"fig-paragraph\">Pour le Dr St\u00e9phanie Hahusseau, psychiatre, \u00ab\u00a0entamer un livre, c\u2019est comme toquer \u00e0 la porte d\u2019un th\u00e9rapeute\u00a0: on est pr\u00eat \u00e0 consid\u00e9rer un autre regard, une autre vision du monde\u00a0\u00bb. Elle prend en exemple le long m\u00e9trage Will Hunting de Gus Van Sant (1997), avec Matt Damon et Robin Williams, qui a marqu\u00e9 toute une g\u00e9n\u00e9ration. \u00ab\u00a0Ce film vient nous chercher\u2026<\/p>\n<p class=\"fig-premium-paywall__infos\">\n        Cet article est r\u00e9serv\u00e9 aux abonn\u00e9s.        Il vous reste 90% \u00e0 d\u00e9couvrir.\n    <\/p>\n<p>                <img  data- alt=\"Le Figaro\" class=\"fig-img--complete fig-img\"\/><\/p>\n<p class=\"fig-premium-paywall__title\">Vous avez envie de lire la suite ?<\/p>\n<p class=\"fig-premium-paywall__subtitle\">D\u00e9bloquez tous les articles imm\u00e9diatement.<\/p>\n<p class=\"fig-premium-paywall__connect\">\n                D\u00e9j\u00e0 abonn\u00e9\u00a0?                <a class=\"fig-premium-paywall__connect-link\" href=\"https:\/\/connect.lefigaro.fr\/login?client=sante_web&amp;type=main&amp;redirect_uri=https%3A%2F%2Fsante.lefigaro.fr%2Fpsychologie%2Fces-livres-m-ont-preparee-au-monde-quand-une-oeuvre-artistique-nous-marque-pour-la-vie-20250414\" data-js-gtm=\"{&quot;customCategorie&quot;: &quot;conversion&quot;, &quot;customAction&quot;: &quot;before_Landing_Connexion_paywall_auto&quot;, &quot;customLabel&quot;: &quot;c2FudGUubGVmaWdhcm8uZnJfXzFmMDE2YjU2LTEwMWYtNjQwZS04YWVkLTMxY2ZhM2JjMTNjMF9fQXJ0aWNsZQ==_\u00abCes livres m\u2019ont pr\u00e9par\u00e9e au monde\u00bb\u00a0: quand une \u0153uvre artistique nous marque pour la vie_363&quot;, &quot;customIDSPE&quot;: &quot;c2FudGUubGVmaWdhcm8uZnJfXzFmMDE2YjU2LTEwMWYtNjQwZS04YWVkLTMxY2ZhM2JjMTNjMF9fQXJ0aWNsZQ==&quot;, &quot;event&quot;: &quot;customEventSPE&quot;}\" target=\"_blank\" rel=\"noopener\"><br \/>\n                    Connectez-vous<br \/>\n                <\/a>\n            <\/p>\n","protected":false},"excerpt":{"rendered":"L\u2019exposition \u00e0 l\u2019art est b\u00e9n\u00e9fique pour la sant\u00e9 mentale, et la litt\u00e9rature nous aide \u00e0 mieux comprendre le&hellip;\n","protected":false},"author":2,"featured_media":24205,"comment_status":"","ping_status":"","sticky":false,"template":"","format":"standard","meta":{"footnotes":""},"categories":[1358],"tags":[5562,1348,1384,1385,5555,2073,5561,1386,5567,58,59,5556,1011,27,4982,5566,5563,5560,1402,235,298,5557,5559,5558,5565,279,4990,5554,5564],"class_list":{"0":"post-24204","1":"post","2":"type-post","3":"status-publish","4":"format-standard","5":"has-post-thumbnail","7":"category-arts-et-design","8":"tag-angoisse","9":"tag-arts","10":"tag-arts-and-design","11":"tag-arts-et-design","12":"tag-conseil-de-psy","13":"tag-depression","14":"tag-deprime","15":"tag-design","16":"tag-developpement-personnel","17":"tag-divertissement","18":"tag-entertainment","19":"tag-forum","20":"tag-fr","21":"tag-france","22":"tag-insomnie","23":"tag-interpretation","24":"tag-phobie","25":"tag-psychanalyse","26":"tag-psychanalyste","27":"tag-psychiatrie","28":"tag-psychologie","29":"tag-psychologue","30":"tag-psychotherapeute","31":"tag-psychotherapies","32":"tag-reves","33":"tag-sommeil","34":"tag-stress","35":"tag-therapie","36":"tag-toc"},"share_on_mastodon":{"url":"https:\/\/pubeurope.com\/@fr\/114336258041668596","error":""},"_links":{"self":[{"href":"https:\/\/www.europesays.com\/fr\/wp-json\/wp\/v2\/posts\/24204","targetHints":{"allow":["GET"]}}],"collection":[{"href":"https:\/\/www.europesays.com\/fr\/wp-json\/wp\/v2\/posts"}],"about":[{"href":"https:\/\/www.europesays.com\/fr\/wp-json\/wp\/v2\/types\/post"}],"author":[{"embeddable":true,"href":"https:\/\/www.europesays.com\/fr\/wp-json\/wp\/v2\/users\/2"}],"replies":[{"embeddable":true,"href":"https:\/\/www.europesays.com\/fr\/wp-json\/wp\/v2\/comments?post=24204"}],"version-history":[{"count":0,"href":"https:\/\/www.europesays.com\/fr\/wp-json\/wp\/v2\/posts\/24204\/revisions"}],"wp:featuredmedia":[{"embeddable":true,"href":"https:\/\/www.europesays.com\/fr\/wp-json\/wp\/v2\/media\/24205"}],"wp:attachment":[{"href":"https:\/\/www.europesays.com\/fr\/wp-json\/wp\/v2\/media?parent=24204"}],"wp:term":[{"taxonomy":"category","embeddable":true,"href":"https:\/\/www.europesays.com\/fr\/wp-json\/wp\/v2\/categories?post=24204"},{"taxonomy":"post_tag","embeddable":true,"href":"https:\/\/www.europesays.com\/fr\/wp-json\/wp\/v2\/tags?post=24204"}],"curies":[{"name":"wp","href":"https:\/\/api.w.org\/{rel}","templated":true}]}}