{"id":242044,"date":"2025-07-11T08:39:10","date_gmt":"2025-07-11T08:39:10","guid":{"rendered":"https:\/\/www.europesays.com\/fr\/242044\/"},"modified":"2025-07-11T08:39:10","modified_gmt":"2025-07-11T08:39:10","slug":"ce-joueur-toulonnais-qui-semble-etre-au-sommet-de-sa-carriere","status":"publish","type":"post","link":"https:\/\/www.europesays.com\/fr\/242044\/","title":{"rendered":"Ce joueur Toulonnais qui semble \u00eatre au sommet de sa carri\u00e8re !"},"content":{"rendered":"<p>Dans son \u00e9dition du jour, Midi Olympique d\u00e9voile son TOP 10 des demi-m\u00eal\u00e9e du Top 14 de la saison 2024 \/ 2025.<\/p>\n<p>Le podium est compos\u00e9 du Bordelais Maxime Lucu, du Francilien Nolann Le Garrec et du Toulonnais Baptiste Serin.<\/p>\n<p>L\u2019occasion pour le bi-hebdomadaire de dire le plus grand bien du demi-de-m\u00eal\u00e9e Toulonnais, Baptiste Serin.<\/p>\n<p>Selon le Midi Olympique, Baptiste Serin est tr\u00e8s probablement au sommet de sa carri\u00e8re.<\/p>\n<p><strong>A lire ci-dessous :<\/strong><\/p>\n<p>\u00ab\u00a0Les saisons se suivent et se ressemblent pour Baptiste Serin sur les bords de la M\u00e9diterran\u00e9e. Toujours aussi magnifique \u00e0 voir jouer, le num\u00e9ro 9 est une des pi\u00e8ces les plus importantes du RCT. Logique nous direz-vous avec son poste et son positionnement sur le terrain. Sauf que sans un grand Serin, pas de grand Toulon. De retour en demi-finale du championnat pour la premi\u00e8re fois depuis huit ans, les Rouge et Noir ont \u00e9t\u00e9 port\u00e9s par un demi-de-m\u00eal\u00e9e tout simplement inarr\u00eatable lors de certaines rencontres.<\/p>\n<p> Avec une vision du jeu beaucoup plus \u00e9lev\u00e9e que la moyenne, Serin dynamite les d\u00e9fenses qu\u2019il croise avec une facilit\u00e9 d\u00e9concertante. Ses sept essais inscrits en 24 matches ainsi que les 29 d\u00e9fenseurs qu\u2019il a laiss\u00e9s sur le carreau l\u2019attestent. A 31 ans, le minot de Parentis-en-Born semble au sommet de sa carri\u00e8re et ce sont nos yeux qui le remercient. Pourvu que \u00e7a dure pour Toulon !\u00a0\u00bb<\/p>\n<p><strong>En fin de contrat avec Toulon au mois de juin 2026, Baptiste Serin ne sait pas encore de quoi sera fait son avenir.<\/strong><\/p>\n","protected":false},"excerpt":{"rendered":"Dans son \u00e9dition du jour, Midi Olympique d\u00e9voile son TOP 10 des demi-m\u00eal\u00e9e du Top 14 de la&hellip;\n","protected":false},"author":2,"featured_media":232086,"comment_status":"","ping_status":"","sticky":false,"template":"","format":"standard","meta":{"footnotes":""},"categories":[1416],"tags":[1011,27,479,1468,60],"class_list":{"0":"post-242044","1":"post","2":"type-post","3":"status-publish","4":"format-standard","5":"has-post-thumbnail","7":"category-rugby","8":"tag-fr","9":"tag-france","10":"tag-rugby","11":"tag-rugby-football","12":"tag-sports"},"share_on_mastodon":{"url":"https:\/\/pubeurope.com\/@fr\/114833703921271711","error":""},"_links":{"self":[{"href":"https:\/\/www.europesays.com\/fr\/wp-json\/wp\/v2\/posts\/242044","targetHints":{"allow":["GET"]}}],"collection":[{"href":"https:\/\/www.europesays.com\/fr\/wp-json\/wp\/v2\/posts"}],"about":[{"href":"https:\/\/www.europesays.com\/fr\/wp-json\/wp\/v2\/types\/post"}],"author":[{"embeddable":true,"href":"https:\/\/www.europesays.com\/fr\/wp-json\/wp\/v2\/users\/2"}],"replies":[{"embeddable":true,"href":"https:\/\/www.europesays.com\/fr\/wp-json\/wp\/v2\/comments?post=242044"}],"version-history":[{"count":0,"href":"https:\/\/www.europesays.com\/fr\/wp-json\/wp\/v2\/posts\/242044\/revisions"}],"wp:featuredmedia":[{"embeddable":true,"href":"https:\/\/www.europesays.com\/fr\/wp-json\/wp\/v2\/media\/232086"}],"wp:attachment":[{"href":"https:\/\/www.europesays.com\/fr\/wp-json\/wp\/v2\/media?parent=242044"}],"wp:term":[{"taxonomy":"category","embeddable":true,"href":"https:\/\/www.europesays.com\/fr\/wp-json\/wp\/v2\/categories?post=242044"},{"taxonomy":"post_tag","embeddable":true,"href":"https:\/\/www.europesays.com\/fr\/wp-json\/wp\/v2\/tags?post=242044"}],"curies":[{"name":"wp","href":"https:\/\/api.w.org\/{rel}","templated":true}]}}