{"id":242051,"date":"2025-07-11T08:44:10","date_gmt":"2025-07-11T08:44:10","guid":{"rendered":"https:\/\/www.europesays.com\/fr\/242051\/"},"modified":"2025-07-11T08:44:10","modified_gmt":"2025-07-11T08:44:10","slug":"tour-de-france-2025-tadej-pogacar-agace-par-la-tactique-des-visma-ce-quils-ont-fait-navait-aucun-sens","status":"publish","type":"post","link":"https:\/\/www.europesays.com\/fr\/242051\/","title":{"rendered":"Tour de France 2025 \u2013 Tadej Pogacar agac\u00e9 par la tactique des Visma\u00a0: \u00ab\u00a0Ce qu&rsquo;ils ont fait n&rsquo;avait aucun sens\u00a0\u00bb"},"content":{"rendered":"<p class=\"ap-StoryElement ap-StoryElement--mb js-paywall-target ap-StoryText\">Malgr\u00e9 toutes ces bonnes nouvelles, Pogacar \u00e9tait un peu agac\u00e9 sur la tactique de ses rivaux de Visma | Lease a Bike. Il n&rsquo;a en effet pas h\u00e9sit\u00e9 \u00e0 critiquer la strat\u00e9gie de l&rsquo;\u00e9quipe de Jonas Vingegaard apr\u00e8s l&rsquo;\u00e9tape, au micro de la radio slov\u00e8ne Val 202.<\/p>\n<p><a href=\"https:\/\/www.dhnet.be\/sports\/cyclisme\/2025\/07\/11\/tour-de-france-2025-remco-evenepoel-preface-la-7e-etape-si-jai-les-jambes-jessaierai-quelque-chose-C74QR2MZ6RGMVMFJJZ5KZDWYEU\/\" target=\"_blank\" rel=\"noopener noreferrer\" class=\"ap-StoryInterstitialLink ap-StoryElement ap-StoryElement--mb\">Tour de France 2025 \u2013 Remco Evenepoel pr\u00e9face la 7e \u00e9tape : \u00ab\u00a0Si j&rsquo;ai les jambes, j&rsquo;essaierai quelque chose\u00a0\u00bb<\/a><\/p>\n<p class=\"ap-StoryElement ap-StoryElement--mb ap-StoryText\">\u00ab\u00a0Je ne sais pas quelle \u00e9tait la tactique chez Visma | Lease a Bike, mais selon moi, ils ont deux coureurs qui ont gaspill\u00e9 beaucoup d&rsquo;\u00e9nergie (Simon Yates a pass\u00e9 la journ\u00e9e dans l&rsquo;\u00e9chapp\u00e9e, alors que <a href=\"https:\/\/www.dhnet.be\/sports\/cyclisme\/tour-de-france\/2025\/07\/10\/tour-de-france-2025-6e-etape-wout-van-aert-na-pas-su-prendre-lechappee-ca-veut-tout-dire-lavis-de-notre-consultant-johan-museeuw-TEEOEXC7QBF2DJG7BH45DVCROQ\/\" target=\"_self\" rel=\"noopener\">van Aert<\/a> et Campenaerts ont d\u00e9pens\u00e9 beaucoup d&rsquo;\u00e9nergie pour tenter d&rsquo;entrer dans l&rsquo;\u00e9chapp\u00e9e en d\u00e9but d&rsquo;\u00e9tape, NdlR)\u00a0\u00bb, s&rsquo;est ainsi questionn\u00e9 le Slov\u00e8ne qui, de son c\u00f4t\u00e9, voulait d\u00e9penser le moins d&rsquo;\u00e9nergie possible sur cette 6e \u00e9tape.<\/p>\n<p class=\"ap-StoryElement ap-StoryElement--mb ap-StoryText\">\u00ab\u00a0M\u00eame le sprint \u00e0 la fin \u00e9tait inutile\u00a0\u00bb, a encha\u00een\u00e9 l&rsquo;homme aux 100 victoires, \u00ab\u00a0Visma a imprim\u00e9 un tr\u00e8s gros tempo dans l&rsquo;avant-derni\u00e8re c\u00f4te et Jorgenson a lanc\u00e9 le sprint dans la derni\u00e8re rampe vers l&rsquo;arriv\u00e9e. C&rsquo;\u00e9tait un peu inutile, car ce n&rsquo;\u00e9tait pas pour une place dans le top 10 (pour la 9e place en r\u00e9alit\u00e9, NdlR). Mais Jorgenson pensait peut-\u00eatre qu&rsquo;il pouvait grappiller une seconde ou deux.\u00a0\u00bb<\/p>\n<p>Une tentative pour lui faire garder le maillot jaune<\/p>\n<p class=\"ap-StoryElement ap-StoryElement--mb ap-StoryText\">Finalement, c&rsquo;est bien le Slov\u00e8ne qui a coup\u00e9 la ligne en premi\u00e8re position parmi les leaders du classement g\u00e9n\u00e9ral, sans prendre de temps \u00e0 ses principaux rivaux. \u00ab\u00a0Je sais qu&rsquo;ils (les coureurs Visma, NdlR) ont du retard (au classement, NdlR), mais ce qu&rsquo;ils ont fait aujourd&rsquo;hui n&rsquo;avait aucun sens. Peut-\u00eatre qu&rsquo;ils ont un peu d\u00e9raill\u00e9 apr\u00e8s ce qu&rsquo;il s&rsquo;est pass\u00e9 hier (mercredi, sur le chrono, NdlR)\u00a0\u00bb, a encha\u00een\u00e9 Pogacar tr\u00e8s piquant envers Vingegaard et Jorgenson.<\/p>\n<p><a href=\"https:\/\/www.dhnet.be\/sports\/cyclisme\/2025\/07\/10\/tour-de-france-2025-tadej-pogacar-heureux-de-lacher-son-maillot-jaune-je-me-suis-fait-une-frayeur-YJ7T26TRZVCG3FNJUD62NGO6VE\/\" target=\"_blank\" rel=\"noopener noreferrer\" class=\"ap-StoryInterstitialLink ap-StoryElement ap-StoryElement--mb\">Tour de France 2025 \u2013 Tadej Pogacar heureux de l\u00e2cher son maillot jaune : \u00ab\u00a0Je me suis fait une frayeur\u00a0\u00bb<\/a><\/p>\n<p class=\"ap-StoryElement ap-StoryElement--mb ap-StoryText\">Le triple vainqueur du Tour de France supposait que l&rsquo;acc\u00e9l\u00e9ration des Visma \u00ab\u00a0\u00e9tait une tentative\u00a0\u00bb pour lui faire conserver le maillot jaune. Une tentative qui a \u00e9chou\u00e9 puisque le Slov\u00e8ne l&rsquo;a c\u00e9d\u00e9 \u00e0 Mathieu van der Poel pour une seconde. \u00ab\u00a0Mais je m&rsquo;en fous, je ne trouve pas cela grave de porter le maillot jaune\u00a0\u00bb, concluait-il.<\/p>\n<p class=\"ap-StoryElement ap-StoryElement--mb ap-StoryText\">Ce vendredi, Pogacar pourrait tout de m\u00eame reprendre le maillot jaune, sur les pentes de M\u00fbr-de-Bretagne.<\/p>\n<p><a href=\"https:\/\/www.dhnet.be\/sports\/cyclisme\/2025\/07\/10\/tour-de-france-2025-cette-petite-seconde-ma-coute-cinq-ans-de-ma-vie-mathieu-van-der-poel-a-ete-au-bout-de-lui-meme-RVQQJYV4URHOHIAF67TXYVHW4Y\/\" target=\"_blank\" rel=\"noopener noreferrer\" class=\"ap-StoryInterstitialLink ap-StoryElement ap-StoryElement--mb\">Tour de France 2025 \u2013 \u00ab\u00a0Cette petite seconde m&rsquo;a co\u00fbt\u00e9 cinq ans de ma vie\u2026\u00a0\u00bb : Mathieu van der Poel a \u00e9t\u00e9 au bout de lui-m\u00eame<\/a><\/p>\n","protected":false},"excerpt":{"rendered":"Malgr\u00e9 toutes ces bonnes nouvelles, Pogacar \u00e9tait un peu agac\u00e9 sur la tactique de ses rivaux de Visma&hellip;\n","protected":false},"author":2,"featured_media":242052,"comment_status":"","ping_status":"","sticky":false,"template":"","format":"standard","meta":{"footnotes":""},"categories":[1411],"tags":[1154,207,1011,27,27884,60,1138],"class_list":{"0":"post-242051","1":"post","2":"type-post","3":"status-publish","4":"format-standard","5":"has-post-thumbnail","7":"category-cyclisme","8":"tag-cycling","9":"tag-cyclisme","10":"tag-fr","11":"tag-france","12":"tag-jonas-vingegaard","13":"tag-sports","14":"tag-tadej-pogacar"},"share_on_mastodon":{"url":"https:\/\/pubeurope.com\/@fr\/114833723418190388","error":""},"_links":{"self":[{"href":"https:\/\/www.europesays.com\/fr\/wp-json\/wp\/v2\/posts\/242051","targetHints":{"allow":["GET"]}}],"collection":[{"href":"https:\/\/www.europesays.com\/fr\/wp-json\/wp\/v2\/posts"}],"about":[{"href":"https:\/\/www.europesays.com\/fr\/wp-json\/wp\/v2\/types\/post"}],"author":[{"embeddable":true,"href":"https:\/\/www.europesays.com\/fr\/wp-json\/wp\/v2\/users\/2"}],"replies":[{"embeddable":true,"href":"https:\/\/www.europesays.com\/fr\/wp-json\/wp\/v2\/comments?post=242051"}],"version-history":[{"count":0,"href":"https:\/\/www.europesays.com\/fr\/wp-json\/wp\/v2\/posts\/242051\/revisions"}],"wp:featuredmedia":[{"embeddable":true,"href":"https:\/\/www.europesays.com\/fr\/wp-json\/wp\/v2\/media\/242052"}],"wp:attachment":[{"href":"https:\/\/www.europesays.com\/fr\/wp-json\/wp\/v2\/media?parent=242051"}],"wp:term":[{"taxonomy":"category","embeddable":true,"href":"https:\/\/www.europesays.com\/fr\/wp-json\/wp\/v2\/categories?post=242051"},{"taxonomy":"post_tag","embeddable":true,"href":"https:\/\/www.europesays.com\/fr\/wp-json\/wp\/v2\/tags?post=242051"}],"curies":[{"name":"wp","href":"https:\/\/api.w.org\/{rel}","templated":true}]}}