{"id":242055,"date":"2025-07-11T08:46:09","date_gmt":"2025-07-11T08:46:09","guid":{"rendered":"https:\/\/www.europesays.com\/fr\/242055\/"},"modified":"2025-07-11T08:46:09","modified_gmt":"2025-07-11T08:46:09","slug":"paix-a-son-nem-mort-de-bun-hay-mean-jean-luc-lemoine-a-la-gerbe-la-blague-qui-ne-passe-pas","status":"publish","type":"post","link":"https:\/\/www.europesays.com\/fr\/242055\/","title":{"rendered":"\u00ab\u00a0Paix \u00e0 son nem\u00a0\u00bb, Mort de Bun Hay Mean : Jean-Luc Lemoine a \u00ab\u00a0la gerbe\u00a0\u00bb, la blague qui ne passe pas"},"content":{"rendered":"<p>      R\u00e9sum\u00e9<\/p>\n<p>Le d\u00e9c\u00e8s de Bun Hay Mean suscite \u00e9moi et hommages dans le monde de l&rsquo;humour, mais une blague jug\u00e9e raciste provoque une vive controverse en ligne.<\/p>\n<p>        Sommaire<\/p>\n<p>Le monde de l&rsquo;humour fran\u00e7ais est en deuil. <strong>Ce jeudi 10 juillet 2025, Bun Hay Mean, aussi connu sous le pseudonyme \u00ab\u00a0chinois marrant\u00a0\u00bb, a \u00e9t\u00e9\u00a0<a href=\"https:\/\/www.public.fr\/mort-de-lhumoriste-bun-hay-mean-revele-par-jamel-debbouze-une-chute-de-8-etages-a-lorigine-de-son-deces\" rel=\"nofollow noopener\" target=\"_blank\">retrouv\u00e9 mort \u00e0 Paris<\/a><\/strong>. <\/p>\n<p>Selon les informations r\u00e9v\u00e9l\u00e9es par Le Parisien le jour du drame, le com\u00e9dien de 43 ans aurait fait\u00a0<strong>une chute mortelle depuis le huiti\u00e8me \u00e9tage d&rsquo;un immeuble<\/strong> situ\u00e9 dans le 17\u1d49 arrondissement.<\/p>\n<p>Pluie d&rsquo;hommages pour Bun Hay Mean<\/p>\n<p>Depuis l&rsquo;annonce tragique, <a href=\"https:\/\/www.public.fr\/mort-de-bun-hay-mean-eric-judor-booder-marc-antoine-le-bret-les-hommages-pleuvent\" rel=\"nofollow noopener\" target=\"_blank\"><strong>les hommages affluent sur les r\u00e9seaux sociaux<\/strong><\/a>. Du monde du spectacle \u00e0 celui du cin\u00e9ma, nombreux sont ceux qui saluent la g\u00e9n\u00e9rosit\u00e9, l&rsquo;humour et la bienveillance de Bun Hay Mean. <\/p>\n<p><strong>Marc-Antoine Le Bret, Booder, Gilles Lellouche, Jordan de Luxe&#8230;<\/strong> Tous ont tenu \u00e0 honorer sa m\u00e9moire sur Instagram. <\/p>\n<p><strong>Hakim Jemili<\/strong>, boulevers\u00e9 par la disparition de son mentor, n&rsquo;a pu s&#8217;emp\u00eacher de lui adresser quelques mots. <\/p>\n<p>\u00ab\u00a0Putain mon fr\u00e8re ! Qu\u2019est-ce que tu me fais l\u00e0 \u2026 J\u2019me souviens y a presque 15 ans quand je d\u00e9butais et que beaucoup me trouvaient &lsquo;nul&rsquo; &#8230; tu les insultais&#8230; tu leur disais &lsquo;vous avez le seum parce qu\u2019il est plus dr\u00f4le que vous&rsquo; ( et j\u2019en passe ) Alors qu\u2019en vrai je sais que j\u2019\u00e9tais nul \u2026 t\u2019avais pourtant rien \u00e0 gratter avec moi, et tu l\u2019as jamais fait !\u00a0\u00bb, a-t-il \u00e9crit.<\/p>\n<p>Et d&rsquo;ajouter : \u00ab\u00a0J\u2019avais pas d\u2019argent, tu m\u2019as donn\u00e9 de l\u2019argent ( j\u2019te dois encore de l\u2019oseille en vrai ) , je savais pas o\u00f9 manger tu m\u2019as tir\u00e9 avec toi partout &#8230; et quand j\u2019ai pris mon envol t\u2019\u00e9tais heureux comme si c\u2019\u00e9tait toi !! je t\u2019ai d\u00e9j\u00e0 remerci\u00e9 en live et \u00e7a me soulage un peu \u2026 bref Bun, je t\u2019oublierai jamais \u2026 ta voix va me manquer, tes mots vont me manquer, tes insultes vont me manquer ! ( qui va insulter tout mon arbre g\u00e9n\u00e9alogique maintenant sans que jamais je puisse \u00eatre vex\u00e9 \u2026) Je t\u2019aime mon &lsquo;si juvabien, je Bun Hay Mean&rsquo; et comme tu me le disais syst\u00e9matiquement \u00e0 chaque fin de discussion &lsquo;InshAllah tu meurs'\u00a0\u00bb. Un texte d\u00e9chirant qui a suscit\u00e9 de vives r\u00e9actions. <\/p>\n<p>Jean-Luc Lemoine explose sur la Toile<\/p>\n<p>Mais si certains hommages ont \u00e9mu les fans, d&rsquo;autres, en revanche, ont suscit\u00e9 une vive pol\u00e9mique. L&rsquo;\u00e9crivain <strong>Romain Gu\u00e9rin<\/strong> a notamment tent\u00e9 une blague qui a largement divis\u00e9 : \u00ab\u00a0<strong>Paix \u00e0 son nem<\/strong>\u00ab\u00a0. Un message jug\u00e9 raciste par beaucoup d&rsquo;internautes, dont <a href=\"https:\/\/x.com\/JeanLucLemoine\" target=\"_blank\" rel=\"noreferrer noopener nofollow\"><strong>Jean-Luc Lemoine<\/strong><\/a> qui n&rsquo;a pas manqu\u00e9 de s&rsquo;indigner sur la Toile. <\/p>\n<p>\u00ab\u00a0<strong>S\u00e9rieux ? Donc la d\u00e9cence&#8230; Depuis ce matin, je bloque syst\u00e9matiquement tous ceux qui se risquent \u00e0 faire des vannes douteuses sur un ami qui vient juste de nous quitter. Des vannes qui souvent fleurent bon le racisme ordinaire<\/strong>\u00ab\u00a0, a-t-il \u00e9crit sur X. Voil\u00e0 qui est dit&#8230;<\/p>\n<blockquote class=\"twitter-tweet\">\n<p>S\u00e9rieux? Donc la d\u00e9cence&#8230;<\/p>\n<p>Depuis ce matin, je bloque syst\u00e9matiquement tous ceux qui se risquent \u00e0 faire des vannes douteuses sur un ami qui vient juste de nous quitter. <br \/>Des vannes qui souvent fleurent bon le racisme ordinaire. <\/p>\n<p>La gerbe <a href=\"https:\/\/t.co\/UzetlPlESQ\" rel=\"nofollow\">https:\/\/t.co\/UzetlPlESQ<\/a><\/p>\n<p>\u2014 Jean-Luc Lemoine (@JeanLucLemoine) <a href=\"https:\/\/twitter.com\/JeanLucLemoine\/status\/1943334233742741982?ref_src=twsrc%5Etfw\" rel=\"nofollow noopener\" target=\"_blank\">July 10, 2025<\/a><\/p><\/blockquote>\n<p>      Mentionn\u00e9s dans cet article<\/p>\n<p>\u00c0 lire aussi<\/p>\n<p><script async src=\"https:\/\/platform.twitter.com\/widgets.js\" charset=\"utf-8\"><\/script><\/p>\n","protected":false},"excerpt":{"rendered":"R\u00e9sum\u00e9 Le d\u00e9c\u00e8s de Bun Hay Mean suscite \u00e9moi et hommages dans le monde de l&rsquo;humour, mais une&hellip;\n","protected":false},"author":2,"featured_media":242056,"comment_status":"","ping_status":"","sticky":false,"template":"","format":"standard","meta":{"footnotes":""},"categories":[1359],"tags":[37961,58,59,1011,27,22820,18,973],"class_list":{"0":"post-242055","1":"post","2":"type-post","3":"status-publish","4":"format-standard","5":"has-post-thumbnail","7":"category-people","8":"tag-bun-hay-mean","9":"tag-divertissement","10":"tag-entertainment","11":"tag-fr","12":"tag-france","13":"tag-jean-luc-lemoine","14":"tag-mort","15":"tag-people"},"share_on_mastodon":{"url":"https:\/\/pubeurope.com\/@fr\/114833731281743296","error":""},"_links":{"self":[{"href":"https:\/\/www.europesays.com\/fr\/wp-json\/wp\/v2\/posts\/242055","targetHints":{"allow":["GET"]}}],"collection":[{"href":"https:\/\/www.europesays.com\/fr\/wp-json\/wp\/v2\/posts"}],"about":[{"href":"https:\/\/www.europesays.com\/fr\/wp-json\/wp\/v2\/types\/post"}],"author":[{"embeddable":true,"href":"https:\/\/www.europesays.com\/fr\/wp-json\/wp\/v2\/users\/2"}],"replies":[{"embeddable":true,"href":"https:\/\/www.europesays.com\/fr\/wp-json\/wp\/v2\/comments?post=242055"}],"version-history":[{"count":0,"href":"https:\/\/www.europesays.com\/fr\/wp-json\/wp\/v2\/posts\/242055\/revisions"}],"wp:featuredmedia":[{"embeddable":true,"href":"https:\/\/www.europesays.com\/fr\/wp-json\/wp\/v2\/media\/242056"}],"wp:attachment":[{"href":"https:\/\/www.europesays.com\/fr\/wp-json\/wp\/v2\/media?parent=242055"}],"wp:term":[{"taxonomy":"category","embeddable":true,"href":"https:\/\/www.europesays.com\/fr\/wp-json\/wp\/v2\/categories?post=242055"},{"taxonomy":"post_tag","embeddable":true,"href":"https:\/\/www.europesays.com\/fr\/wp-json\/wp\/v2\/tags?post=242055"}],"curies":[{"name":"wp","href":"https:\/\/api.w.org\/{rel}","templated":true}]}}