{"id":242063,"date":"2025-07-11T08:50:10","date_gmt":"2025-07-11T08:50:10","guid":{"rendered":"https:\/\/www.europesays.com\/fr\/242063\/"},"modified":"2025-07-11T08:50:10","modified_gmt":"2025-07-11T08:50:10","slug":"justin-bieber-cree-levenement-en-sortant-son-nouvel-album-swag","status":"publish","type":"post","link":"https:\/\/www.europesays.com\/fr\/242063\/","title":{"rendered":"Justin Bieber cr\u00e9e l\u2019\u00e9v\u00e9nement en sortant son nouvel album Swag"},"content":{"rendered":"<p>Apr\u00e8s quatre ans d\u2019absence, l\u2019artiste canadien a d\u00e9voil\u00e9 son septi\u00e8me disque sur les plateformes, le 11 juillet. Compos\u00e9 de 20 titres, il marque le grand retour du chanteur.<\/p>\n<p class=\"fig-paragraph\">Apr\u00e8s une\u00a0<a href=\"http:\/\/www.lefigaro.fr\/musique\/justin-bieber-fait-un-retour-inattendu-sur-scene-apres-ses-recentes-declarations-sur-sa-sante-mentale-20250526\" data-fig-type=\"NewsFlash\" data-gtm-custom-categorie=\"navigation\" data-gtm-custom-action=\"crossclick\" data-gtm-custom-label=\"Contextuel\" data-gtm-event=\"customEventSPE\" data-fig-domain=\"LEFIGARO\" target=\"_blank\" rel=\"noopener\">apparition inattendue sur sc\u00e8ne<\/a>\u00a0le vendredi 23 mai au SoFi Stadium de Los Angeles aux c\u00f4t\u00e9s de l\u2019artiste\u00a0<a href=\"http:\/\/www.lefigaro.fr\/musique\/dua-lipa-sza-shania-twain-les-femmes-sur-le-devant-de-la-scene-au-festival-glastonbury-2024-20240316\" target=\"_blank\" data-fig-type=\"NewsFlash\" rel=\"noopener\" data-gtm-custom-categorie=\"navigation\" data-gtm-custom-action=\"crossclick\" data-gtm-custom-label=\"Contextuel\" data-gtm-event=\"customEventSPE\" data-fig-domain=\"LEFIGARO\">SZA<\/a>, Justin Bieber a concoct\u00e9 une autre surprise de taille. Vendredi 11 juillet, la star am\u00e9ricaine de 31 ans a d\u00e9voil\u00e9 sur les plateformes de streaming son septi\u00e8me album, intitul\u00e9 Swag.<\/p>\n<p class=\"fig-paragraph\">La nouvelle a commenc\u00e9 \u00e0 s\u2019\u00e9bruiter la veille, lorsque des panneaux d\u2019affichages ont diffus\u00e9 le nom de l\u2019album \u00e0\u00a0<a href=\"http:\/\/www.lefigaro.fr\/international\/dossier\/emeutes-anti-expulsions-a-los-angeles-notre-dossier-pour-tout-aux-manifestations\" data-fig-type=\"Topic\" data-gtm-custom-categorie=\"navigation\" data-gtm-custom-action=\"crossclick\" data-gtm-custom-label=\"Contextuel\" data-gtm-event=\"customEventSPE\" data-fig-domain=\"LEFIGARO\" target=\"_blank\" rel=\"noopener\">Los Angeles<\/a>,\u00a0<a href=\"http:\/\/www.lefigaro.fr\/musique\/quand-celine-dion-chantait-deja-aux-jeux-olympiques-d-atlanta-en-1996-20240725\" data-fig-type=\"Article\" data-gtm-custom-categorie=\"navigation\" data-gtm-custom-action=\"crossclick\" data-gtm-custom-label=\"Contextuel\" data-gtm-event=\"customEventSPE\" data-fig-domain=\"LEFIGARO\" target=\"_blank\" rel=\"noopener\">Atlanta<\/a>\u00a0et \u00e0\u00a0<a href=\"https:\/\/www.lefigaro.fr\/livres\/reykjavik-un-whodunit-a-l-ancienne-coecrit-par-la-premiere-ministre-islandaise-20231019\" data-fig-type=\"Article\" data-gtm-custom-categorie=\"navigation\" data-gtm-custom-action=\"crossclick\" data-gtm-custom-label=\"Contextuel\" data-gtm-event=\"customEventSPE\" data-fig-domain=\"LEFIGARO\" target=\"_blank\" rel=\"noopener\">Reykjavik<\/a>. Selon\u00a0<a href=\"https:\/\/www.hollywoodreporter.com\/news\/music-news\/justin-bieber-suprise-release-new-album-swag-1236311305\/\" target=\"_blank\" rel=\"sponsored noopener\" data-gtm-custom-categorie=\"navigation\" data-gtm-custom-action=\"crossclick\" data-gtm-custom-label=\"Contextuel\" data-gtm-event=\"customEventSPE\">The Hollywood Reporter<\/a>, c\u2019est dans la capitale islandaise que l\u2019artiste canadien a enregistr\u00e9 son nouvel opus. Le chanteur a \u00e9galement lanc\u00e9 la promotion de Swag en diffusant sur Instagram, des photos de lui accompagn\u00e9es d\u2019une liste de vingt titres.<\/p>\n<p>                                    <a class=\"fig-a11y-skip a11y-hidden\" href=\"#fig-a11y-skip-main-inarticle\"><br \/>\n        Passer la publicit\u00e9<br \/>\n    <\/a><\/p>\n<p class=\"fig-paragraph\">Compos\u00e9 en r\u00e9alit\u00e9 de 21 pistes, le dernier album studio de Justin Bieber fait la part belle aux invit\u00e9s\u00a0: les rappeurs Lil B et Gunna posent leurs voix aux c\u00f4t\u00e9s de l\u2019artiste sur les morceaux Way it is et Dadz love, tandis que l\u2019humoriste Druski est pr\u00e9sent sur plusieurs interludes.<\/p>\n<p>Un nouveau d\u00e9part<\/p>\n<p class=\"fig-paragraph\">Swag succ\u00e8de \u00e0 l\u2019album Justice sorti en 2021 qui contient le tube Peaches. L\u2019ann\u00e9e suivante, Justin Bieber a lanc\u00e9 sa tourn\u00e9e mondiale le Justice World Tour, s\u00e9rie de concerts qu\u2019il n\u2019a pas pu achever en raison\u00a0<a href=\"http:\/\/www.lefigaro.fr\/musique\/justin-bieber-fait-un-retour-inattendu-sur-scene-apres-ses-recentes-declarations-sur-sa-sante-mentale-20250526\" data-fig-type=\"NewsFlash\" data-gtm-custom-categorie=\"navigation\" data-gtm-custom-action=\"crossclick\" data-gtm-custom-label=\"Contextuel\" data-gtm-event=\"customEventSPE\" data-fig-domain=\"LEFIGARO\" target=\"_blank\" rel=\"noopener\">d\u2019un important probl\u00e8me de sant\u00e9<\/a>. Ce septi\u00e8me disque semble insuffler un nouveau d\u00e9part pour la star de la pop, s\u00e9par\u00e9e de son manager historique, Scooter Braun (qui l\u2019avait d\u00e9couvert sur Youtube en 2007) et a donn\u00e9 naissance \u00e0 un petit gar\u00e7on, en 2024. En ce qui concerne la sc\u00e8ne, le chanteur n\u2019a pas encore donn\u00e9 de nouvelles\u00a0: ses fans, les \u00ab\u00a0Beliebers\u00a0\u00bb devront patienter encore avant l\u2019annonce d\u2019une \u00e9ventuelle prochaine tourn\u00e9e.<\/p>\n","protected":false},"excerpt":{"rendered":"Apr\u00e8s quatre ans d\u2019absence, l\u2019artiste canadien a d\u00e9voil\u00e9 son septi\u00e8me disque sur les plateformes, le 11 juillet. Compos\u00e9&hellip;\n","protected":false},"author":2,"featured_media":242064,"comment_status":"","ping_status":"","sticky":false,"template":"","format":"standard","meta":{"footnotes":""},"categories":[1355],"tags":[58,59,1011,27,7317,1361,873,7206],"class_list":{"0":"post-242063","1":"post","2":"type-post","3":"status-publish","4":"format-standard","5":"has-post-thumbnail","7":"category-musique","8":"tag-divertissement","9":"tag-entertainment","10":"tag-fr","11":"tag-france","12":"tag-justin-bieber","13":"tag-music","14":"tag-musique","15":"tag-nouvel-album"},"share_on_mastodon":{"url":"https:\/\/pubeurope.com\/@fr\/114833747070263104","error":""},"_links":{"self":[{"href":"https:\/\/www.europesays.com\/fr\/wp-json\/wp\/v2\/posts\/242063","targetHints":{"allow":["GET"]}}],"collection":[{"href":"https:\/\/www.europesays.com\/fr\/wp-json\/wp\/v2\/posts"}],"about":[{"href":"https:\/\/www.europesays.com\/fr\/wp-json\/wp\/v2\/types\/post"}],"author":[{"embeddable":true,"href":"https:\/\/www.europesays.com\/fr\/wp-json\/wp\/v2\/users\/2"}],"replies":[{"embeddable":true,"href":"https:\/\/www.europesays.com\/fr\/wp-json\/wp\/v2\/comments?post=242063"}],"version-history":[{"count":0,"href":"https:\/\/www.europesays.com\/fr\/wp-json\/wp\/v2\/posts\/242063\/revisions"}],"wp:featuredmedia":[{"embeddable":true,"href":"https:\/\/www.europesays.com\/fr\/wp-json\/wp\/v2\/media\/242064"}],"wp:attachment":[{"href":"https:\/\/www.europesays.com\/fr\/wp-json\/wp\/v2\/media?parent=242063"}],"wp:term":[{"taxonomy":"category","embeddable":true,"href":"https:\/\/www.europesays.com\/fr\/wp-json\/wp\/v2\/categories?post=242063"},{"taxonomy":"post_tag","embeddable":true,"href":"https:\/\/www.europesays.com\/fr\/wp-json\/wp\/v2\/tags?post=242063"}],"curies":[{"name":"wp","href":"https:\/\/api.w.org\/{rel}","templated":true}]}}