{"id":242070,"date":"2025-07-11T08:54:09","date_gmt":"2025-07-11T08:54:09","guid":{"rendered":"https:\/\/www.europesays.com\/fr\/242070\/"},"modified":"2025-07-11T08:54:09","modified_gmt":"2025-07-11T08:54:09","slug":"faustine-bollaert-apres-15-ans-damour-et-deux-beaux-enfants-cest-fini-avec-maxime-chattam","status":"publish","type":"post","link":"https:\/\/www.europesays.com\/fr\/242070\/","title":{"rendered":"Faustine Bollaert : apr\u00e8s 15 ans d\u2019amour et deux beaux enfants, c\u2019est fini avec Maxime Chattam ?"},"content":{"rendered":"<p>      R\u00e9sum\u00e9<\/p>\n<p>Faustine Bollaert et Maxime Chattam, li\u00e9s depuis 15 ans et parents de deux enfants, auraient fin \u00e0 leur relation selon Voici. <\/p>\n<p>        Sommaire<\/p>\n<p>L&rsquo;amour bat de l&rsquo;aile \u00e0 tous les \u00e9tages. En ce moment, les couples tombent comme des dominos. Apr\u00e8s dix-huit ans d&rsquo;amour et deux enfants,\u00a0<strong>Marion Cotillard et Guillaume Canet ont r\u00e9cemment officialis\u00e9 leur s\u00e9paration.<\/strong><\/p>\n<p>\u00ab\u00a0Cette d\u00e9cision a \u00e9t\u00e9 prise\u00a0dans une bienveillance mutuelle\u00a0\u00bb, ont-ils expliqu\u00e9 via un communiqu\u00e9 commun, assurant vouloir\u00a0\u00ab\u00a0\u00e9viter toutes sp\u00e9culations, rumeurs et interpr\u00e9tations hasardeuses\u00a0\u00bb.<\/p>\n<p>Faustine Bollaert s\u00e9par\u00e9e de Maxime Chattam ?<\/p>\n<p>Si Marion Cotillard et Guillaume Canet ont surpris leurs fans en officialisant leur rupture, ils ne sont visiblement pas les seuls \u00e0 avoir choisi de tourner la page ces derni\u00e8res semaines. <\/p>\n<p>Selon les informations exclusives de Voici, <strong><a href=\"https:\/\/www.public.fr\/tag\/faustine-bollaert\" target=\"_blank\" rel=\"noopener\">Faustine Bollaert<\/a> aurait \u00e9galement pris la d\u00e9cision de mettre un terme \u00e0 son histoire avec le romancier Maxime Chattam.<\/strong> Cependant, aucune confirmation officielle n&rsquo;a \u00e9t\u00e9 donn\u00e9e pour le moment. <\/p>\n<p>Une rencontre inoubliable<\/p>\n<p>Invit\u00e9 dans Le Figaro La Nuit en novembre dernier, <a href=\"https:\/\/www.public.fr\/faustine-bollaert-son-compagnon-maxime-chattam-revele-enfin-lhistoire-insolite-derriere-leur-rencontre\" target=\"_blank\" rel=\"noopener\">Maxime Chattam s&rsquo;\u00e9tait longuement confi\u00e9 sur sa rencontre inattendue avec celle qui deviendra la m\u00e8re de ses enfants<\/a>, Abbie (n\u00e9e en 2013) et Peter (en 2015). <strong>\u00c0 l&rsquo;\u00e9poque, alors en pleine \u00e9criture d&rsquo;un thriller historique, l&rsquo;auteur cherchait d\u00e9sesp\u00e9r\u00e9ment un pr\u00e9nom marquant pour son h\u00e9ro\u00efne. C&rsquo;est en entendant \u00ab\u00a0Faustine\u00a0\u00bb \u00e0 la radio qu&rsquo;il a eu une r\u00e9v\u00e9lation<\/strong>. Non seulement il venait de trouver le nom de son personnage, mais aussi celui de la femme qui allait bouleverser sa vie. Un curieux clin d&rsquo;\u0153il du destin\u2026<\/p>\n<p>Ce pr\u00e9nom, qui ne devait \u00eatre qu&rsquo;un simple choix litt\u00e9raire, a pris une autre dimension le jour o\u00f9 Maxime Chattam a \u00e9t\u00e9 invit\u00e9 dans une \u00e9mission\u2026 justement anim\u00e9e par Faustine Bollaert.<\/p>\n<p>\u00ab\u00a0Mon attach\u00e9e de presse m\u2019a dit que Faustine voulait m\u2019interviewer. J\u2019ai h\u00e9sit\u00e9, mais j\u2019ai fini par accepter\u00a0\u00bb, s&rsquo;est souvenu le quadrag\u00e9naire. <\/p>\n<p>Ce jour-l\u00e0, <strong>une simple interview a fait basculer leurs vies<\/strong>. Entre Faustine Bollaert et Maxime Chattam, le courant est pass\u00e9 instantan\u00e9ment. Ensemble, ils ont construit une famille et partag\u00e9 de nombreux projets&#8230; M\u00eame si aujourd\u2019hui, certains les disent bel et bien s\u00e9par\u00e9s. <\/p>\n<p>      Mentionn\u00e9s dans cet article<\/p>\n<p>\u00c0 lire aussi<\/p>\n","protected":false},"excerpt":{"rendered":"R\u00e9sum\u00e9 Faustine Bollaert et Maxime Chattam, li\u00e9s depuis 15 ans et parents de deux enfants, auraient fin \u00e0&hellip;\n","protected":false},"author":2,"featured_media":242071,"comment_status":"","ping_status":"","sticky":false,"template":"","format":"standard","meta":{"footnotes":""},"categories":[8],"tags":[58,59,6308,1011,27,38158,13559],"class_list":{"0":"post-242070","1":"post","2":"type-post","3":"status-publish","4":"format-standard","5":"has-post-thumbnail","7":"category-divertissement","8":"tag-divertissement","9":"tag-entertainment","10":"tag-faustine-bollaert","11":"tag-fr","12":"tag-france","13":"tag-maxime-chattam","14":"tag-rupture"},"share_on_mastodon":{"url":"https:\/\/pubeurope.com\/@fr\/114833762889987769","error":""},"_links":{"self":[{"href":"https:\/\/www.europesays.com\/fr\/wp-json\/wp\/v2\/posts\/242070","targetHints":{"allow":["GET"]}}],"collection":[{"href":"https:\/\/www.europesays.com\/fr\/wp-json\/wp\/v2\/posts"}],"about":[{"href":"https:\/\/www.europesays.com\/fr\/wp-json\/wp\/v2\/types\/post"}],"author":[{"embeddable":true,"href":"https:\/\/www.europesays.com\/fr\/wp-json\/wp\/v2\/users\/2"}],"replies":[{"embeddable":true,"href":"https:\/\/www.europesays.com\/fr\/wp-json\/wp\/v2\/comments?post=242070"}],"version-history":[{"count":0,"href":"https:\/\/www.europesays.com\/fr\/wp-json\/wp\/v2\/posts\/242070\/revisions"}],"wp:featuredmedia":[{"embeddable":true,"href":"https:\/\/www.europesays.com\/fr\/wp-json\/wp\/v2\/media\/242071"}],"wp:attachment":[{"href":"https:\/\/www.europesays.com\/fr\/wp-json\/wp\/v2\/media?parent=242070"}],"wp:term":[{"taxonomy":"category","embeddable":true,"href":"https:\/\/www.europesays.com\/fr\/wp-json\/wp\/v2\/categories?post=242070"},{"taxonomy":"post_tag","embeddable":true,"href":"https:\/\/www.europesays.com\/fr\/wp-json\/wp\/v2\/tags?post=242070"}],"curies":[{"name":"wp","href":"https:\/\/api.w.org\/{rel}","templated":true}]}}