{"id":242076,"date":"2025-07-11T08:57:10","date_gmt":"2025-07-11T08:57:10","guid":{"rendered":"https:\/\/www.europesays.com\/fr\/242076\/"},"modified":"2025-07-11T08:57:10","modified_gmt":"2025-07-11T08:57:10","slug":"un-pere-tue-par-balles-sa-fille-qui-refusait-de-quitter-tiktok","status":"publish","type":"post","link":"https:\/\/www.europesays.com\/fr\/242076\/","title":{"rendered":"un p\u00e8re tue par balles sa fille qui refusait de quitter TikTok"},"content":{"rendered":"<p>\u00abLe p\u00e8re de la fille lui a demand\u00e9 d\u2019effacer son compte Tiktok. Comme elle a refus\u00e9, il l\u2019a tu\u00e9e\u00bb, a d\u00e9clar\u00e9 \u00e0 l\u2019AFP un porte-parole de la police.<\/p>\n<p class=\"fig-paragraph\">Un habitant de la ville pakistanaise de Rawalpindi a tu\u00e9 par balles sa fille de 16 ans parce qu&rsquo;elle refusait d&rsquo;effacer son compte\u00a0<a href=\"http:\/\/www.lefigaro.fr\/secteur\/high-tech\/tiktok-de-nouveau-interdit-au-pakistan-20210701\" target=\"_blank\" data-fig-type=\"NewsFlash\" rel=\"noopener\" data-gtm-custom-categorie=\"navigation\" data-gtm-custom-action=\"crossclick\" data-gtm-custom-label=\"Contextuel\" data-gtm-event=\"customEventSPE\" data-fig-domain=\"LEFIGARO\">TikTok<\/a>, a indiqu\u00e9 ce vendredi 11 juillet la police.<\/p>\n<p class=\"fig-paragraph\">\u00abLe p\u00e8re de la fille lui a demand\u00e9 d&rsquo;effacer son compte Tiktok. Comme elle a refus\u00e9, il l&rsquo;a tu\u00e9e\u00bb, a d\u00e9clar\u00e9 \u00e0 l&rsquo;AFP un porte-parole de la police. Le meurtrier pr\u00e9sum\u00e9 a \u00e9t\u00e9 arr\u00eat\u00e9. Selon la police de Rawalpindi, grande ville situ\u00e9e \u00e0 c\u00f4t\u00e9 de la capitale Islamabad, la famille de la victime a essay\u00e9, sans succ\u00e8s, \u00abde maquiller le meurtre en suicide\u00bb.<\/p>\n<p>                                    <a class=\"fig-a11y-skip a11y-hidden\" href=\"#fig-a11y-skip-main-inarticle\"><br \/>\n        Passer la publicit\u00e9<br \/>\n    <\/a><\/p>\n<p>Des violences fr\u00e9quentes contre les femmes au Pakistan<\/p>\n<p class=\"fig-paragraph\">Des cas de violences contre les femmes li\u00e9es \u00e0 leur comportement public, y compris sur les r\u00e9seaux sociaux, sont fr\u00e9quemment signal\u00e9s au Pakistan. Et les autorit\u00e9s du pays \u00e0 majorit\u00e9 musulmane ont souvent bloqu\u00e9 ou menac\u00e9 de bloquer TikTok, accusant l&rsquo;application de promouvoir les \u00ab<a href=\"http:\/\/www.lefigaro.fr\/flash-eco\/le-pakistan-interdit-tiktok-pour-contenus-immoraux-20201009\" target=\"_blank\" data-fig-type=\"NewsFlash\" rel=\"noopener\" data-gtm-custom-categorie=\"navigation\" data-gtm-custom-action=\"crossclick\" data-gtm-custom-label=\"Contextuel\" data-gtm-event=\"customEventSPE\" data-fig-domain=\"LEFIGARO\">comportements immoraux<\/a> \u00bb avec des contenus sexuels ou LGBTQ.<\/p>\n<p class=\"fig-paragraph\">Plus t\u00f4t cette ann\u00e9e au Baloutchistan, province du sud-ouest du Pakistan o\u00f9 la loi tribale est en vigueur dans de nombreuses zones rurales, un homme a ainsi avou\u00e9 avoir orchestr\u00e9 le meurtre de sa fille de 14 ans \u00e0 qui il reprochait des vid\u00e9os sur TikTok qu&rsquo;il jugeait contraires \u00e0 son \u00abhonneur\u00bb.<\/p>\n<p class=\"fig-paragraph\">En juin, une influenceuse pakistanaise de 17 ans a \u00e9t\u00e9 assassin\u00e9e chez elle par un individu dont elle refusait les avances. La victime, Sana Yousaf, comptait plus d&rsquo;un million d&rsquo;abonn\u00e9s sur les r\u00e9seaux sociaux, dont TikTok, sur lesquels elle partageait des vid\u00e9os de ses caf\u00e9s, produits de beaut\u00e9 ou v\u00eatements traditionnels favoris.<\/p>\n","protected":false},"excerpt":{"rendered":"\u00abLe p\u00e8re de la fille lui a demand\u00e9 d\u2019effacer son compte Tiktok. Comme elle a refus\u00e9, il l\u2019a&hellip;\n","protected":false},"author":2,"featured_media":242077,"comment_status":"","ping_status":"","sticky":false,"template":"","format":"standard","meta":{"footnotes":""},"categories":[5],"tags":[11,1011,27,14,18,12,14488,2439,28],"class_list":{"0":"post-242076","1":"post","2":"type-post","3":"status-publish","4":"format-standard","5":"has-post-thumbnail","7":"category-international","8":"tag-actualites","9":"tag-fr","10":"tag-france","11":"tag-international","12":"tag-mort","13":"tag-news","14":"tag-pakistan","15":"tag-tiktok","16":"tag-world"},"share_on_mastodon":{"url":"https:\/\/pubeurope.com\/@fr\/114833774600151443","error":""},"_links":{"self":[{"href":"https:\/\/www.europesays.com\/fr\/wp-json\/wp\/v2\/posts\/242076","targetHints":{"allow":["GET"]}}],"collection":[{"href":"https:\/\/www.europesays.com\/fr\/wp-json\/wp\/v2\/posts"}],"about":[{"href":"https:\/\/www.europesays.com\/fr\/wp-json\/wp\/v2\/types\/post"}],"author":[{"embeddable":true,"href":"https:\/\/www.europesays.com\/fr\/wp-json\/wp\/v2\/users\/2"}],"replies":[{"embeddable":true,"href":"https:\/\/www.europesays.com\/fr\/wp-json\/wp\/v2\/comments?post=242076"}],"version-history":[{"count":0,"href":"https:\/\/www.europesays.com\/fr\/wp-json\/wp\/v2\/posts\/242076\/revisions"}],"wp:featuredmedia":[{"embeddable":true,"href":"https:\/\/www.europesays.com\/fr\/wp-json\/wp\/v2\/media\/242077"}],"wp:attachment":[{"href":"https:\/\/www.europesays.com\/fr\/wp-json\/wp\/v2\/media?parent=242076"}],"wp:term":[{"taxonomy":"category","embeddable":true,"href":"https:\/\/www.europesays.com\/fr\/wp-json\/wp\/v2\/categories?post=242076"},{"taxonomy":"post_tag","embeddable":true,"href":"https:\/\/www.europesays.com\/fr\/wp-json\/wp\/v2\/tags?post=242076"}],"curies":[{"name":"wp","href":"https:\/\/api.w.org\/{rel}","templated":true}]}}