{"id":242082,"date":"2025-07-11T09:00:25","date_gmt":"2025-07-11T09:00:25","guid":{"rendered":"https:\/\/www.europesays.com\/fr\/242082\/"},"modified":"2025-07-11T09:00:25","modified_gmt":"2025-07-11T09:00:25","slug":"une-deuxieme-operation-de-demoustication-a-eu-lieu","status":"publish","type":"post","link":"https:\/\/www.europesays.com\/fr\/242082\/","title":{"rendered":"une deuxi\u00e8me op\u00e9ration de d\u00e9moustication a eu lieu"},"content":{"rendered":"<p>Cette ann\u00e9e, c\u2019est le premier cas de dengue \u00ab\u00a0autochtone\u00a0\u00bb d\u00e9tect\u00e9 dans la r\u00e9gion, selon l\u2019Agence r\u00e9gionale de sant\u00e9 (ARS). \u00c0 Saint-Chamond, la maladie a \u00e9t\u00e9 contract\u00e9e par une personne qui n\u2019a pas quitt\u00e9 le territoire m\u00e9tropolitain\u00a0: un moustique tigre qui pique une personne infect\u00e9e, peut devenir \u00e0 son tour infectieux et contaminer d\u2019autres humains. Le cas de Saint-Chamond est encore qualifi\u00e9 de \u00ab\u00a0forte suspicion\u00a0\u00bb car des analyses sont toujours en cours, mais les choses sont prises tr\u00e8s au s\u00e9rieux par l\u2019ARS.<\/p>\n<p>Une op\u00e9ration de d\u00e9moustication a donc eu lieu dans la nuit du 9 au 10\u00a0juillet, pour \u00e9liminer un maximum de moustiques adultes et \u00e9viter la transmission \u00e0 d\u2019autres personnes. Les habitants se situant dans le secteur trait\u00e9 ont re\u00e7u un document dans leur bo\u00eete aux lettres rappelant les gestes \u00e0 adopter pendant ce traitement\u00a0: fermer les fen\u00eatres, ne pas consommer les produits du jardin pendant trois jours, rentrer les animaux\u2026<\/p>\n<p>  Deux op\u00e9rations en 10 jours<\/p>\n<p>Un traitement similaire a d\u00e9j\u00e0 eu lieu \u00e0 Saint-Chamond dans la nuit du 1er au 2\u00a0juillet, un cas de dengue import\u00e9 avait \u00e9t\u00e9 d\u00e9tect\u00e9. L\u2019ARS indique que depuis le 1er\u00a0mai, 90 cas de dengues import\u00e9s ont \u00e9t\u00e9 recens\u00e9s dans la r\u00e9gion, dont huit dans la Loire.<\/p>\n<p>Dans un cas autochtone, des op\u00e9rations de traitement \u00e0 pied sont organis\u00e9es. \u00c9quip\u00e9s de tenues de protection, les professionnels diffusent \u00e0 la main de l\u2019insecticide dans les zones propices \u00e0 l\u2019installation des moustiques tigres, comme les espaces v\u00e9g\u00e9talis\u00e9s. Une m\u00e9thode jug\u00e9e plus efficace, car plus cibl\u00e9e.<\/p>\n<p>Mais \u00e0 Saint-Chamond, <a href=\"https:\/\/www.leprogres.fr\/environnement\/2025\/07\/04\/lutte-contre-le-moustique-tigre-ils-pulverisent-en-pleine-nuit-en-roulant-a-10-km-heure\" target=\"_blank\" rel=\"nofollow noopener\">l\u2019op\u00e9ration s\u2019est \u00e0 nouveau faite avec le v\u00e9hicule de traitement<\/a>, qui transporte un diffuseur et propulse l\u2019insecticide en brume. Les propri\u00e9taires des terrains qui auraient pu repr\u00e9senter un int\u00e9r\u00eat pour cette projection manuelle n\u2019ont pas donn\u00e9 leur accord.<\/p>\n<p>  Quels sympt\u00f4mes\u00a0?<\/p>\n<p><a href=\"https:\/\/www.leprogres.fr\/magazine-sante\/2024\/06\/14\/hausse-des-cas-de-dengue-en-france-et-dans-l-ue-faut-il-craindre-l-epidemie\" target=\"_blank\" rel=\"nofollow noopener\">La dengue, tr\u00e8s pr\u00e9sente dans les zones tropicales<\/a> , est une maladie transmise \u00e0 l\u2019homme par le moustique tigre. La majorit\u00e9 des personnes infect\u00e9es ne pr\u00e9sentent que de l\u00e9gers sympt\u00f4mes, voir aucun. La dengue se manifeste en g\u00e9n\u00e9ral apr\u00e8s 4 \u00e0 10 jours d\u2019incubation. Les sympt\u00f4mes de cette \u00ab\u00a0grippe tropicale\u00a0\u00bb persistent deux \u00e0 sept jours\u00a0: fortes fi\u00e8vres, maux de t\u00eate, naus\u00e9es, vomissements.<\/p>\n<p>Certains d\u00e9veloppent une dengue \u00ab\u00a0s\u00e9v\u00e8re\u00a0\u00bb, potentiellement mortelle. Il n\u2019y a ni traitement curatif sp\u00e9cifique, ni vaccin. L\u2019Institut Pasteur pr\u00e9vient\u00a0: \u00ab\u00a0Une personne infect\u00e9e une deuxi\u00e8me fois est plus \u00e0 risque de d\u00e9velopper une dengue s\u00e9v\u00e8re\u00a0\u00bb. Les professionnels de sant\u00e9 ont l\u2019obligation de signaler \u00e0 l\u2019ARS tout diagnostic de dengue.<\/p>\n","protected":false},"excerpt":{"rendered":"Cette ann\u00e9e, c\u2019est le premier cas de dengue \u00ab\u00a0autochtone\u00a0\u00bb d\u00e9tect\u00e9 dans la r\u00e9gion, selon l\u2019Agence r\u00e9gionale de sant\u00e9&hellip;\n","protected":false},"author":2,"featured_media":242083,"comment_status":"","ping_status":"","sticky":false,"template":"","format":"standard","meta":{"footnotes":""},"categories":[9653],"tags":[1111,11,2430,7539,436,1777,674,107,1011,27,3367,12,25,9669,9670,4001,71],"class_list":{"0":"post-242082","1":"post","2":"type-post","3":"status-publish","4":"format-standard","5":"has-post-thumbnail","7":"category-saint-etienne","8":"tag-actu","9":"tag-actualites","10":"tag-auvergne-rhone-alpes","11":"tag-edition-loire-sud","12":"tag-environnement","13":"tag-eu","14":"tag-europe","15":"tag-fil-info","16":"tag-fr","17":"tag-france","18":"tag-loire","19":"tag-news","20":"tag-republique-francaise","21":"tag-saint-chamond","22":"tag-saint-chamond-ville","23":"tag-saint-etienne","24":"tag-sante"},"share_on_mastodon":{"url":"https:\/\/pubeurope.com\/@fr\/114833786366772169","error":""},"_links":{"self":[{"href":"https:\/\/www.europesays.com\/fr\/wp-json\/wp\/v2\/posts\/242082","targetHints":{"allow":["GET"]}}],"collection":[{"href":"https:\/\/www.europesays.com\/fr\/wp-json\/wp\/v2\/posts"}],"about":[{"href":"https:\/\/www.europesays.com\/fr\/wp-json\/wp\/v2\/types\/post"}],"author":[{"embeddable":true,"href":"https:\/\/www.europesays.com\/fr\/wp-json\/wp\/v2\/users\/2"}],"replies":[{"embeddable":true,"href":"https:\/\/www.europesays.com\/fr\/wp-json\/wp\/v2\/comments?post=242082"}],"version-history":[{"count":0,"href":"https:\/\/www.europesays.com\/fr\/wp-json\/wp\/v2\/posts\/242082\/revisions"}],"wp:featuredmedia":[{"embeddable":true,"href":"https:\/\/www.europesays.com\/fr\/wp-json\/wp\/v2\/media\/242083"}],"wp:attachment":[{"href":"https:\/\/www.europesays.com\/fr\/wp-json\/wp\/v2\/media?parent=242082"}],"wp:term":[{"taxonomy":"category","embeddable":true,"href":"https:\/\/www.europesays.com\/fr\/wp-json\/wp\/v2\/categories?post=242082"},{"taxonomy":"post_tag","embeddable":true,"href":"https:\/\/www.europesays.com\/fr\/wp-json\/wp\/v2\/tags?post=242082"}],"curies":[{"name":"wp","href":"https:\/\/api.w.org\/{rel}","templated":true}]}}