{"id":242084,"date":"2025-07-11T09:01:14","date_gmt":"2025-07-11T09:01:14","guid":{"rendered":"https:\/\/www.europesays.com\/fr\/242084\/"},"modified":"2025-07-11T09:01:14","modified_gmt":"2025-07-11T09:01:14","slug":"saint-etienne-une-intrusion-seme-la-pagaille-dans-cet-hopital-une-enquete-ouverte","status":"publish","type":"post","link":"https:\/\/www.europesays.com\/fr\/242084\/","title":{"rendered":"Saint-\u00c9tienne. Une intrusion s\u00e8me la pagaille dans cet h\u00f4pital, une enqu\u00eate ouverte"},"content":{"rendered":"<p>            Par<br \/>\n        <strong><br \/>\n            <a href=\"https:\/\/actu.fr\/auteur\/redaction-saint-etienne\" title=\"Consulter tous les articles de R\u00e9daction Saint-\u00c9tienne\" rel=\"nofollow noopener\" target=\"_blank\">R\u00e9daction Saint-\u00c9tienne<\/a><br \/>\n        <\/strong><\/p>\n<p>        Publi\u00e9 le<\/p>\n<p>            11 juil. 2025 \u00e0 10h36        <\/p>\n<p>Les donn\u00e9es personnelles de plus de 126 000 patients ont \u00e9t\u00e9 vol\u00e9es lors d\u2019une <strong>cyberattaque du syst\u00e8me informatique<\/strong> d\u2019une clinique de <a href=\"https:\/\/actu.fr\/saint-etienne\/\" rel=\"nofollow noopener\" target=\"_blank\">Saint-Etienne<\/a>, qui n\u2019a cependant pas affect\u00e9 son fonctionnement, ont indiqu\u00e9 jeudi \u00e0 l\u2019AFP cet \u00e9tablissement et le parquet de Paris.<br \/>Ce type de piratage informatique est \u00ab\u00a0en recrudescence depuis quelques mois s\u2019agissant des h\u00f4pitaux\u00a0\u00bb, a pr\u00e9cis\u00e9 le parquet.<\/p>\n<p>Des donn\u00e9es administratives vol\u00e9es<\/p>\n<p class=\" wall-content\">Un e-mail a \u00e9t\u00e9 envoy\u00e9 jeudi 10 juillet \u00ab\u00a0\u00e0 plus de 126 000 patients concern\u00e9s par le piratage informatique de l\u2019H\u00f4pital priv\u00e9 de la <a href=\"https:\/\/actu.fr\/auvergne-rhone-alpes\/loire_42\" rel=\"nofollow noopener\" target=\"_blank\">Loire<\/a> (HPL), et les 40 d\u2019entre eux qui sont concern\u00e9s par le vol de donn\u00e9es m\u00e9dicales seront contact\u00e9s individuellement\u00a0\u00bb, a expliqu\u00e9 \u00e0 l\u2019AFP un responsable de la communication de cet \u00e9tablissement appartenant au groupe Ramsay Sant\u00e9.<\/p>\n<p class=\" wall-content\">Les donn\u00e9es personnelles pirat\u00e9es en milieu hospitalier peuvent comporter \u00e0 la fois des documents administratifs (cartes d\u2019identit\u00e9, Vitale, etc.) mais aussi des informations m\u00e9dicales sur le patient. Le HPL pr\u00e9cise \u00e0 l\u2019AFP qu\u2019en l\u2019esp\u00e8ce, ce sont \u00ab\u00a0presque exclusivement\u00a0\u00bb des<strong> donn\u00e9es administratives<\/strong> qui ont \u00e9t\u00e9 vol\u00e9es dans cette attaque, men\u00e9e du 26 juin au 1er juillet.<\/p>\n<p class=\" wall-content\">\u00ab\u00a0\u00c0 aucun moment cet \u00e9v\u00e9nement n\u2019a eu d\u2019incidence sur la prise en charge des patients ni, au sens large, sur l\u2019activit\u00e9 de l\u2019\u00e9tablissement\u00a0\u00bb, assure Ramsay dans un communiqu\u00e9, assurant qu\u2019il a fait \u00ab\u00a0cesser l\u2019intrusion\u00a0\u00bb d\u00e8s que ses services l\u2019ont d\u00e9couverte.<\/p>\n<p>Une demande de ran\u00e7on ?<\/p>\n<p class=\" wall-content\">Interrog\u00e9 sur ces informations r\u00e9v\u00e9l\u00e9es par le quotidien r\u00e9gional Le Progr\u00e8s, le parquet de Paris a annonc\u00e9 \u00e0 l\u2019AFP que sa section cybercriminalit\u00e9 avait \u00e9t\u00e9 saisie et qu\u2019une enqu\u00eate, n\u00e9cessitant \u00ab\u00a0une particuli\u00e8re technicit\u00e9\u00a0\u00bb, avait \u00e9t\u00e9 confi\u00e9e \u00e0 <strong>l\u2019Office anti-cybercriminalit\u00e9 (OFAC) de la police judiciaire<\/strong>.<\/p>\n<p>Vid\u00e9os : en ce moment sur Actu<\/p>\n<p class=\" wall-content\">Le groupe fran\u00e7ais Ramsay, qui se pr\u00e9sente comme le leader europ\u00e9en de l\u2019hospitalisation priv\u00e9e, n\u2019a pas souhait\u00e9 indiquer \u00e0 l\u2019AFP s\u2019il avait, ou non, re\u00e7u une demande de <strong>ran\u00e7on<\/strong>, comme cela se produit souvent dans les cyberattaques visant les h\u00f4pitaux comme d\u2019autres entreprises ou organismes.<\/p>\n<p class=\" wall-content\"><strong>Avec AFP<\/strong><\/p>\n<p class=\" wall-content\">Suivez toute l\u2019actualit\u00e9 de vos villes et m\u00e9dias favoris en vous inscrivant \u00e0 <a href=\"https:\/\/moncompte.actu.fr\" title=\"D\u00e9couvez Mon Actu\" rel=\"nofollow noopener\" data-trk=\"{&quot;cta&quot;:{&quot;action&quot;:&quot;https:\\\/\\\/moncompte.actu.fr&quot;,&quot;category&quot;:&quot;mon compte&quot;,&quot;from&quot;:&quot;article footer&quot;,&quot;name&quot;:&quot;Mon actu&quot;,&quot;type&quot;:&quot;cta&quot;}}\" target=\"_blank\">Mon Actu<\/a>.<\/p>\n","protected":false},"excerpt":{"rendered":"Par R\u00e9daction Saint-\u00c9tienne Publi\u00e9 le 11 juil. 2025 \u00e0 10h36 Les donn\u00e9es personnelles de plus de 126 000&hellip;\n","protected":false},"author":2,"featured_media":242085,"comment_status":"","ping_status":"","sticky":false,"template":"","format":"standard","meta":{"footnotes":""},"categories":[9653],"tags":[1111,11,2430,1777,674,1011,27,100,12,1072,25,4001,104],"class_list":{"0":"post-242084","1":"post","2":"type-post","3":"status-publish","4":"format-standard","5":"has-post-thumbnail","7":"category-saint-etienne","8":"tag-actu","9":"tag-actualites","10":"tag-auvergne-rhone-alpes","11":"tag-eu","12":"tag-europe","13":"tag-fr","14":"tag-france","15":"tag-hopital","16":"tag-news","17":"tag-police","18":"tag-republique-francaise","19":"tag-saint-etienne","20":"tag-societe"},"share_on_mastodon":{"url":"https:\/\/pubeurope.com\/@fr\/114833790404527124","error":""},"_links":{"self":[{"href":"https:\/\/www.europesays.com\/fr\/wp-json\/wp\/v2\/posts\/242084","targetHints":{"allow":["GET"]}}],"collection":[{"href":"https:\/\/www.europesays.com\/fr\/wp-json\/wp\/v2\/posts"}],"about":[{"href":"https:\/\/www.europesays.com\/fr\/wp-json\/wp\/v2\/types\/post"}],"author":[{"embeddable":true,"href":"https:\/\/www.europesays.com\/fr\/wp-json\/wp\/v2\/users\/2"}],"replies":[{"embeddable":true,"href":"https:\/\/www.europesays.com\/fr\/wp-json\/wp\/v2\/comments?post=242084"}],"version-history":[{"count":0,"href":"https:\/\/www.europesays.com\/fr\/wp-json\/wp\/v2\/posts\/242084\/revisions"}],"wp:featuredmedia":[{"embeddable":true,"href":"https:\/\/www.europesays.com\/fr\/wp-json\/wp\/v2\/media\/242085"}],"wp:attachment":[{"href":"https:\/\/www.europesays.com\/fr\/wp-json\/wp\/v2\/media?parent=242084"}],"wp:term":[{"taxonomy":"category","embeddable":true,"href":"https:\/\/www.europesays.com\/fr\/wp-json\/wp\/v2\/categories?post=242084"},{"taxonomy":"post_tag","embeddable":true,"href":"https:\/\/www.europesays.com\/fr\/wp-json\/wp\/v2\/tags?post=242084"}],"curies":[{"name":"wp","href":"https:\/\/api.w.org\/{rel}","templated":true}]}}