{"id":242086,"date":"2025-07-11T09:02:10","date_gmt":"2025-07-11T09:02:10","guid":{"rendered":"https:\/\/www.europesays.com\/fr\/242086\/"},"modified":"2025-07-11T09:02:10","modified_gmt":"2025-07-11T09:02:10","slug":"pompiers-et-policiers-echangent-leurs-roles","status":"publish","type":"post","link":"https:\/\/www.europesays.com\/fr\/242086\/","title":{"rendered":"pompiers et policiers \u00e9changent leurs r\u00f4les"},"content":{"rendered":"<p>Premier \u00e0 effectuer une journ\u00e9e d\u2019immersion, le lieutenant de police Lo\u00efc Doublier se souvient s\u2019\u00eatre br\u00fbl\u00e9 la peau sur les rampes de pompiers\u00a0: \u00ab\u00a0J\u2019avais pass\u00e9 la premi\u00e8re barre avec prudence, et la seconde avec moins de retenue, et \u00e7a ne pardonne pas.\u00a0\u00bb Une p\u00e9rip\u00e9tie \u00e9vocatrice des sp\u00e9cificit\u00e9s de la fonction. Ce jeudi, c\u2019est au tour du major Pierrat de d\u00e9couvrir l\u2019envers du d\u00e9cor des soldats du feu. Trois interventions, dont une mont\u00e9e sur la grande \u00e9chelle, ont rythm\u00e9 cette matin\u00e9e \u2018\u2019tranquille\u2019\u2019 selon les ma\u00eetres de stages accompagnateurs, le caporal-chef Garet et le sapeur Raboteau.<\/p>\n<p>Pas d\u2019\u00e9tat d\u2019ivresse publique pour \u00e9mailler cette premi\u00e8re demi-journ\u00e9e\u00a0: \u00ab\u00a0Dans ces cas, la prise en charge est tr\u00e8s souvent partag\u00e9e. Logiquement, si la personne tient debout, c\u2019est pour la police. Sinon, elle est pour les pompiers mais il y a aussi la question des disponibilit\u00e9s. Est-ce que toutes les \u00e9quipes sont d\u00e9j\u00e0 de sortie\u00a0?\u00a0\u00bb rappelait le major Pierrat. Ces cas particuliers se classent parmi les \u00ab\u00a0patates chaudes\u00a0\u00bb pour les deux services.<\/p>\n<p>Qu\u2019ils soient de secours ou du maintien de l\u2019ordre, ces agents de l\u2019Etat agissent donc en \u00e9troite collaboration. Cette immersion d\u2019une journ\u00e9e est l\u2019occasion, en plus de cr\u00e9er des souvenirs, de nouer des liens entre les deux services\u00a0: \u00ab\u00a0Comme partout, le quiproquo existe dans les bureaux, en r\u00e9union. Forc\u00e9ment, il peut exister sur le terrain. Plut\u00f4t qu\u2019une parole descendante, on a pr\u00e9f\u00e9r\u00e9 mettre en place des journ\u00e9es d\u2019immersion. Ce n\u2019est peut-\u00eatre qu\u2019une goutte d\u2019eau mais on mise sur le bouche \u00e0 oreille, apr\u00e8s cette exp\u00e9rience, pour renforcer les \u00e9changes et la compr\u00e9hension mutuelle\u00a0\u00bb, expliquait le <a href=\"https:\/\/www.estrepublicain.fr\/faits-divers-justice\/2024\/10\/30\/un-nouveau-patron-pour-les-policiers-de-meurthe-et-moselle\" target=\"_blank\" rel=\"noopener\">\u00a0directeur interd\u00e9partemental de la Police nationale, Fr\u00e9d\u00e9ric Laiss<\/a> y, sous le regard approbateur du responsable <a href=\"https:\/\/www.estrepublicain.fr\/environnement\/2025\/03\/22\/j-aime-qu-on-m-appelle-la-nuit-qui-est-jean-philippe-gueugneau-le-nouveau-patron-des-pompiers-du-departement\" target=\"_blank\" rel=\"noopener\">du Service d\u00e9partemental d\u2019incendie et de secours, Jean-Philippe Gueugneau<\/a>.<\/p>\n<p>  Priorit\u00e9 \u00e0 police secours et aux chefs d\u2019agr\u00e8s<\/p>\n<p>Tous deux viennent de signer une convention sur ces \u00e9changes pour une dur\u00e9e de deux \u00e0 trois ans. Tous les jeudis, un \u00e9l\u00e9ment sera ainsi \u00e9chang\u00e9 pour la journ\u00e9e entre la caserne de pompiers des Deux-Rives et l\u2019h\u00f4tel de police du boulevard Lobau. Une journ\u00e9e d\u2019immersion, dans un premier temps destin\u00e9e aux chefs d\u2019agr\u00e8s (conducteurs) des 80 pompiers rattach\u00e9s \u00e0 la caserne et aux 130 agents du d\u00e9partement police secours\u00a0: \u00ab\u00a0Dans le temps, on peut envisager que d\u2019autres casernes int\u00e8grent la convention ou que les op\u00e9rateurs du \u2018\u201918\u2019\u2019 et \u2018\u201917\u2019\u2019 \u00e9changent aussi \u00e0 leur tour\u00a0\u00bb, pr\u00e9voit Jean-Philippe Gueugnau.<\/p>\n<p>\ufeffLes retours d\u2019exp\u00e9rience des premiers stagiaires \u00e9taient semblables\u00a0: sous l\u2019habit de pompier, le sauveur, sous celui de la police, la r\u00e9pression. \u00c0 mi-journ\u00e9e, Paul, chef ambulance au SDIS, pointait d\u2019autres distinctions\u00a0: \u00ab\u00a0Nos rapports d\u2019intervention durent trente minutes, se font en digital, sur tablette. En police, c\u2019est beaucoup plus lourd avec un retour au poste pour un PV, une main courante, le protocole de garde \u00e0 vue.\u00a0\u00bb L\u2019envers du d\u00e9cor.<\/p>\n","protected":false},"excerpt":{"rendered":"Premier \u00e0 effectuer une journ\u00e9e d\u2019immersion, le lieutenant de police Lo\u00efc Doublier se souvient s\u2019\u00eatre br\u00fbl\u00e9 la peau&hellip;\n","protected":false},"author":2,"featured_media":242087,"comment_status":"","ping_status":"","sticky":false,"template":"","format":"standard","meta":{"footnotes":""},"categories":[9635],"tags":[1111,11,1704,1777,674,274,1011,27,775,1757,1702,1703,12,25],"class_list":{"0":"post-242086","1":"post","2":"type-post","3":"status-publish","4":"format-standard","5":"has-post-thumbnail","7":"category-nancy","8":"tag-actu","9":"tag-actualites","10":"tag-edition-nancy-et-agglomeration","11":"tag-eu","12":"tag-europe","13":"tag-faits-divers-justice","14":"tag-fr","15":"tag-france","16":"tag-grand-est","17":"tag-insolite","18":"tag-nancy","19":"tag-nancy-ville-54b","20":"tag-news","21":"tag-republique-francaise"},"share_on_mastodon":{"url":"https:\/\/pubeurope.com\/@fr\/114833794246992335","error":""},"_links":{"self":[{"href":"https:\/\/www.europesays.com\/fr\/wp-json\/wp\/v2\/posts\/242086","targetHints":{"allow":["GET"]}}],"collection":[{"href":"https:\/\/www.europesays.com\/fr\/wp-json\/wp\/v2\/posts"}],"about":[{"href":"https:\/\/www.europesays.com\/fr\/wp-json\/wp\/v2\/types\/post"}],"author":[{"embeddable":true,"href":"https:\/\/www.europesays.com\/fr\/wp-json\/wp\/v2\/users\/2"}],"replies":[{"embeddable":true,"href":"https:\/\/www.europesays.com\/fr\/wp-json\/wp\/v2\/comments?post=242086"}],"version-history":[{"count":0,"href":"https:\/\/www.europesays.com\/fr\/wp-json\/wp\/v2\/posts\/242086\/revisions"}],"wp:featuredmedia":[{"embeddable":true,"href":"https:\/\/www.europesays.com\/fr\/wp-json\/wp\/v2\/media\/242087"}],"wp:attachment":[{"href":"https:\/\/www.europesays.com\/fr\/wp-json\/wp\/v2\/media?parent=242086"}],"wp:term":[{"taxonomy":"category","embeddable":true,"href":"https:\/\/www.europesays.com\/fr\/wp-json\/wp\/v2\/categories?post=242086"},{"taxonomy":"post_tag","embeddable":true,"href":"https:\/\/www.europesays.com\/fr\/wp-json\/wp\/v2\/tags?post=242086"}],"curies":[{"name":"wp","href":"https:\/\/api.w.org\/{rel}","templated":true}]}}