{"id":242095,"date":"2025-07-11T09:08:09","date_gmt":"2025-07-11T09:08:09","guid":{"rendered":"https:\/\/www.europesays.com\/fr\/242095\/"},"modified":"2025-07-11T09:08:09","modified_gmt":"2025-07-11T09:08:09","slug":"feux-dartifice-rouen-sur-mer-restaurant-nos-idees-de-sorties-pour-le-week-end","status":"publish","type":"post","link":"https:\/\/www.europesays.com\/fr\/242095\/","title":{"rendered":"Feux d&rsquo;artifice, Rouen sur mer, restaurant&#8230; Nos id\u00e9es de sorties pour le week-end"},"content":{"rendered":"<p>            Par<br \/>\n        <strong><br \/>\n            <a href=\"https:\/\/actu.fr\/auteur\/adrien-filoche\" title=\"Consulter tous les articles de Adrien Filoche\" rel=\"nofollow noopener\" target=\"_blank\">Adrien Filoche<\/a><br \/>\n        <\/strong><\/p>\n<p>        Publi\u00e9 le<\/p>\n<p>            11 juil. 2025 \u00e0 10h22        <\/p>\n<p><strong>Le beau temps sera de la partie\u2009!<\/strong> Et si ce week-end ne marque pas encore pour vous la date de d\u00e9part en vacances, on a trouv\u00e9 de quoi vous occuper \u00e0 Rouen et dans le coin. Voici nos id\u00e9es de sorties pour les journ\u00e9es du samedi\u00a012 et dimanche 13\u00a0juillet 2025.<\/p>\n<p>Faire un tour \u00e0 Rouen sur mer<\/p>\n<p class=\" wall-content\"><a href=\"https:\/\/actu.fr\/normandie\/rouen_76540\/le-retour-de-rouen-sur-mer-un-mois-d-animations-certaines-insolites-sur-une-plage-de-sable_62852391.html\" rel=\"nofollow noopener\" target=\"_blank\">Rouen sur Mer<\/a> a fait son retour le 4\u00a0juillet et se d\u00e9roulera jusqu\u2019au 3\u00a0ao\u00fbt 2025. Un mois d\u2019animations en tout genre (sports, jeux, ateliers cr\u00e9atifs, etc.). L\u2019avantage, c\u2019est que c\u2019est totalement gratuit, et pour tous les \u00e2ges. Avec le beau temps, ce serait dommage de ne pas en profiter\u2009!<\/p>\n<p>Tester un nouveau resto italien\u2009!<\/p>\n<p class=\" wall-content\">Un nouveau restaurant a ouvert ses portes rue Eau-de-Robec \u00e0 Rouen\u2009: il s\u2019agit de Bambini, une enseigne de cuisine italienne qui prend la suite de Chez Mathilde. On vous fait la pr\u00e9sentation dans notre <a href=\"https:\/\/actu.fr\/normandie\/rouen_76540\/nouveau-a-rouen-une-amoureuse-de-la-cuisine-italienne-ouvre-un-restaurant-rue-eau-de-robec_62890240.html\" rel=\"nofollow noopener\" target=\"_blank\">article.<\/a><\/p>\n<p>Affronter la fin du parcours du Tour de France \u00e0 Rouen<\/p>\n<p class=\" wall-content\">Si vous \u00eates cycliste (et motiv\u00e9), vous pouvez affronter la fin d\u2019\u00e9tape Amiens-Rouen du Tour de France, qui s\u2019est d\u00e9roul\u00e9 le mardi 8\u00a0juillet 2025. Notre journaliste a relev\u00e9 le d\u00e9fi quelques jours avant le passage des coureurs, et apparemment, \u00ab\u2009\u00e7a monte fort\u2009!\u2009\u00bb. <a href=\"https:\/\/actu.fr\/normandie\/rouen_76540\/passage-de-tour-de-france-a-rouen-j-ai-teste-la-fin-de-parcours-et-ca-monte-fort_62767104.html\" rel=\"nofollow noopener\" target=\"_blank\">Il vous raconte.<\/a><\/p>\n<p>Admirer le spectacle de la cath\u00e9drale<\/p>\n<p class=\" wall-content\">C\u2019est un classique mais on ne s\u2019en lasse pas\u2009: le spectacle des lumi\u00e8res de la cath\u00e9drale de Rouen. Au programme de cette ann\u00e9e, <a href=\"https:\/\/actu.fr\/normandie\/rouen_76540\/cathedrale-de-lumiere-a-rouen-revient-avec-un-spectacle-presque-inedit_62698486.html\" rel=\"nofollow noopener\" target=\"_blank\">un nouveau volet Optic Gothic<\/a>, une cr\u00e9ation qui puise son inspiration dans l\u2019Op Art. On retrouve aussi le volet Viking, que les habitu\u00e9s ont d\u00e9j\u00e0 pu admirer. En juillet, c\u2019est \u00e0 voir tous les soirs \u00e0 partir de 23 heures.<\/p>\n<p>Profiter d\u2019un feu d\u2019artifice<\/p>\n<p class=\" wall-content\">Que ce soit pour la F\u00eate nationale ou pour des f\u00eates communales, les feux d\u2019artifice sont nombreux en ce mois de juillet\u00a02025. On vous a list\u00e9 <a href=\"https:\/\/actu.fr\/loisirs-culture\/ou-et-quand-voir-des-feux-d-artifice-en-seine-maritime-au-mois-de-juillet_62886482.html\" rel=\"nofollow noopener\" target=\"_blank\">tous ceux qui seront tir\u00e9s dans la Seine-Maritime.<\/a><\/p>\n<p>Vid\u00e9os : en ce moment sur ActuUne bonne vieille randonn\u00e9e\u2009!<\/p>\n<p class=\" wall-content\">Il fera beau et chaud ce weekend. Une bonne raison d\u2019aller trouver de la fra\u00eecheur en for\u00eat, pour une petite balade. Vous pouvez vous rendre du c\u00f4t\u00e9 de celle de Canteleu pour admirer <a href=\"https:\/\/actu.fr\/normandie\/canteleu_76157\/en-images-decouvrez-les-spectaculaires-oeuvres-geantes-de-foret-monumentale-a-canteleu_61271283.html\" rel=\"nofollow noopener\" target=\"_blank\">l\u2019\u00e9dition 2 de For\u00eat Monumentale.<\/a> Ou bien s\u00e9lectionner un parcours dans notre <a href=\"https:\/\/actu.fr\/normandie\/rouen_76540\/notre-selection-des-randonnees-a-faire-depuis-rouen-et-sans-prendre-sa-voiture_61324684.html\" rel=\"nofollow noopener\" target=\"_blank\">guide des randonn\u00e9es \u00e0 faire depuis Rouen et sans prendre sa voiture.<\/a><\/p>\n<p>Bonus\u2009: observer un b\u00e9b\u00e9 panda roux<\/p>\n<p class=\" wall-content\">Ce n\u2019est pas \u00e0 Rouen, certes, mais le d\u00e9tour en vaut la chandelle\u2009! En juin\u00a02025, <a href=\"https:\/\/actu.fr\/normandie\/cleres_76179\/l-instant-mignon-un-bebe-panda-roux-est-ne-au-parc-de-cleres-pres-de-rouen_62883066.html\" rel=\"nofollow noopener\" target=\"_blank\">un b\u00e9b\u00e9 panda roux<\/a> est n\u00e9 au parc de Cl\u00e8res. Le public peut le voir m\u00eame si pour l\u2019heure, il reste coll\u00e9 \u00e0 sa maman\u2009!<\/p>\n<p>Suivez l\u2019actualit\u00e9 de Rouen sur <a href=\"https:\/\/www.whatsapp.com\/channel\/0029VaKfnf99hXF2ddApFB1D\" rel=\"nofollow noopener\" target=\"_blank\">notre cha\u00eene WhatsApp<\/a> et sur <a href=\"https:\/\/www.tiktok.com\/@76actu.fr?lang=fr\" rel=\"nofollow noopener\" target=\"_blank\">notre compte TikTok<\/a>Vous souhaitez annoncer un \u00e9v\u00e9nement festif ou associatif, une initiative locale\u2009? Rendez-vous sur notre plateforme <a href=\"https:\/\/www.infolocale.fr\/decouvrir\/actu\/\" rel=\"nofollow noopener\" target=\"_blank\">Infolocale.<\/a><\/p>\n<p class=\" wall-content\">Suivez toute l\u2019actualit\u00e9 de vos villes et m\u00e9dias favoris en vous inscrivant \u00e0 <a href=\"https:\/\/moncompte.actu.fr\" title=\"D\u00e9couvez Mon Actu\" rel=\"nofollow noopener\" data-trk=\"{&quot;cta&quot;:{&quot;action&quot;:&quot;https:\\\/\\\/moncompte.actu.fr&quot;,&quot;category&quot;:&quot;mon compte&quot;,&quot;from&quot;:&quot;article footer&quot;,&quot;name&quot;:&quot;Mon actu&quot;,&quot;type&quot;:&quot;cta&quot;}}\" target=\"_blank\">Mon Actu<\/a>.<\/p>\n<ul class=\"ac-article-tag wall-content\">\n<li><a href=\"https:\/\/actu.fr\/tag\/bon-plan-a-rouen\" data-trk=\"{&quot;cta&quot;:{&quot;action&quot;:&quot;Bon plan \\u00e0 Rouen&quot;,&quot;category&quot;:&quot;tag&quot;,&quot;from&quot;:&quot;article footer&quot;,&quot;name&quot;:&quot;Bon plan \\u00e0 Rouen&quot;,&quot;type&quot;:&quot;cta&quot;}}\" rel=\"nofollow noopener\" target=\"_blank\">#Bon plan \u00e0 Rouen<\/a><\/li>\n<li><a href=\"https:\/\/actu.fr\/tag\/nouveaux-commerces\" data-trk=\"{&quot;cta&quot;:{&quot;action&quot;:&quot;Nouveaux commerces&quot;,&quot;category&quot;:&quot;tag&quot;,&quot;from&quot;:&quot;article footer&quot;,&quot;name&quot;:&quot;Nouveaux commerces&quot;,&quot;type&quot;:&quot;cta&quot;}}\" rel=\"nofollow noopener\" target=\"_blank\">#Nouveaux commerces<\/a><\/li>\n<\/ul>\n<p>                    <script async src=\"\/\/www.tiktok.com\/embed.js\"><\/script><\/p>\n","protected":false},"excerpt":{"rendered":"Par Adrien Filoche Publi\u00e9 le 11 juil. 2025 \u00e0 10h22 Le beau temps sera de la partie\u2009! Et&hellip;\n","protected":false},"author":2,"featured_media":242096,"comment_status":"","ping_status":"","sticky":false,"template":"","format":"standard","meta":{"footnotes":""},"categories":[9587],"tags":[1111,11,9086,1777,674,1011,27,1652,12,5161,3147,25,9590],"class_list":{"0":"post-242095","1":"post","2":"type-post","3":"status-publish","4":"format-standard","5":"has-post-thumbnail","7":"category-rouen","8":"tag-actu","9":"tag-actualites","10":"tag-bon-plan-a-rouen","11":"tag-eu","12":"tag-europe","13":"tag-fr","14":"tag-france","15":"tag-loisirs-culture","16":"tag-news","17":"tag-normandie","18":"tag-nouveaux-commerces","19":"tag-republique-francaise","20":"tag-rouen"},"share_on_mastodon":{"url":"https:\/\/pubeurope.com\/@fr\/114833817801715994","error":""},"_links":{"self":[{"href":"https:\/\/www.europesays.com\/fr\/wp-json\/wp\/v2\/posts\/242095","targetHints":{"allow":["GET"]}}],"collection":[{"href":"https:\/\/www.europesays.com\/fr\/wp-json\/wp\/v2\/posts"}],"about":[{"href":"https:\/\/www.europesays.com\/fr\/wp-json\/wp\/v2\/types\/post"}],"author":[{"embeddable":true,"href":"https:\/\/www.europesays.com\/fr\/wp-json\/wp\/v2\/users\/2"}],"replies":[{"embeddable":true,"href":"https:\/\/www.europesays.com\/fr\/wp-json\/wp\/v2\/comments?post=242095"}],"version-history":[{"count":0,"href":"https:\/\/www.europesays.com\/fr\/wp-json\/wp\/v2\/posts\/242095\/revisions"}],"wp:featuredmedia":[{"embeddable":true,"href":"https:\/\/www.europesays.com\/fr\/wp-json\/wp\/v2\/media\/242096"}],"wp:attachment":[{"href":"https:\/\/www.europesays.com\/fr\/wp-json\/wp\/v2\/media?parent=242095"}],"wp:term":[{"taxonomy":"category","embeddable":true,"href":"https:\/\/www.europesays.com\/fr\/wp-json\/wp\/v2\/categories?post=242095"},{"taxonomy":"post_tag","embeddable":true,"href":"https:\/\/www.europesays.com\/fr\/wp-json\/wp\/v2\/tags?post=242095"}],"curies":[{"name":"wp","href":"https:\/\/api.w.org\/{rel}","templated":true}]}}