{"id":242097,"date":"2025-07-11T09:09:09","date_gmt":"2025-07-11T09:09:09","guid":{"rendered":"https:\/\/www.europesays.com\/fr\/242097\/"},"modified":"2025-07-11T09:09:09","modified_gmt":"2025-07-11T09:09:09","slug":"pourquoi-la-circulation-a-ete-coupee-sur-la28-entre-rouen-et-abbeville","status":"publish","type":"post","link":"https:\/\/www.europesays.com\/fr\/242097\/","title":{"rendered":"Pourquoi la circulation a \u00e9t\u00e9 coup\u00e9e sur l\u2019A28 entre Rouen et Abbeville"},"content":{"rendered":"<p>            Par<br \/>\n        <strong><br \/>\n            <a href=\"https:\/\/actu.fr\/auteur\/yann-defacque\" title=\"Consulter tous les articles de Yann Defacque\" rel=\"nofollow noopener\" target=\"_blank\">Yann Defacque<\/a><br \/>\n        <\/strong><\/p>\n<p>        Publi\u00e9 le<\/p>\n<p>            11 juil. 2025 \u00e0 10h16        <\/p>\n<p>Le jeudi 10\u00a0juillet vers 7h30n un accident de la circulation s\u2019est produit sur l\u2019<b>autoroute A28<\/b> dans le <b>sens Rouen Abbeville<\/b> au niveau du PR (point relais) 51.<\/p>\n<p class=\" wall-content\">L\u2019accident impliquait deux v\u00e9hicules\u2009: un poids lourd et une voiture. Le conducteur de la voiture a pu sortir avant que son v\u00e9hicule ne prenne feu et s\u2019embrase totalement.<\/p>\n<p>    <img   decoding=\"async\" loading=\"lazy\" class=\"size-large\" src=\"https:\/\/www.europesays.com\/fr\/wp-content\/uploads\/2025\/07\/86aea3a3c07868aaea3a3c0785eaeav-960x640.jpeg\" alt=\"L'autoroute A28 a \u00e9t\u00e9 ferm\u00e9e pendant trois heures.\" width=\"960\" height=\"640\"\/><br \/>\n    L\u2019autoroute A28 a \u00e9t\u00e9 ferm\u00e9e pendant trois heures. \u00a9TikTok EdoLaG<\/p>\n<p class=\" wall-content\">L\u2019automobiliste l\u00e9g\u00e8rement bless\u00e9 a \u00e9t\u00e9 pris en charge par les sapeurs-pompiers avant d\u2019\u00eatre transport\u00e9 dans un centre hospitalier.\u00a0Le conducteur du poids lourd est indemne.<\/p>\n<p class=\" wall-content\">La circulation a \u00e9t\u00e9 coup\u00e9e pendant environ trois heures afin de permettre aux services de secours d\u2019intervenir et d\u2019\u00e9vacuer l\u2019\u00e9pave de la voiture.<\/p>\n<p class=\" wall-content\">Afin de s\u00e9curiser les lieux, \u00ab\u00a0l\u2019autoroute a \u00e9t\u00e9 ferm\u00e9e au niveau de l\u2019\u00e9changeur N\u00b0 8 PR 55+ 600 avec une d\u00e9viation par l\u2019axe RD 928 jusqu\u2019\u00e0 l\u2019\u00e9changeur N\u00b06\u00a0\u00bb indiquait <b>Bison Fut\u00e9<\/b>.<\/p>\n<p>Vid\u00e9os : en ce moment sur Actu<\/p>\n<p class=\" wall-content\">Suivez toute l\u2019actualit\u00e9 de vos villes et m\u00e9dias favoris en vous inscrivant \u00e0 <a href=\"https:\/\/moncompte.actu.fr\" title=\"D\u00e9couvez Mon Actu\" rel=\"nofollow noopener\" data-trk=\"{&quot;cta&quot;:{&quot;action&quot;:&quot;https:\\\/\\\/moncompte.actu.fr&quot;,&quot;category&quot;:&quot;mon compte&quot;,&quot;from&quot;:&quot;article footer&quot;,&quot;name&quot;:&quot;Mon actu&quot;,&quot;type&quot;:&quot;cta&quot;}}\" target=\"_blank\">Mon Actu<\/a>.<\/p>\n","protected":false},"excerpt":{"rendered":"Par Yann Defacque Publi\u00e9 le 11 juil. 2025 \u00e0 10h16 Le jeudi 10\u00a0juillet vers 7h30n un accident de&hellip;\n","protected":false},"author":2,"featured_media":242098,"comment_status":"","ping_status":"","sticky":false,"template":"","format":"standard","meta":{"footnotes":""},"categories":[9587],"tags":[119,1111,11,1777,674,118,1011,27,3381,12,5161,1311,25,9590],"class_list":{"0":"post-242097","1":"post","2":"type-post","3":"status-publish","4":"format-standard","5":"has-post-thumbnail","7":"category-rouen","8":"tag-accident","9":"tag-actu","10":"tag-actualites","11":"tag-eu","12":"tag-europe","13":"tag-faits-divers","14":"tag-fr","15":"tag-france","16":"tag-gendarmerie","17":"tag-news","18":"tag-normandie","19":"tag-pompiers","20":"tag-republique-francaise","21":"tag-rouen"},"share_on_mastodon":{"url":"https:\/\/pubeurope.com\/@fr\/114833821849216494","error":""},"_links":{"self":[{"href":"https:\/\/www.europesays.com\/fr\/wp-json\/wp\/v2\/posts\/242097","targetHints":{"allow":["GET"]}}],"collection":[{"href":"https:\/\/www.europesays.com\/fr\/wp-json\/wp\/v2\/posts"}],"about":[{"href":"https:\/\/www.europesays.com\/fr\/wp-json\/wp\/v2\/types\/post"}],"author":[{"embeddable":true,"href":"https:\/\/www.europesays.com\/fr\/wp-json\/wp\/v2\/users\/2"}],"replies":[{"embeddable":true,"href":"https:\/\/www.europesays.com\/fr\/wp-json\/wp\/v2\/comments?post=242097"}],"version-history":[{"count":0,"href":"https:\/\/www.europesays.com\/fr\/wp-json\/wp\/v2\/posts\/242097\/revisions"}],"wp:featuredmedia":[{"embeddable":true,"href":"https:\/\/www.europesays.com\/fr\/wp-json\/wp\/v2\/media\/242098"}],"wp:attachment":[{"href":"https:\/\/www.europesays.com\/fr\/wp-json\/wp\/v2\/media?parent=242097"}],"wp:term":[{"taxonomy":"category","embeddable":true,"href":"https:\/\/www.europesays.com\/fr\/wp-json\/wp\/v2\/categories?post=242097"},{"taxonomy":"post_tag","embeddable":true,"href":"https:\/\/www.europesays.com\/fr\/wp-json\/wp\/v2\/tags?post=242097"}],"curies":[{"name":"wp","href":"https:\/\/api.w.org\/{rel}","templated":true}]}}