{"id":242099,"date":"2025-07-11T09:10:11","date_gmt":"2025-07-11T09:10:11","guid":{"rendered":"https:\/\/www.europesays.com\/fr\/242099\/"},"modified":"2025-07-11T09:10:11","modified_gmt":"2025-07-11T09:10:11","slug":"isere-apres-le-rattrapage-934-des-candidats-de-lacademie-de-grenoble-ont-decroche-leur-bac","status":"publish","type":"post","link":"https:\/\/www.europesays.com\/fr\/242099\/","title":{"rendered":"Is\u00e8re. Apr\u00e8s le \u201crattrapage\u201d, 93,4\u00a0% des candidats de l\u2019acad\u00e9mie de Grenoble ont d\u00e9croch\u00e9 leur bac"},"content":{"rendered":"<p>Les r\u00e9sultats d\u00e9finitifs du <a href=\"https:\/\/www.ledauphine.com\/education\/2025\/07\/04\/isere-bac-2025-88-5-d-admis-dans-l-academie-de-grenoble\" target=\"_blank\" rel=\"noopener\">baccalaur\u00e9at 2025<\/a> sont tomb\u00e9s\u00a0: \u00e0 l\u2019issue du second groupe d\u2019\u00e9preuves, l\u2019acad\u00e9mie de Grenoble (*) compte 33\u00a0339 bacheliers cette ann\u00e9e\u00a0!<\/p>\n<p>Le taux de r\u00e9ussite s\u2019\u00e9l\u00e8ve \u00e0 93,4\u00a0% (calcul\u00e9 sur l\u2019ensemble des candidats pr\u00e9sents), toutes fili\u00e8res confondues. Un r\u00e9sultat en l\u00e9g\u00e8re hausse par rapport \u00e0 l\u2019ann\u00e9e derni\u00e8re (93,1\u00a0% de r\u00e9ussite).<\/p>\n<p>1\u00a0728 candidats ont d\u00e9croch\u00e9 leur dipl\u00f4me \u00e0 l\u2019issue de ce \u201crattrapage\u201d.<\/p>\n<p>Pour le baccalaur\u00e9at g\u00e9n\u00e9ral, le taux de r\u00e9ussite s\u2019affiche \u00e0 97,2\u00a0% (+0,1 point) sur l\u2019acad\u00e9mie et plus sp\u00e9cifiquement \u00e0 97,1\u00a0% en Is\u00e8re (-0,1 point par rapport \u00e0 2024).<\/p>\n<p>Du c\u00f4t\u00e9 du baccalaur\u00e9at technologique, 92,4\u00a0% des candidats pr\u00e9sents ont obtenu leur dipl\u00f4me (+1,5 point) avec un taux de r\u00e9ussite de 100\u00a0% pour la s\u00e9rie STHR (Sciences et technologies de l\u2019h\u00f4tellerie et de la restauration)\u00a0!<\/p>\n<p>Enfin, les candidats au bac professionnel ont \u00e9t\u00e9 85,7\u00a0% \u00e0 r\u00e9ussir leurs \u00e9preuves (-0,5 point). Selon l\u2019acad\u00e9mie, les r\u00e9sultats confirment un taux de r\u00e9ussite l\u00e9g\u00e8rement plus favorable dans le domaine des services (87,1\u00a0%) que dans celui de la production (84,1\u00a0%).<\/p>\n<p>  63,3\u00a0% des candidats ont obtenu une mention<\/p>\n<p>Et c\u00f4t\u00e9 mentions\u00a0? Toutes s\u00e9ries confondues, elles sont aussi en hausse (+1,1 point) avec 63,3\u00a0% de candidats en ayant obtenu une\u00a0: 1,1\u00a0% des bacheliers ont d\u00e9croch\u00e9 une mention \u201ctr\u00e8s bien avec f\u00e9licitations du jury\u201d (\u00e0 partir de 18\/20), 9,3\u00a0% de mention \u201ctr\u00e8s bien\u201d (\u00e0 partir de 16\/20), 21,8\u00a0% de \u201cbien\u201d (\u00e0 partir de 14\/20) et 31,2\u00a0% d\u2019 \u201cassez bien\u201d (\u00e0 partir de 12\/20).<\/p>\n<p>Tous les r\u00e9sultats des examens sont accessibles sur notre site <a href=\"https:\/\/www.ledauphine.com\/education\/resultats-examens\" target=\"_blank\" rel=\"noopener\">ledauphine.com<\/a><\/p>\n<p class=\"note\">(*) L\u2019acad\u00e9mie de Grenoble comprend les d\u00e9partements de l\u2019Is\u00e8re, de la Savoie, Haute-Savoie, de la Dr\u00f4me et de l\u2019Ard\u00e8che.<\/p>\n","protected":false},"excerpt":{"rendered":"Les r\u00e9sultats d\u00e9finitifs du baccalaur\u00e9at 2025 sont tomb\u00e9s\u00a0: \u00e0 l\u2019issue du second groupe d\u2019\u00e9preuves, l\u2019acad\u00e9mie de Grenoble (*)&hellip;\n","protected":false},"author":2,"featured_media":242100,"comment_status":"","ping_status":"","sticky":false,"template":"","format":"standard","meta":{"footnotes":""},"categories":[9566],"tags":[1111,11,2430,3599,115,112,113,116,111,114,1057,1777,674,10961,1011,27,2731,108,12,25],"class_list":{"0":"post-242099","1":"post","2":"type-post","3":"status-publish","4":"format-standard","5":"has-post-thumbnail","7":"category-grenoble","8":"tag-actu","9":"tag-actualites","10":"tag-auvergne-rhone-alpes","11":"tag-college-lycee","12":"tag-edition-bourgoin-jallieu-nord-dauphine","13":"tag-edition-grenoble-agglomeration","14":"tag-edition-gresivaudan-oisans","15":"tag-edition-la-tour-du-pin-nord-dauphine","16":"tag-edition-vienne-roussillon","17":"tag-edition-voiron-saint-marcellin","18":"tag-education","19":"tag-eu","20":"tag-europe","21":"tag-examen-diplome","22":"tag-fr","23":"tag-france","24":"tag-grenoble","25":"tag-isere","26":"tag-news","27":"tag-republique-francaise"},"share_on_mastodon":{"url":"https:\/\/pubeurope.com\/@fr\/114833826123220692","error":""},"_links":{"self":[{"href":"https:\/\/www.europesays.com\/fr\/wp-json\/wp\/v2\/posts\/242099","targetHints":{"allow":["GET"]}}],"collection":[{"href":"https:\/\/www.europesays.com\/fr\/wp-json\/wp\/v2\/posts"}],"about":[{"href":"https:\/\/www.europesays.com\/fr\/wp-json\/wp\/v2\/types\/post"}],"author":[{"embeddable":true,"href":"https:\/\/www.europesays.com\/fr\/wp-json\/wp\/v2\/users\/2"}],"replies":[{"embeddable":true,"href":"https:\/\/www.europesays.com\/fr\/wp-json\/wp\/v2\/comments?post=242099"}],"version-history":[{"count":0,"href":"https:\/\/www.europesays.com\/fr\/wp-json\/wp\/v2\/posts\/242099\/revisions"}],"wp:featuredmedia":[{"embeddable":true,"href":"https:\/\/www.europesays.com\/fr\/wp-json\/wp\/v2\/media\/242100"}],"wp:attachment":[{"href":"https:\/\/www.europesays.com\/fr\/wp-json\/wp\/v2\/media?parent=242099"}],"wp:term":[{"taxonomy":"category","embeddable":true,"href":"https:\/\/www.europesays.com\/fr\/wp-json\/wp\/v2\/categories?post=242099"},{"taxonomy":"post_tag","embeddable":true,"href":"https:\/\/www.europesays.com\/fr\/wp-json\/wp\/v2\/tags?post=242099"}],"curies":[{"name":"wp","href":"https:\/\/api.w.org\/{rel}","templated":true}]}}