{"id":242105,"date":"2025-07-11T09:13:13","date_gmt":"2025-07-11T09:13:13","guid":{"rendered":"https:\/\/www.europesays.com\/fr\/242105\/"},"modified":"2025-07-11T09:13:13","modified_gmt":"2025-07-11T09:13:13","slug":"pres-de-rennes-un-motard-meurt-apres-une-collision-avec-une-voiture","status":"publish","type":"post","link":"https:\/\/www.europesays.com\/fr\/242105\/","title":{"rendered":"Pr\u00e8s de Rennes, un motard meurt apr\u00e8s une collision avec une voiture"},"content":{"rendered":"<p>Il \u00e9tait 21 h 40, ce jeudi 10 juillet 2025, quand les pompiers ont \u00e9t\u00e9 appel\u00e9s pour un accident de la route au lieu-dit Boussard, sur la route d\u00e9partementale 27, \u00e0 Betton, au nord de Rennes. Une moto et une voiture sont entr\u00e9es en collision, comme le rapporte <a href=\"https:\/\/www.ouest-france.fr\/bretagne\/rennes-35000\/apres-une-collision-avec-une-voiture-un-motard-de-72-ans-decede-en-ille-et-vilaine-2fd17f92-5e29-11f0-bf36-23265b6ae095\" target=\"_blank\" rel=\"nofollow noopener\">Ouest France<\/a>. Le motard, \u00e2g\u00e9 de 44 ans, est d\u00e9c\u00e9d\u00e9. L\u2019automobiliste, 72 ans, a, lui, \u00e9t\u00e9 transport\u00e9 en \u00e9tat d\u2019urgence relative au CHU de Rennes.<\/p>\n<p>Quinze pompiers et les gendarmes ont \u00e9t\u00e9 mobilis\u00e9s. Une enqu\u00eate est en cours. Les circonstances de cet accident ne sont pour le moment pas \u00e9tablies.<\/p>\n","protected":false},"excerpt":{"rendered":"Il \u00e9tait 21 h 40, ce jeudi 10 juillet 2025, quand les pompiers ont \u00e9t\u00e9 appel\u00e9s pour un&hellip;\n","protected":false},"author":2,"featured_media":242106,"comment_status":"","ping_status":"","sticky":false,"template":"","format":"standard","meta":{"footnotes":""},"categories":[2821],"tags":[3085,1111,11,829,765,1777,674,3383,1011,27,848,12,584,25],"class_list":{"0":"post-242105","1":"post","2":"type-post","3":"status-publish","4":"format-standard","5":"has-post-thumbnail","7":"category-rennes","8":"tag-accidents","9":"tag-actu","10":"tag-actualites","11":"tag-bretagne","12":"tag-en-continu","13":"tag-eu","14":"tag-europe","15":"tag-faits-divers-a-rennes","16":"tag-fr","17":"tag-france","18":"tag-ille-et-vilaine","19":"tag-news","20":"tag-rennes","21":"tag-republique-francaise"},"share_on_mastodon":{"url":"https:\/\/pubeurope.com\/@fr\/114833837436870166","error":""},"_links":{"self":[{"href":"https:\/\/www.europesays.com\/fr\/wp-json\/wp\/v2\/posts\/242105","targetHints":{"allow":["GET"]}}],"collection":[{"href":"https:\/\/www.europesays.com\/fr\/wp-json\/wp\/v2\/posts"}],"about":[{"href":"https:\/\/www.europesays.com\/fr\/wp-json\/wp\/v2\/types\/post"}],"author":[{"embeddable":true,"href":"https:\/\/www.europesays.com\/fr\/wp-json\/wp\/v2\/users\/2"}],"replies":[{"embeddable":true,"href":"https:\/\/www.europesays.com\/fr\/wp-json\/wp\/v2\/comments?post=242105"}],"version-history":[{"count":0,"href":"https:\/\/www.europesays.com\/fr\/wp-json\/wp\/v2\/posts\/242105\/revisions"}],"wp:featuredmedia":[{"embeddable":true,"href":"https:\/\/www.europesays.com\/fr\/wp-json\/wp\/v2\/media\/242106"}],"wp:attachment":[{"href":"https:\/\/www.europesays.com\/fr\/wp-json\/wp\/v2\/media?parent=242105"}],"wp:term":[{"taxonomy":"category","embeddable":true,"href":"https:\/\/www.europesays.com\/fr\/wp-json\/wp\/v2\/categories?post=242105"},{"taxonomy":"post_tag","embeddable":true,"href":"https:\/\/www.europesays.com\/fr\/wp-json\/wp\/v2\/tags?post=242105"}],"curies":[{"name":"wp","href":"https:\/\/api.w.org\/{rel}","templated":true}]}}