{"id":242108,"date":"2025-07-11T09:16:11","date_gmt":"2025-07-11T09:16:11","guid":{"rendered":"https:\/\/www.europesays.com\/fr\/242108\/"},"modified":"2025-07-11T09:16:11","modified_gmt":"2025-07-11T09:16:11","slug":"ucejam-lexpertise-judiciaire-cest-de-lhumain","status":"publish","type":"post","link":"https:\/\/www.europesays.com\/fr\/242108\/","title":{"rendered":"UCEJAM : \u00ab L\u2019expertise judiciaire, c\u2019est de l\u2019humain \u00bb"},"content":{"rendered":"<p>                    <img loading=\"lazy\" decoding=\"async\" src=\"https:\/\/www.europesays.com\/fr\/wp-content\/uploads\/2025\/07\/5b23bf498c92502d9c7897a1ba4bf0.jpg\" class=\"img-responsive post-image\" width=\"680\" height=\"510\" alt=\"UCEJAM : \u00ab L'expertise\" title=\"UCEJAM : \u00ab L'expertise judiciaire, c'est de l'humain \u00bb \"\/><\/p>\n<p class=\"chapo\">L\u2019Union des compagnies d\u2019experts judiciaires des Alpes-Maritimes et du Sud-Est c\u00e9l\u00e8bre ses trente ans. \u00c9changes sur son r\u00f4le avec trois anciens pr\u00e9sidents et l\u2019actuel, tr\u00e8s r\u00e9cemment \u00e9lu.<\/p>\n<p>\u00ab\u00a0L\u2019UCEJAM est n\u00e9e de la fusion de deux compagnies des Alpes-Maritimes qui s\u2019appelaient la CEJAM et l\u2019UJAM, en 1995. Les magistrats souhaitaient qu\u2019il n\u2019y ait qu\u2019une seule institution repr\u00e9sentant les experts dans le d\u00e9partement pour n\u2019avoir qu\u2019un seul interlocuteur\u00a0\u00bb, rappelle <strong>Antoine Graglia<\/strong>, premier pr\u00e9sident \u00e0 effectuer un mandat complet quelques mois apr\u00e8s la fusion. Ses priorit\u00e9s furent de \u00ab\u00a0\u00a0veiller \u00e0 la reconnaissance de la compagnie par les magistrats et par les avocats\u00a0\u00a0\u00bb et de pouvoir \u00ab\u00a0\u00a0mener \u00e0 bien l\u2019adh\u00e9sion de l\u2019UCEJAM \u00e0 l\u2019UCECAAP\u00a0\u00a0\u00bb (Union des compagnies d\u2019experts pr\u00e8s la Cour d\u2019appel d\u2019Aix-en-Provence, qui rassemble aujourd\u2019hui 15 compagnies, dont l\u2019UCEJAM, et 1 300 experts judiciaires au total). \u00ab\u00a0\u00a0L\u2019UCEJAM a toujours \u00e9t\u00e9 pr\u00e9curseur dans la formation.\u00a0Et petit \u00e0 petit, l\u2019UCEJAM a apport\u00e9 \u00e0 l\u2019UCECAAP tout son savoir-faire en mati\u00e8re de formation\u00a0\u00bb, ajoute Antoine Graglia. \u00ab\u00a0Ce que recherchent nos experts, c\u2019est de la formation proc\u00e9durale, qui va concerner toutes les disciplines, et \u00e9galement de la formation technique, par groupes professionnels. L\u2019UCECAAP a r\u00e9cup\u00e9r\u00e9 la formation proc\u00e9durale et l\u2019a am\u00e9lior\u00e9e, m\u00eame si l\u2019UCEJAM garde un socle proc\u00e9dural dans le cadre d\u2019un partenariat avec la facult\u00e9 de Droit, afin que ses experts soient form\u00e9s au mieux\u00a0\u00bb, compl\u00e8te <strong>Patricia Mannarini-Seurt,<\/strong> pr\u00e9sidente de 2022 \u00e0 2025, dont le successeur est <strong>Philippe Dardy<\/strong>, \u00e9lu le lundi 7 juillet.  \u00ab\u00a0On n\u2019est pas pr\u00e9sident tout seul\u00a0\u00bb, rel\u00e8ve ce dernier, architecte.<\/p>\n<p>\u00ab\u00a0Vers le haut\u00a0\u00bb<\/p>\n<p>\u00ab\u00a0\u00a0Il y a une \u00e9quipe, un bureau et un conseil d\u2019administration. Et les choses doivent \u00eatre discut\u00e9es ensemble pour arriver \u00e0 \u00eatre tous d\u2019accord. Dans la compagnie, nous avons des comptables, des psychologues, des professionnels de l\u2019immobilier, des architectes, des ing\u00e9nieurs&#8230; c\u2019est bien qu\u2019il y ait ce m\u00e9lange parce qu\u2019on n\u2019a pas la m\u00eame culture et l\u2019organisation n\u2019est pas la m\u00eame. Mais il y a des choses qui se rejoignent et c\u2019est ce qui doit amener l\u2019ensemble des experts vers le haut.\u00a0\u00bb Philippe Dardy explique \u00eatre devenu expert de justice pour \u00ab\u00a0aller chercher les causes de ce qui n\u2019allait pas  et pour pouvoir l\u2019expliquer aux autres\u00a0\u00a0\u00bb. \u00ab\u00a0C\u2019\u00e9tait dans le prolongement de toutes les missions techniques au j\u2019ai pu avoir\u00a0\u00a0\u00bb. Pour <strong>Fran\u00e7ois Talon,<\/strong> pr\u00e9sident de 2019 \u00e0 2022, \u00eatre expert de justice \u00ab\u00a0c\u2019est rendre service \u00e0 la communaut\u00e9 dans laquelle on travaille, dans laquelle on vit. C\u2019est un service que l\u2019on rend aux citoyens. Et quand on entre dans une organisation, cela fait partie de l\u2019engagement que d\u2019accepter un r\u00f4le de secr\u00e9taire, de tr\u00e9sorier ou de pr\u00e9sident\u00a0\u00a0\u00bb. \u00ab\u00a0\u00a0La notion d\u2019humain est tr\u00e8s importante pour moi\u00a0\u00a0\u00bb, confie Patricia Mannarini-Seurt. \u00ab\u00a0L\u2019expertise judiciaire c\u2019et de l\u2019humain. Se mettre au service de la justice dans un contexte litigieux, c\u2019est ce qui m\u2019int\u00e9ressait, tout comme l\u2019int\u00e9r\u00eat intellectuel des missions.\u00a0\u00bb En tant que pr\u00e9sidente, elle souhaitait rendre \u00e0 la compagnie ce qu\u2019elle lui avait apport\u00e9, d\u00e8s ses d\u00e9buts en tant qu\u2019expert, \u00ab\u00a0humainement, techniquement et professionnellement\u00a0\u00bb.<\/p>\n<p>Les anciens pr\u00e9sidents<\/p>\n<p>Antoine Graglia<br class=\"autobr\"\/><br \/>\nJean-Fran\u00e7ois Jacob<br class=\"autobr\"\/><br \/>\nPierre Colombani<br class=\"autobr\"\/><br \/>\nMarcel Guidi<br class=\"autobr\"\/><br \/>\nVal\u00e9rie De Blecker<br class=\"autobr\"\/><br \/>\nChristian Guyon<br class=\"autobr\"\/><br \/>\nFran\u00e7ois Talon<br class=\"autobr\"\/><br \/>\nPatricia Mannarini-Seurt<br class=\"autobr\"\/><br \/>\nPhilippe Dardy<\/p>\n<blockquote class=\"spip\"><p>Le nouveau bureau\u00a0de l\u2019UCEJAM<\/p>\n<p><b>\u2013<\/b>\u00a0Philippe Dardy, pr\u00e9sident<br \/>\n<br \/><b>\u2013<\/b>\u00a0Patricia Mannarini-Seurt, vice-pr\u00e9sidente<br \/>\n<br \/><b>\u2013<\/b>\u00a0Michel Valard, vice-pr\u00e9sident<br \/>\n<br \/><b>\u2013<\/b>\u00a0Chantal Abbou, secr\u00e9taire g\u00e9n\u00e9rale<br \/>\n<br \/><b>\u2013<\/b>\u00a0Emmanuelle Viano, tr\u00e9sori\u00e8re<\/p>\n<\/blockquote>\n<p>Lire aussi\u00a0: <a href=\"https:\/\/www.petitesaffiches.fr\/actualites,069\/droit,044\/ucecaap-la-formation-un,36326.html\" rel=\"nofollow noopener\" target=\"_blank\">UCECAAP\u00a0: La formation, un incontournable de la panoplie de l\u2019expert<\/a><\/p>\n","protected":false},"excerpt":{"rendered":"L\u2019Union des compagnies d\u2019experts judiciaires des Alpes-Maritimes et du Sud-Est c\u00e9l\u00e8bre ses trente ans. \u00c9changes sur son r\u00f4le&hellip;\n","protected":false},"author":2,"featured_media":242109,"comment_status":"","ping_status":"","sticky":false,"template":"","format":"standard","meta":{"footnotes":""},"categories":[2819],"tags":[1111,11,2408,1777,674,1011,27,12,2401,882,25],"class_list":{"0":"post-242108","1":"post","2":"type-post","3":"status-publish","4":"format-standard","5":"has-post-thumbnail","7":"category-nice","8":"tag-actu","9":"tag-actualites","10":"tag-appels-d","11":"tag-eu","12":"tag-europe","13":"tag-fr","14":"tag-france","15":"tag-news","16":"tag-nice","17":"tag-provence-alpes-cote-dazur","18":"tag-republique-francaise"},"share_on_mastodon":{"url":"https:\/\/pubeurope.com\/@fr\/114833849306444802","error":""},"_links":{"self":[{"href":"https:\/\/www.europesays.com\/fr\/wp-json\/wp\/v2\/posts\/242108","targetHints":{"allow":["GET"]}}],"collection":[{"href":"https:\/\/www.europesays.com\/fr\/wp-json\/wp\/v2\/posts"}],"about":[{"href":"https:\/\/www.europesays.com\/fr\/wp-json\/wp\/v2\/types\/post"}],"author":[{"embeddable":true,"href":"https:\/\/www.europesays.com\/fr\/wp-json\/wp\/v2\/users\/2"}],"replies":[{"embeddable":true,"href":"https:\/\/www.europesays.com\/fr\/wp-json\/wp\/v2\/comments?post=242108"}],"version-history":[{"count":0,"href":"https:\/\/www.europesays.com\/fr\/wp-json\/wp\/v2\/posts\/242108\/revisions"}],"wp:featuredmedia":[{"embeddable":true,"href":"https:\/\/www.europesays.com\/fr\/wp-json\/wp\/v2\/media\/242109"}],"wp:attachment":[{"href":"https:\/\/www.europesays.com\/fr\/wp-json\/wp\/v2\/media?parent=242108"}],"wp:term":[{"taxonomy":"category","embeddable":true,"href":"https:\/\/www.europesays.com\/fr\/wp-json\/wp\/v2\/categories?post=242108"},{"taxonomy":"post_tag","embeddable":true,"href":"https:\/\/www.europesays.com\/fr\/wp-json\/wp\/v2\/tags?post=242108"}],"curies":[{"name":"wp","href":"https:\/\/api.w.org\/{rel}","templated":true}]}}