{"id":242110,"date":"2025-07-11T09:17:10","date_gmt":"2025-07-11T09:17:10","guid":{"rendered":"https:\/\/www.europesays.com\/fr\/242110\/"},"modified":"2025-07-11T09:17:10","modified_gmt":"2025-07-11T09:17:10","slug":"le-prefet-saisit-le-tribunal-administratif-contre-larrete-illegal-destrosi","status":"publish","type":"post","link":"https:\/\/www.europesays.com\/fr\/242110\/","title":{"rendered":"le pr\u00e9fet saisit le tribunal administratif contre l\u2019arr\u00eat\u00e9 \u00abill\u00e9gal\u00bb d\u2019Estrosi"},"content":{"rendered":"<p>Le repr\u00e9sentant de l\u2019\u00c9tat annonce par ailleurs r\u00e9unir vendredi avec le pr\u00e9fet maritime une \u00abtable ronde sur la r\u00e9gulation des navires de croisi\u00e8re r\u00e9unissant l\u2019ensemble des acteurs concern\u00e9s\u00bb.<\/p>\n<p class=\"fig-paragraph\">Le pr\u00e9fet des Alpes-Maritimes a annonc\u00e9 jeudi soir saisir le tribunal administratif pour contester un arr\u00eat\u00e9 pris par\u00a0<a href=\"http:\/\/www.lefigaro.fr\/nice\/metropole-de-nice-estrosi-retire-les-delegations-a-deux-maires-en-raison-de-leur-participation-a-un-meeting-de-ciotti-20250305\" data-fig-type=\"NewsFlash\" data-gtm-custom-categorie=\"navigation\" data-gtm-custom-action=\"crossclick\" data-gtm-custom-label=\"Contextuel\" data-gtm-event=\"customEventSPE\" data-fig-domain=\"LEFIGARO\" rel=\"nofollow noopener\" target=\"_blank\">la M\u00e9tropole de Nice<\/a>\u00a0(Alpes-Maritimes) interdisant les escales des paquebots XXL, qu&rsquo;il juge \u00abill\u00e9gal\u00bb.<\/p>\n<p class=\"fig-paragraph\">Apr\u00e8s avoir assoupli une premi\u00e8re interdiction prise fin janvier,\u00a0<a href=\"http:\/\/www.lefigaro.fr\/medias\/mediapart-et-edwy-plenel-condamnes-a-nice-pour-diffamation-envers-christian-estrosi-20250704\" data-fig-type=\"NewsFlash\" data-gtm-custom-categorie=\"navigation\" data-gtm-custom-action=\"crossclick\" data-gtm-custom-label=\"Contextuel\" data-gtm-event=\"customEventSPE\" data-fig-domain=\"LEFIGARO\" rel=\"nofollow noopener\" target=\"_blank\">le maire de Nice<\/a>\u00a0et pr\u00e9sident de la m\u00e9tropole,\u00a0<a href=\"http:\/\/www.lefigaro.fr\/vox\/politique\/christian-estrosi-sans-nos-policiers-municipaux-la-delinquance-exploserait-20250708\" data-fig-type=\"Article\" data-gtm-custom-categorie=\"navigation\" data-gtm-custom-action=\"crossclick\" data-gtm-custom-label=\"Contextuel\" data-gtm-event=\"customEventSPE\" data-fig-domain=\"LEFIGARO\" rel=\"nofollow noopener\" target=\"_blank\">Christian Estrosi<\/a>, a pris mercredi un nouvel arr\u00eat\u00e9 interdisant les escales de paquebot de plus de 450 passagers \u00e0 Nice, et limitant le nombre de navires transportant plus de 2500 passagers \u00e0 Villefranche-sur-Mer \u00e0 65 par an et pas plus d&rsquo;un par jour. L\u2019\u00e9dile azur\u00e9en justifie cet arr\u00eat\u00e9 au nom de \u00abl&rsquo;urgence climatique, la protection de la biodiversit\u00e9 marine, la promotion d&rsquo;un tourisme raisonn\u00e9 et la protection du patrimoine\u00bb.<\/p>\n<p>                                    <a class=\"fig-a11y-skip a11y-hidden\" href=\"#fig-a11y-skip-main-inarticle\"><br \/>\n        Passer la publicit\u00e9<br \/>\n    <\/a><\/p>\n<p>\u00abPlusieurs ill\u00e9galit\u00e9s\u00bb<\/p>\n<p class=\"fig-paragraph\">Selon la M\u00e9tropole, cet arr\u00eat\u00e9, qui doit entrer en vigueur ce vendredi, affectera d&rsquo;ici la fin de l&rsquo;ann\u00e9e cinq escales pr\u00e9vues dans le port de Nice, et 15 en 2026 sur un total de 176 d\u00e9j\u00e0 r\u00e9serv\u00e9es. Concernant la gare maritime de Villefranche-sur-Mer, l&rsquo;arr\u00eat\u00e9 concerne d&rsquo;ici la fin de l&rsquo;ann\u00e9e 12 escales de navires d&rsquo;une capacit\u00e9 cumul\u00e9e de plus de 38.000 passagers, et pour 2026, 53 escales d&rsquo;une capacit\u00e9 totale cumul\u00e9e de plus de 200.000 passagers, sur un total de 131 escales d\u00e9j\u00e0 r\u00e9serv\u00e9es.<\/p>\n<p class=\"fig-paragraph\">Dans un communiqu\u00e9, le pr\u00e9fet\u00a0<a href=\"http:\/\/www.lefigaro.fr\/nice\/je-serai-un-prefet-impartial-dans-les-alpes-maritimes-laurent-hottiaux-vise-l-ordre-et-l-unite-20250520\" data-fig-type=\"NewsFlash\" data-gtm-custom-categorie=\"navigation\" data-gtm-custom-action=\"crossclick\" data-gtm-custom-label=\"Contextuel\" data-gtm-event=\"customEventSPE\" data-fig-domain=\"LEFIGARO\" rel=\"nofollow noopener\" target=\"_blank\">Laurent Hottiaux<\/a>\u00a0dit avoir \u00abd\u00e9cid\u00e9 de saisir le tribunal administratif de Nice pour obtenir la suspension et l&rsquo;annulation de cet arr\u00eat\u00e9 au motif qu&rsquo;il est entach\u00e9 de plusieurs ill\u00e9galit\u00e9s et de nature \u00e0 compromettre l&rsquo;exercice d&rsquo;une libert\u00e9 publique ou individuelle\u00bb. Le repr\u00e9sentant de l\u2019\u00c9tat annonce par ailleurs r\u00e9unir vendredi avec le pr\u00e9fet maritime une \u00abtable ronde sur la r\u00e9gulation des navires de croisi\u00e8re r\u00e9unissant l&rsquo;ensemble des acteurs concern\u00e9s\u00bb.<\/p>\n<p class=\"fig-paragraph\">En janvier,\u00a0<a href=\"http:\/\/www.lefigaro.fr\/nice\/interdiction-des-croisieres-pres-de-nice-face-a-la-grogne-des-commercants-estrosi-evoque-des-indemnisations-20250204\" data-fig-type=\"NewsFlash\" data-gtm-custom-categorie=\"navigation\" data-gtm-custom-action=\"crossclick\" data-gtm-custom-label=\"Contextuel\" data-gtm-event=\"customEventSPE\" data-fig-domain=\"LEFIGARO\" rel=\"nofollow noopener\" target=\"_blank\">l&rsquo;annonce du maire de Nice<\/a>, interdisant les escales de navires de plus de 900 passagers en rade de Villefranche-sur-Mer, avait provoqu\u00e9 la \u00abstup\u00e9faction\u00bb de l&rsquo;association internationale des compagnies de croisi\u00e8res (CLIA) mais aussi un toll\u00e9 parmi les \u00e9lus des communes de la rade, les professionnels de la mer, les commer\u00e7ants ou les taxis. Apr\u00e8s Nice,\u00a0<a href=\"http:\/\/www.lefigaro.fr\/conjoncture\/apres-nice-au-tour-de-cannes-de-limiter-le-nombre-de-paquebots-geants-dans-sa-baie-20250629\" data-fig-type=\"NewsFlash\" data-gtm-custom-categorie=\"navigation\" data-gtm-custom-action=\"crossclick\" data-gtm-custom-label=\"Contextuel\" data-gtm-event=\"customEventSPE\" data-fig-domain=\"LEFIGARO\" rel=\"nofollow noopener\" target=\"_blank\">la ville de Cannes<\/a>\u00a0a elle aussi d\u00e9cid\u00e9 de limiter \u00e0 partir de 2026 les paquebots g\u00e9ants dans sa baie en n&rsquo;autorisant qu&rsquo;un seul navire de plus de 3000 passagers \u00e0 y mouiller chaque jour.<\/p>\n","protected":false},"excerpt":{"rendered":"Le repr\u00e9sentant de l\u2019\u00c9tat annonce par ailleurs r\u00e9unir vendredi avec le pr\u00e9fet maritime une \u00abtable ronde sur la&hellip;\n","protected":false},"author":2,"featured_media":242111,"comment_status":"","ping_status":"","sticky":false,"template":"","format":"standard","meta":{"footnotes":""},"categories":[2819],"tags":[1111,11,2397,2380,436,1777,674,1011,27,12,2401,6822,882,25],"class_list":{"0":"post-242110","1":"post","2":"type-post","3":"status-publish","4":"format-standard","5":"has-post-thumbnail","7":"category-nice","8":"tag-actu","9":"tag-actualites","10":"tag-christian-estrosi","11":"tag-croisiere","12":"tag-environnement","13":"tag-eu","14":"tag-europe","15":"tag-fr","16":"tag-france","17":"tag-news","18":"tag-nice","19":"tag-prefets","20":"tag-provence-alpes-cote-dazur","21":"tag-republique-francaise"},"share_on_mastodon":{"url":"https:\/\/pubeurope.com\/@fr\/114833853172546526","error":""},"_links":{"self":[{"href":"https:\/\/www.europesays.com\/fr\/wp-json\/wp\/v2\/posts\/242110","targetHints":{"allow":["GET"]}}],"collection":[{"href":"https:\/\/www.europesays.com\/fr\/wp-json\/wp\/v2\/posts"}],"about":[{"href":"https:\/\/www.europesays.com\/fr\/wp-json\/wp\/v2\/types\/post"}],"author":[{"embeddable":true,"href":"https:\/\/www.europesays.com\/fr\/wp-json\/wp\/v2\/users\/2"}],"replies":[{"embeddable":true,"href":"https:\/\/www.europesays.com\/fr\/wp-json\/wp\/v2\/comments?post=242110"}],"version-history":[{"count":0,"href":"https:\/\/www.europesays.com\/fr\/wp-json\/wp\/v2\/posts\/242110\/revisions"}],"wp:featuredmedia":[{"embeddable":true,"href":"https:\/\/www.europesays.com\/fr\/wp-json\/wp\/v2\/media\/242111"}],"wp:attachment":[{"href":"https:\/\/www.europesays.com\/fr\/wp-json\/wp\/v2\/media?parent=242110"}],"wp:term":[{"taxonomy":"category","embeddable":true,"href":"https:\/\/www.europesays.com\/fr\/wp-json\/wp\/v2\/categories?post=242110"},{"taxonomy":"post_tag","embeddable":true,"href":"https:\/\/www.europesays.com\/fr\/wp-json\/wp\/v2\/tags?post=242110"}],"curies":[{"name":"wp","href":"https:\/\/api.w.org\/{rel}","templated":true}]}}